{"id":13314,"date":"2023-06-24T09:10:02","date_gmt":"2023-06-24T09:10:02","guid":{"rendered":"https:\/\/www.stjb-delasalle.fr\/site\/?p=13314"},"modified":"2023-06-24T09:14:06","modified_gmt":"2023-06-24T09:14:06","slug":"autour-du-paysage","status":"publish","type":"post","link":"https:\/\/www.stjb-delasalle.fr\/site\/2023\/06\/24\/autour-du-paysage\/","title":{"rendered":"Expo \u00ab\u00a0Autour du paysage\u00a0\u00bb"},"content":{"rendered":"<p>Nous avons accueilli du 27 mars au 24 avril 2023, une exposition de photographies pr\u00eat\u00e9es par le Conseil d\u00e9partemental de la Sarthe. Trois photographes, Flora BEVILACQUA, Fr\u00e9d\u00e9rick CARNET, Romain GIBIER, regroup\u00e9s <span style=\"font-size: 16px; -webkit-text-size-adjust: 100%;\">au sein d\u2019une exposition <\/span><span style=\"font-size: 16px; -webkit-text-size-adjust: 100%;\"> \u00ab <em><strong>Autour du paysage<\/strong><\/em> \u00bb, dans des styles, formats, propos vari\u00e9s\u2026<\/span><\/p>\n<p><img fetchpriority=\"high\" decoding=\"async\" class=\"alignnone wp-image-13323 size-large\" src=\"https:\/\/www.stjb-delasalle.fr\/site\/wp-content\/uploads\/2023\/06\/IMG_7770-709x1024.jpeg\" alt=\"\" width=\"709\" height=\"1024\" srcset=\"https:\/\/www.stjb-delasalle.fr\/site\/wp-content\/uploads\/2023\/06\/IMG_7770-709x1024.jpeg 709w, https:\/\/www.stjb-delasalle.fr\/site\/wp-content\/uploads\/2023\/06\/IMG_7770-208x300.jpeg 208w, https:\/\/www.stjb-delasalle.fr\/site\/wp-content\/uploads\/2023\/06\/IMG_7770-768x1109.jpeg 768w, https:\/\/www.stjb-delasalle.fr\/site\/wp-content\/uploads\/2023\/06\/IMG_7770-1064x1536.jpeg 1064w, https:\/\/www.stjb-delasalle.fr\/site\/wp-content\/uploads\/2023\/06\/IMG_7770.jpeg 1330w\" sizes=\"(max-width: 709px) 100vw, 709px\" \/><\/p>\n<p><img decoding=\"async\" class=\"alignnone wp-image-13316 size-large\" src=\"https:\/\/www.stjb-delasalle.fr\/site\/wp-content\/uploads\/2023\/06\/IMG_4544-1024x768.jpeg\" alt=\"\" width=\"1024\" height=\"768\" srcset=\"https:\/\/www.stjb-delasalle.fr\/site\/wp-content\/uploads\/2023\/06\/IMG_4544-1024x768.jpeg 1024w, https:\/\/www.stjb-delasalle.fr\/site\/wp-content\/uploads\/2023\/06\/IMG_4544-300x225.jpeg 300w, https:\/\/www.stjb-delasalle.fr\/site\/wp-content\/uploads\/2023\/06\/IMG_4544-768x576.jpeg 768w, https:\/\/www.stjb-delasalle.fr\/site\/wp-content\/uploads\/2023\/06\/IMG_4544-1536x1152.jpeg 1536w, https:\/\/www.stjb-delasalle.fr\/site\/wp-content\/uploads\/2023\/06\/IMG_4544.jpeg 1920w\" sizes=\"(max-width: 1024px) 100vw, 1024px\" \/><br \/>\n<img decoding=\"async\" class=\"alignnone wp-image-13317 size-large\" src=\"https:\/\/www.stjb-delasalle.fr\/site\/wp-content\/uploads\/2023\/06\/IMG_4543-1024x768.jpeg\" alt=\"\" width=\"1024\" height=\"768\" srcset=\"https:\/\/www.stjb-delasalle.fr\/site\/wp-content\/uploads\/2023\/06\/IMG_4543-1024x768.jpeg 1024w, https:\/\/www.stjb-delasalle.fr\/site\/wp-content\/uploads\/2023\/06\/IMG_4543-300x225.jpeg 300w, https:\/\/www.stjb-delasalle.fr\/site\/wp-content\/uploads\/2023\/06\/IMG_4543-768x576.jpeg 768w, https:\/\/www.stjb-delasalle.fr\/site\/wp-content\/uploads\/2023\/06\/IMG_4543-1536x1152.jpeg 1536w, https:\/\/www.stjb-delasalle.fr\/site\/wp-content\/uploads\/2023\/06\/IMG_4543.jpeg 1920w\" sizes=\"(max-width: 1024px) 100vw, 1024px\" \/><img loading=\"lazy\" decoding=\"async\" class=\"alignnone wp-image-13318 size-large\" src=\"https:\/\/www.stjb-delasalle.fr\/site\/wp-content\/uploads\/2023\/06\/IMG_7772-726x1024.jpeg\" alt=\"\" width=\"726\" height=\"1024\" srcset=\"https:\/\/www.stjb-delasalle.fr\/site\/wp-content\/uploads\/2023\/06\/IMG_7772-726x1024.jpeg 726w, https:\/\/www.stjb-delasalle.fr\/site\/wp-content\/uploads\/2023\/06\/IMG_7772-213x300.jpeg 213w, https:\/\/www.stjb-delasalle.fr\/site\/wp-content\/uploads\/2023\/06\/IMG_7772-768x1083.jpeg 768w, https:\/\/www.stjb-delasalle.fr\/site\/wp-content\/uploads\/2023\/06\/IMG_7772-1089x1536.jpeg 1089w, https:\/\/www.stjb-delasalle.fr\/site\/wp-content\/uploads\/2023\/06\/IMG_7772.jpeg 1361w\" sizes=\"(max-width: 726px) 100vw, 726px\" \/><img loading=\"lazy\" decoding=\"async\" class=\"alignnone wp-image-13319 size-large\" src=\"https:\/\/www.stjb-delasalle.fr\/site\/wp-content\/uploads\/2023\/06\/IMG_7774-1024x772.jpeg\" alt=\"\" width=\"1024\" height=\"772\" srcset=\"https:\/\/www.stjb-delasalle.fr\/site\/wp-content\/uploads\/2023\/06\/IMG_7774-1024x772.jpeg 1024w, https:\/\/www.stjb-delasalle.fr\/site\/wp-content\/uploads\/2023\/06\/IMG_7774-300x226.jpeg 300w, https:\/\/www.stjb-delasalle.fr\/site\/wp-content\/uploads\/2023\/06\/IMG_7774-768x579.jpeg 768w, https:\/\/www.stjb-delasalle.fr\/site\/wp-content\/uploads\/2023\/06\/IMG_7774-1536x1158.jpeg 1536w, https:\/\/www.stjb-delasalle.fr\/site\/wp-content\/uploads\/2023\/06\/IMG_7774.jpeg 1920w\" sizes=\"(max-width: 1024px) 100vw, 1024px\" \/><img loading=\"lazy\" decoding=\"async\" class=\"alignnone wp-image-13322 size-large\" src=\"https:\/\/www.stjb-delasalle.fr\/site\/wp-content\/uploads\/2023\/06\/IMG_5346-1024x768.jpeg\" alt=\"\" width=\"1024\" height=\"768\" srcset=\"https:\/\/www.stjb-delasalle.fr\/site\/wp-content\/uploads\/2023\/06\/IMG_5346-1024x768.jpeg 1024w, https:\/\/www.stjb-delasalle.fr\/site\/wp-content\/uploads\/2023\/06\/IMG_5346-300x225.jpeg 300w, https:\/\/www.stjb-delasalle.fr\/site\/wp-content\/uploads\/2023\/06\/IMG_5346-768x576.jpeg 768w, https:\/\/www.stjb-delasalle.fr\/site\/wp-content\/uploads\/2023\/06\/IMG_5346-1536x1152.jpeg 1536w, https:\/\/www.stjb-delasalle.fr\/site\/wp-content\/uploads\/2023\/06\/IMG_5346.jpeg 1920w\" sizes=\"(max-width: 1024px) 100vw, 1024px\" \/><\/p>\n<p><span style=\"font-size: 16px; -webkit-text-size-adjust: 100%;\">De quoi proposer un panel de paysages photographi\u00e9s \u00e0 nos \u00e9l\u00e8ves, cette expo a \u00e9t\u00e9 accompagn\u00e9e d\u2019un travail de prises de vues par les \u00e9l\u00e8ves du dispositif Ulis et de certaines classes de 6e, \u00e0 la recherche des lignes (horizontales, verticales) de notre paysage quotidien\u2026le coll\u00e8ge ! Quelques exemples :<\/span><\/p>\n<p><img loading=\"lazy\" decoding=\"async\" class=\"alignnone size-medium wp-image-13325\" src=\"https:\/\/www.stjb-delasalle.fr\/site\/wp-content\/uploads\/2023\/06\/IMG_0349-300x225.jpg\" alt=\"\" width=\"300\" height=\"225\" srcset=\"https:\/\/www.stjb-delasalle.fr\/site\/wp-content\/uploads\/2023\/06\/IMG_0349-300x225.jpg 300w, https:\/\/www.stjb-delasalle.fr\/site\/wp-content\/uploads\/2023\/06\/IMG_0349-1024x768.jpg 1024w, https:\/\/www.stjb-delasalle.fr\/site\/wp-content\/uploads\/2023\/06\/IMG_0349-768x576.jpg 768w, https:\/\/www.stjb-delasalle.fr\/site\/wp-content\/uploads\/2023\/06\/IMG_0349-1536x1152.jpg 1536w, https:\/\/www.stjb-delasalle.fr\/site\/wp-content\/uploads\/2023\/06\/IMG_0349.jpg 1920w\" sizes=\"(max-width: 300px) 100vw, 300px\" \/> <img loading=\"lazy\" decoding=\"async\" class=\"alignnone size-medium wp-image-13326\" src=\"https:\/\/www.stjb-delasalle.fr\/site\/wp-content\/uploads\/2023\/06\/IMG_0348-300x225.jpg\" alt=\"\" width=\"300\" height=\"225\" srcset=\"https:\/\/www.stjb-delasalle.fr\/site\/wp-content\/uploads\/2023\/06\/IMG_0348-300x225.jpg 300w, https:\/\/www.stjb-delasalle.fr\/site\/wp-content\/uploads\/2023\/06\/IMG_0348-1024x768.jpg 1024w, https:\/\/www.stjb-delasalle.fr\/site\/wp-content\/uploads\/2023\/06\/IMG_0348-768x576.jpg 768w, https:\/\/www.stjb-delasalle.fr\/site\/wp-content\/uploads\/2023\/06\/IMG_0348-1536x1152.jpg 1536w, https:\/\/www.stjb-delasalle.fr\/site\/wp-content\/uploads\/2023\/06\/IMG_0348.jpg 1920w\" sizes=\"(max-width: 300px) 100vw, 300px\" \/> <img loading=\"lazy\" decoding=\"async\" class=\"alignnone size-medium wp-image-13327\" src=\"https:\/\/www.stjb-delasalle.fr\/site\/wp-content\/uploads\/2023\/06\/IMG_0347-300x225.jpg\" alt=\"\" width=\"300\" height=\"225\" srcset=\"https:\/\/www.stjb-delasalle.fr\/site\/wp-content\/uploads\/2023\/06\/IMG_0347-300x225.jpg 300w, https:\/\/www.stjb-delasalle.fr\/site\/wp-content\/uploads\/2023\/06\/IMG_0347-1024x768.jpg 1024w, https:\/\/www.stjb-delasalle.fr\/site\/wp-content\/uploads\/2023\/06\/IMG_0347-768x576.jpg 768w, https:\/\/www.stjb-delasalle.fr\/site\/wp-content\/uploads\/2023\/06\/IMG_0347-1536x1152.jpg 1536w, https:\/\/www.stjb-delasalle.fr\/site\/wp-content\/uploads\/2023\/06\/IMG_0347.jpg 1920w\" sizes=\"(max-width: 300px) 100vw, 300px\" \/> <img loading=\"lazy\" decoding=\"async\" class=\"alignnone size-medium wp-image-13328\" src=\"https:\/\/www.stjb-delasalle.fr\/site\/wp-content\/uploads\/2023\/06\/IMG_0346-300x225.jpg\" alt=\"\" width=\"300\" height=\"225\" srcset=\"https:\/\/www.stjb-delasalle.fr\/site\/wp-content\/uploads\/2023\/06\/IMG_0346-300x225.jpg 300w, https:\/\/www.stjb-delasalle.fr\/site\/wp-content\/uploads\/2023\/06\/IMG_0346-1024x768.jpg 1024w, https:\/\/www.stjb-delasalle.fr\/site\/wp-content\/uploads\/2023\/06\/IMG_0346-768x576.jpg 768w, https:\/\/www.stjb-delasalle.fr\/site\/wp-content\/uploads\/2023\/06\/IMG_0346-1536x1152.jpg 1536w, https:\/\/www.stjb-delasalle.fr\/site\/wp-content\/uploads\/2023\/06\/IMG_0346.jpg 1920w\" sizes=\"(max-width: 300px) 100vw, 300px\" \/>\u00a0<img loading=\"lazy\" decoding=\"async\" class=\"alignnone wp-image-13330 size-large\" src=\"https:\/\/www.stjb-delasalle.fr\/site\/wp-content\/uploads\/2023\/06\/IMG_0343-339x1024.jpeg\" alt=\"\" width=\"339\" height=\"1024\" srcset=\"https:\/\/www.stjb-delasalle.fr\/site\/wp-content\/uploads\/2023\/06\/IMG_0343-339x1024.jpeg 339w, https:\/\/www.stjb-delasalle.fr\/site\/wp-content\/uploads\/2023\/06\/IMG_0343-99x300.jpeg 99w, https:\/\/www.stjb-delasalle.fr\/site\/wp-content\/uploads\/2023\/06\/IMG_0343.jpeg 452w\" sizes=\"(max-width: 339px) 100vw, 339px\" \/> <img loading=\"lazy\" decoding=\"async\" class=\"alignnone wp-image-13331 size-large\" src=\"https:\/\/www.stjb-delasalle.fr\/site\/wp-content\/uploads\/2023\/06\/IMG_0342-454x1024.jpeg\" alt=\"\" width=\"454\" height=\"1024\" srcset=\"https:\/\/www.stjb-delasalle.fr\/site\/wp-content\/uploads\/2023\/06\/IMG_0342-454x1024.jpeg 454w, https:\/\/www.stjb-delasalle.fr\/site\/wp-content\/uploads\/2023\/06\/IMG_0342-133x300.jpeg 133w, https:\/\/www.stjb-delasalle.fr\/site\/wp-content\/uploads\/2023\/06\/IMG_0342.jpeg 559w\" sizes=\"(max-width: 454px) 100vw, 454px\" \/> <img loading=\"lazy\" decoding=\"async\" class=\"alignnone wp-image-13332 size-large\" src=\"https:\/\/www.stjb-delasalle.fr\/site\/wp-content\/uploads\/2023\/06\/IMG_0341-469x1024.jpeg\" alt=\"\" width=\"469\" height=\"1024\" srcset=\"https:\/\/www.stjb-delasalle.fr\/site\/wp-content\/uploads\/2023\/06\/IMG_0341-469x1024.jpeg 469w, https:\/\/www.stjb-delasalle.fr\/site\/wp-content\/uploads\/2023\/06\/IMG_0341-137x300.jpeg 137w, https:\/\/www.stjb-delasalle.fr\/site\/wp-content\/uploads\/2023\/06\/IMG_0341.jpeg 629w\" sizes=\"(max-width: 469px) 100vw, 469px\" \/> <img loading=\"lazy\" decoding=\"async\" class=\"alignnone wp-image-13333 size-large\" src=\"https:\/\/www.stjb-delasalle.fr\/site\/wp-content\/uploads\/2023\/06\/IMG_0340-488x1024.jpeg\" alt=\"\" width=\"488\" height=\"1024\" srcset=\"https:\/\/www.stjb-delasalle.fr\/site\/wp-content\/uploads\/2023\/06\/IMG_0340-488x1024.jpeg 488w, https:\/\/www.stjb-delasalle.fr\/site\/wp-content\/uploads\/2023\/06\/IMG_0340-143x300.jpeg 143w, https:\/\/www.stjb-delasalle.fr\/site\/wp-content\/uploads\/2023\/06\/IMG_0340.jpeg 619w\" sizes=\"(max-width: 488px) 100vw, 488px\" \/><\/p>\n<p>&nbsp;<\/p>\n","protected":false},"excerpt":{"rendered":"<p>Nous avons accueilli du 27 mars au 24 avril 2023, une exposition de photographies pr\u00eat\u00e9es par le Conseil d\u00e9partemental de la Sarthe. Trois photographes, Flora BEVILACQUA, Fr\u00e9d\u00e9rick CARNET, Romain GIBIER, regroup\u00e9s au sein d\u2019une exposition \u00ab Autour du paysage \u00bb, dans des styles, formats, propos vari\u00e9s\u2026 De quoi proposer un panel de paysages photographi\u00e9s \u00e0 [&hellip;]<\/p>\n","protected":false},"author":3,"featured_media":13336,"comment_status":"open","ping_status":"open","sticky":false,"template":"","format":"standard","meta":{"site-sidebar-layout":"default","site-content-layout":"default","ast-site-content-layout":"default","site-content-style":"default","site-sidebar-style":"default","ast-global-header-display":"","ast-banner-title-visibility":"","ast-main-header-display":"","ast-hfb-above-header-display":"","ast-hfb-below-header-display":"","ast-hfb-mobile-header-display":"","site-post-title":"","ast-breadcrumbs-content":"","ast-featured-img":"","footer-sml-layout":"","ast-disable-related-posts":"","theme-transparent-header-meta":"default","adv-header-id-meta":"","stick-header-meta":"","header-above-stick-meta":"","header-main-stick-meta":"","header-below-stick-meta":"","astra-migrate-meta-layouts":"default","ast-page-background-enabled":"default","ast-page-background-meta":{"desktop":{"background-color":"var(--ast-global-color-4)","background-image":"","background-repeat":"repeat","background-position":"center center","background-size":"auto","background-attachment":"scroll","background-type":"","background-media":"","overlay-type":"","overlay-color":"","overlay-opacity":"","overlay-gradient":""},"tablet":{"background-color":"","background-image":"","background-repeat":"repeat","background-position":"center center","background-size":"auto","background-attachment":"scroll","background-type":"","background-media":"","overlay-type":"","overlay-color":"","overlay-opacity":"","overlay-gradient":""},"mobile":{"background-color":"","background-image":"","background-repeat":"repeat","background-position":"center center","background-size":"auto","background-attachment":"scroll","background-type":"","background-media":"","overlay-type":"","overlay-color":"","overlay-opacity":"","overlay-gradient":""}},"ast-content-background-meta":{"desktop":{"background-color":"var(--ast-global-color-5)","background-image":"","background-repeat":"repeat","background-position":"center center","background-size":"auto","background-attachment":"scroll","background-type":"","background-media":"","overlay-type":"","overlay-color":"","overlay-opacity":"","overlay-gradient":""},"tablet":{"background-color":"var(--ast-global-color-5)","background-image":"","background-repeat":"repeat","background-position":"center center","background-size":"auto","background-attachment":"scroll","background-type":"","background-media":"","overlay-type":"","overlay-color":"","overlay-opacity":"","overlay-gradient":""},"mobile":{"background-color":"var(--ast-global-color-5)","background-image":"","background-repeat":"repeat","background-position":"center center","background-size":"auto","background-attachment":"scroll","background-type":"","background-media":"","overlay-type":"","overlay-color":"","overlay-opacity":"","overlay-gradient":""}},"footnotes":""},"categories":[60,59,57,64,6,62],"tags":[],"class_list":["post-13314","post","type-post","status-publish","format-standard","has-post-thumbnail","hentry","category-activites-3e","category-activites-4e","category-activites-6e","category-arts-plastiques-2022-2023","category-college","category-galerie-2022-2023"],"yoast_head":"<!-- This site is optimized with the Yoast SEO plugin v27.5 - https:\/\/yoast.com\/product\/yoast-seo-wordpress\/ -->\n<title>Expo \u00ab\u00a0Autour du paysage\u00a0\u00bb - Coll\u00e8ge Saint Jean Baptiste de La Salle<\/title>\n<meta name=\"robots\" content=\"index, follow, max-snippet:-1, max-image-preview:large, max-video-preview:-1\" \/>\n<link rel=\"canonical\" href=\"https:\/\/www.stjb-delasalle.fr\/site\/2023\/06\/24\/autour-du-paysage\/\" \/>\n<meta property=\"og:locale\" content=\"fr_FR\" \/>\n<meta property=\"og:type\" content=\"article\" \/>\n<meta property=\"og:title\" content=\"Expo \u00ab\u00a0Autour du paysage\u00a0\u00bb - Coll\u00e8ge Saint Jean Baptiste de La Salle\" \/>\n<meta property=\"og:description\" content=\"Nous avons accueilli du 27 mars au 24 avril 2023, une exposition de photographies pr\u00eat\u00e9es par le Conseil d\u00e9partemental de la Sarthe. Trois photographes, Flora BEVILACQUA, Fr\u00e9d\u00e9rick CARNET, Romain GIBIER, regroup\u00e9s au sein d\u2019une exposition \u00ab Autour du paysage \u00bb, dans des styles, formats, propos vari\u00e9s\u2026 De quoi proposer un panel de paysages photographi\u00e9s \u00e0 [&hellip;]\" \/>\n<meta property=\"og:url\" content=\"https:\/\/www.stjb-delasalle.fr\/site\/2023\/06\/24\/autour-du-paysage\/\" \/>\n<meta property=\"og:site_name\" content=\"Coll\u00e8ge Saint Jean Baptiste de La Salle\" \/>\n<meta property=\"article:published_time\" content=\"2023-06-24T09:10:02+00:00\" \/>\n<meta property=\"article:modified_time\" content=\"2023-06-24T09:14:06+00:00\" \/>\n<meta property=\"og:image\" content=\"https:\/\/www.stjb-delasalle.fr\/site\/wp-content\/uploads\/2023\/06\/IMG_7770-1.jpeg\" \/>\n\t<meta property=\"og:image:width\" content=\"1401\" \/>\n\t<meta property=\"og:image:height\" content=\"969\" \/>\n\t<meta property=\"og:image:type\" content=\"image\/jpeg\" \/>\n<meta name=\"author\" content=\"s.couret\" \/>\n<meta name=\"twitter:card\" content=\"summary_large_image\" \/>\n<meta name=\"twitter:label1\" content=\"\u00c9crit par\" \/>\n\t<meta name=\"twitter:data1\" content=\"s.couret\" \/>\n\t<meta name=\"twitter:label2\" content=\"Dur\u00e9e de lecture estim\u00e9e\" \/>\n\t<meta name=\"twitter:data2\" content=\"1 minute\" \/>\n<script type=\"application\/ld+json\" class=\"yoast-schema-graph\">{\"@context\":\"https:\\\/\\\/schema.org\",\"@graph\":[{\"@type\":\"Article\",\"@id\":\"https:\\\/\\\/www.stjb-delasalle.fr\\\/site\\\/2023\\\/06\\\/24\\\/autour-du-paysage\\\/#article\",\"isPartOf\":{\"@id\":\"https:\\\/\\\/www.stjb-delasalle.fr\\\/site\\\/2023\\\/06\\\/24\\\/autour-du-paysage\\\/\"},\"author\":{\"name\":\"s.couret\",\"@id\":\"https:\\\/\\\/www.stjb-delasalle.fr\\\/site\\\/#\\\/schema\\\/person\\\/29e031eae2fbe58aca689f9074d3616a\"},\"headline\":\"Expo \u00ab\u00a0Autour du paysage\u00a0\u00bb\",\"datePublished\":\"2023-06-24T09:10:02+00:00\",\"dateModified\":\"2023-06-24T09:14:06+00:00\",\"mainEntityOfPage\":{\"@id\":\"https:\\\/\\\/www.stjb-delasalle.fr\\\/site\\\/2023\\\/06\\\/24\\\/autour-du-paysage\\\/\"},\"wordCount\":107,\"commentCount\":0,\"publisher\":{\"@id\":\"https:\\\/\\\/www.stjb-delasalle.fr\\\/site\\\/#organization\"},\"image\":{\"@id\":\"https:\\\/\\\/www.stjb-delasalle.fr\\\/site\\\/2023\\\/06\\\/24\\\/autour-du-paysage\\\/#primaryimage\"},\"thumbnailUrl\":\"https:\\\/\\\/www.stjb-delasalle.fr\\\/site\\\/wp-content\\\/uploads\\\/2023\\\/06\\\/IMG_7770-1.jpeg\",\"articleSection\":[\"Activit\u00e9s 3e\",\"Activit\u00e9s 4e\",\"Activit\u00e9s 6e\",\"Arts plastiques 2022-2023\",\"Coll\u00e8ge\",\"Galerie 2022-2023\"],\"inLanguage\":\"fr-FR\",\"potentialAction\":[{\"@type\":\"CommentAction\",\"name\":\"Comment\",\"target\":[\"https:\\\/\\\/www.stjb-delasalle.fr\\\/site\\\/2023\\\/06\\\/24\\\/autour-du-paysage\\\/#respond\"]}]},{\"@type\":\"WebPage\",\"@id\":\"https:\\\/\\\/www.stjb-delasalle.fr\\\/site\\\/2023\\\/06\\\/24\\\/autour-du-paysage\\\/\",\"url\":\"https:\\\/\\\/www.stjb-delasalle.fr\\\/site\\\/2023\\\/06\\\/24\\\/autour-du-paysage\\\/\",\"name\":\"Expo \u00ab\u00a0Autour du paysage\u00a0\u00bb - Coll\u00e8ge Saint Jean Baptiste de La Salle\",\"isPartOf\":{\"@id\":\"https:\\\/\\\/www.stjb-delasalle.fr\\\/site\\\/#website\"},\"primaryImageOfPage\":{\"@id\":\"https:\\\/\\\/www.stjb-delasalle.fr\\\/site\\\/2023\\\/06\\\/24\\\/autour-du-paysage\\\/#primaryimage\"},\"image\":{\"@id\":\"https:\\\/\\\/www.stjb-delasalle.fr\\\/site\\\/2023\\\/06\\\/24\\\/autour-du-paysage\\\/#primaryimage\"},\"thumbnailUrl\":\"https:\\\/\\\/www.stjb-delasalle.fr\\\/site\\\/wp-content\\\/uploads\\\/2023\\\/06\\\/IMG_7770-1.jpeg\",\"datePublished\":\"2023-06-24T09:10:02+00:00\",\"dateModified\":\"2023-06-24T09:14:06+00:00\",\"breadcrumb\":{\"@id\":\"https:\\\/\\\/www.stjb-delasalle.fr\\\/site\\\/2023\\\/06\\\/24\\\/autour-du-paysage\\\/#breadcrumb\"},\"inLanguage\":\"fr-FR\",\"potentialAction\":[{\"@type\":\"ReadAction\",\"target\":[\"https:\\\/\\\/www.stjb-delasalle.fr\\\/site\\\/2023\\\/06\\\/24\\\/autour-du-paysage\\\/\"]}]},{\"@type\":\"ImageObject\",\"inLanguage\":\"fr-FR\",\"@id\":\"https:\\\/\\\/www.stjb-delasalle.fr\\\/site\\\/2023\\\/06\\\/24\\\/autour-du-paysage\\\/#primaryimage\",\"url\":\"https:\\\/\\\/www.stjb-delasalle.fr\\\/site\\\/wp-content\\\/uploads\\\/2023\\\/06\\\/IMG_7770-1.jpeg\",\"contentUrl\":\"https:\\\/\\\/www.stjb-delasalle.fr\\\/site\\\/wp-content\\\/uploads\\\/2023\\\/06\\\/IMG_7770-1.jpeg\",\"width\":1401,\"height\":969},{\"@type\":\"BreadcrumbList\",\"@id\":\"https:\\\/\\\/www.stjb-delasalle.fr\\\/site\\\/2023\\\/06\\\/24\\\/autour-du-paysage\\\/#breadcrumb\",\"itemListElement\":[{\"@type\":\"ListItem\",\"position\":1,\"name\":\"Accueil\",\"item\":\"https:\\\/\\\/www.stjb-delasalle.fr\\\/site\\\/\"},{\"@type\":\"ListItem\",\"position\":2,\"name\":\"Expo \u00ab\u00a0Autour du paysage\u00a0\u00bb\"}]},{\"@type\":\"WebSite\",\"@id\":\"https:\\\/\\\/www.stjb-delasalle.fr\\\/site\\\/#website\",\"url\":\"https:\\\/\\\/www.stjb-delasalle.fr\\\/site\\\/\",\"name\":\"Coll\u00e8ge Saint Jean Baptiste de La Salle\",\"description\":\"Notre coll\u00e8ge vous accueille sur le site du Rancher \u00e0 Teloch\u00e9\",\"publisher\":{\"@id\":\"https:\\\/\\\/www.stjb-delasalle.fr\\\/site\\\/#organization\"},\"potentialAction\":[{\"@type\":\"SearchAction\",\"target\":{\"@type\":\"EntryPoint\",\"urlTemplate\":\"https:\\\/\\\/www.stjb-delasalle.fr\\\/site\\\/?s={search_term_string}\"},\"query-input\":{\"@type\":\"PropertyValueSpecification\",\"valueRequired\":true,\"valueName\":\"search_term_string\"}}],\"inLanguage\":\"fr-FR\"},{\"@type\":\"Organization\",\"@id\":\"https:\\\/\\\/www.stjb-delasalle.fr\\\/site\\\/#organization\",\"name\":\"Coll\u00e8ge Saint Jean Baptiste de La Salle\",\"url\":\"https:\\\/\\\/www.stjb-delasalle.fr\\\/site\\\/\",\"logo\":{\"@type\":\"ImageObject\",\"inLanguage\":\"fr-FR\",\"@id\":\"https:\\\/\\\/www.stjb-delasalle.fr\\\/site\\\/#\\\/schema\\\/logo\\\/image\\\/\",\"url\":\"https:\\\/\\\/www.stjb-delasalle.fr\\\/site\\\/wp-content\\\/uploads\\\/2021\\\/11\\\/logostjb_petit_transp.png\",\"contentUrl\":\"https:\\\/\\\/www.stjb-delasalle.fr\\\/site\\\/wp-content\\\/uploads\\\/2021\\\/11\\\/logostjb_petit_transp.png\",\"width\":180,\"height\":127,\"caption\":\"Coll\u00e8ge Saint Jean Baptiste de La Salle\"},\"image\":{\"@id\":\"https:\\\/\\\/www.stjb-delasalle.fr\\\/site\\\/#\\\/schema\\\/logo\\\/image\\\/\"}},{\"@type\":\"Person\",\"@id\":\"https:\\\/\\\/www.stjb-delasalle.fr\\\/site\\\/#\\\/schema\\\/person\\\/29e031eae2fbe58aca689f9074d3616a\",\"name\":\"s.couret\",\"image\":{\"@type\":\"ImageObject\",\"inLanguage\":\"fr-FR\",\"@id\":\"https:\\\/\\\/secure.gravatar.com\\\/avatar\\\/83474c4b01f4d5df531ba9e1ae59f6610ffe9a3c76657f973718ba9fff166522?s=96&d=mm&r=g\",\"url\":\"https:\\\/\\\/secure.gravatar.com\\\/avatar\\\/83474c4b01f4d5df531ba9e1ae59f6610ffe9a3c76657f973718ba9fff166522?s=96&d=mm&r=g\",\"contentUrl\":\"https:\\\/\\\/secure.gravatar.com\\\/avatar\\\/83474c4b01f4d5df531ba9e1ae59f6610ffe9a3c76657f973718ba9fff166522?s=96&d=mm&r=g\",\"caption\":\"s.couret\"},\"url\":\"https:\\\/\\\/www.stjb-delasalle.fr\\\/site\\\/author\\\/s-couret\\\/\"}]}<\/script>\n<!-- \/ Yoast SEO plugin. -->","yoast_head_json":{"title":"Expo \u00ab\u00a0Autour du paysage\u00a0\u00bb - Coll\u00e8ge Saint Jean Baptiste de La Salle","robots":{"index":"index","follow":"follow","max-snippet":"max-snippet:-1","max-image-preview":"max-image-preview:large","max-video-preview":"max-video-preview:-1"},"canonical":"https:\/\/www.stjb-delasalle.fr\/site\/2023\/06\/24\/autour-du-paysage\/","og_locale":"fr_FR","og_type":"article","og_title":"Expo \u00ab\u00a0Autour du paysage\u00a0\u00bb - Coll\u00e8ge Saint Jean Baptiste de La Salle","og_description":"Nous avons accueilli du 27 mars au 24 avril 2023, une exposition de photographies pr\u00eat\u00e9es par le Conseil d\u00e9partemental de la Sarthe. Trois photographes, Flora BEVILACQUA, Fr\u00e9d\u00e9rick CARNET, Romain GIBIER, regroup\u00e9s au sein d\u2019une exposition \u00ab Autour du paysage \u00bb, dans des styles, formats, propos vari\u00e9s\u2026 De quoi proposer un panel de paysages photographi\u00e9s \u00e0 [&hellip;]","og_url":"https:\/\/www.stjb-delasalle.fr\/site\/2023\/06\/24\/autour-du-paysage\/","og_site_name":"Coll\u00e8ge Saint Jean Baptiste de La Salle","article_published_time":"2023-06-24T09:10:02+00:00","article_modified_time":"2023-06-24T09:14:06+00:00","og_image":[{"width":1401,"height":969,"url":"https:\/\/www.stjb-delasalle.fr\/site\/wp-content\/uploads\/2023\/06\/IMG_7770-1.jpeg","type":"image\/jpeg"}],"author":"s.couret","twitter_card":"summary_large_image","twitter_misc":{"\u00c9crit par":"s.couret","Dur\u00e9e de lecture estim\u00e9e":"1 minute"},"schema":{"@context":"https:\/\/schema.org","@graph":[{"@type":"Article","@id":"https:\/\/www.stjb-delasalle.fr\/site\/2023\/06\/24\/autour-du-paysage\/#article","isPartOf":{"@id":"https:\/\/www.stjb-delasalle.fr\/site\/2023\/06\/24\/autour-du-paysage\/"},"author":{"name":"s.couret","@id":"https:\/\/www.stjb-delasalle.fr\/site\/#\/schema\/person\/29e031eae2fbe58aca689f9074d3616a"},"headline":"Expo \u00ab\u00a0Autour du paysage\u00a0\u00bb","datePublished":"2023-06-24T09:10:02+00:00","dateModified":"2023-06-24T09:14:06+00:00","mainEntityOfPage":{"@id":"https:\/\/www.stjb-delasalle.fr\/site\/2023\/06\/24\/autour-du-paysage\/"},"wordCount":107,"commentCount":0,"publisher":{"@id":"https:\/\/www.stjb-delasalle.fr\/site\/#organization"},"image":{"@id":"https:\/\/www.stjb-delasalle.fr\/site\/2023\/06\/24\/autour-du-paysage\/#primaryimage"},"thumbnailUrl":"https:\/\/www.stjb-delasalle.fr\/site\/wp-content\/uploads\/2023\/06\/IMG_7770-1.jpeg","articleSection":["Activit\u00e9s 3e","Activit\u00e9s 4e","Activit\u00e9s 6e","Arts plastiques 2022-2023","Coll\u00e8ge","Galerie 2022-2023"],"inLanguage":"fr-FR","potentialAction":[{"@type":"CommentAction","name":"Comment","target":["https:\/\/www.stjb-delasalle.fr\/site\/2023\/06\/24\/autour-du-paysage\/#respond"]}]},{"@type":"WebPage","@id":"https:\/\/www.stjb-delasalle.fr\/site\/2023\/06\/24\/autour-du-paysage\/","url":"https:\/\/www.stjb-delasalle.fr\/site\/2023\/06\/24\/autour-du-paysage\/","name":"Expo \u00ab\u00a0Autour du paysage\u00a0\u00bb - Coll\u00e8ge Saint Jean Baptiste de La Salle","isPartOf":{"@id":"https:\/\/www.stjb-delasalle.fr\/site\/#website"},"primaryImageOfPage":{"@id":"https:\/\/www.stjb-delasalle.fr\/site\/2023\/06\/24\/autour-du-paysage\/#primaryimage"},"image":{"@id":"https:\/\/www.stjb-delasalle.fr\/site\/2023\/06\/24\/autour-du-paysage\/#primaryimage"},"thumbnailUrl":"https:\/\/www.stjb-delasalle.fr\/site\/wp-content\/uploads\/2023\/06\/IMG_7770-1.jpeg","datePublished":"2023-06-24T09:10:02+00:00","dateModified":"2023-06-24T09:14:06+00:00","breadcrumb":{"@id":"https:\/\/www.stjb-delasalle.fr\/site\/2023\/06\/24\/autour-du-paysage\/#breadcrumb"},"inLanguage":"fr-FR","potentialAction":[{"@type":"ReadAction","target":["https:\/\/www.stjb-delasalle.fr\/site\/2023\/06\/24\/autour-du-paysage\/"]}]},{"@type":"ImageObject","inLanguage":"fr-FR","@id":"https:\/\/www.stjb-delasalle.fr\/site\/2023\/06\/24\/autour-du-paysage\/#primaryimage","url":"https:\/\/www.stjb-delasalle.fr\/site\/wp-content\/uploads\/2023\/06\/IMG_7770-1.jpeg","contentUrl":"https:\/\/www.stjb-delasalle.fr\/site\/wp-content\/uploads\/2023\/06\/IMG_7770-1.jpeg","width":1401,"height":969},{"@type":"BreadcrumbList","@id":"https:\/\/www.stjb-delasalle.fr\/site\/2023\/06\/24\/autour-du-paysage\/#breadcrumb","itemListElement":[{"@type":"ListItem","position":1,"name":"Accueil","item":"https:\/\/www.stjb-delasalle.fr\/site\/"},{"@type":"ListItem","position":2,"name":"Expo \u00ab\u00a0Autour du paysage\u00a0\u00bb"}]},{"@type":"WebSite","@id":"https:\/\/www.stjb-delasalle.fr\/site\/#website","url":"https:\/\/www.stjb-delasalle.fr\/site\/","name":"Coll\u00e8ge Saint Jean Baptiste de La Salle","description":"Notre coll\u00e8ge vous accueille sur le site du Rancher \u00e0 Teloch\u00e9","publisher":{"@id":"https:\/\/www.stjb-delasalle.fr\/site\/#organization"},"potentialAction":[{"@type":"SearchAction","target":{"@type":"EntryPoint","urlTemplate":"https:\/\/www.stjb-delasalle.fr\/site\/?s={search_term_string}"},"query-input":{"@type":"PropertyValueSpecification","valueRequired":true,"valueName":"search_term_string"}}],"inLanguage":"fr-FR"},{"@type":"Organization","@id":"https:\/\/www.stjb-delasalle.fr\/site\/#organization","name":"Coll\u00e8ge Saint Jean Baptiste de La Salle","url":"https:\/\/www.stjb-delasalle.fr\/site\/","logo":{"@type":"ImageObject","inLanguage":"fr-FR","@id":"https:\/\/www.stjb-delasalle.fr\/site\/#\/schema\/logo\/image\/","url":"https:\/\/www.stjb-delasalle.fr\/site\/wp-content\/uploads\/2021\/11\/logostjb_petit_transp.png","contentUrl":"https:\/\/www.stjb-delasalle.fr\/site\/wp-content\/uploads\/2021\/11\/logostjb_petit_transp.png","width":180,"height":127,"caption":"Coll\u00e8ge Saint Jean Baptiste de La Salle"},"image":{"@id":"https:\/\/www.stjb-delasalle.fr\/site\/#\/schema\/logo\/image\/"}},{"@type":"Person","@id":"https:\/\/www.stjb-delasalle.fr\/site\/#\/schema\/person\/29e031eae2fbe58aca689f9074d3616a","name":"s.couret","image":{"@type":"ImageObject","inLanguage":"fr-FR","@id":"https:\/\/secure.gravatar.com\/avatar\/83474c4b01f4d5df531ba9e1ae59f6610ffe9a3c76657f973718ba9fff166522?s=96&d=mm&r=g","url":"https:\/\/secure.gravatar.com\/avatar\/83474c4b01f4d5df531ba9e1ae59f6610ffe9a3c76657f973718ba9fff166522?s=96&d=mm&r=g","contentUrl":"https:\/\/secure.gravatar.com\/avatar\/83474c4b01f4d5df531ba9e1ae59f6610ffe9a3c76657f973718ba9fff166522?s=96&d=mm&r=g","caption":"s.couret"},"url":"https:\/\/www.stjb-delasalle.fr\/site\/author\/s-couret\/"}]}},"_links":{"self":[{"href":"https:\/\/www.stjb-delasalle.fr\/site\/wp-json\/wp\/v2\/posts\/13314","targetHints":{"allow":["GET"]}}],"collection":[{"href":"https:\/\/www.stjb-delasalle.fr\/site\/wp-json\/wp\/v2\/posts"}],"about":[{"href":"https:\/\/www.stjb-delasalle.fr\/site\/wp-json\/wp\/v2\/types\/post"}],"author":[{"embeddable":true,"href":"https:\/\/www.stjb-delasalle.fr\/site\/wp-json\/wp\/v2\/users\/3"}],"replies":[{"embeddable":true,"href":"https:\/\/www.stjb-delasalle.fr\/site\/wp-json\/wp\/v2\/comments?post=13314"}],"version-history":[{"count":5,"href":"https:\/\/www.stjb-delasalle.fr\/site\/wp-json\/wp\/v2\/posts\/13314\/revisions"}],"predecessor-version":[{"id":13338,"href":"https:\/\/www.stjb-delasalle.fr\/site\/wp-json\/wp\/v2\/posts\/13314\/revisions\/13338"}],"wp:featuredmedia":[{"embeddable":true,"href":"https:\/\/www.stjb-delasalle.fr\/site\/wp-json\/wp\/v2\/media\/13336"}],"wp:attachment":[{"href":"https:\/\/www.stjb-delasalle.fr\/site\/wp-json\/wp\/v2\/media?parent=13314"}],"wp:term":[{"taxonomy":"category","embeddable":true,"href":"https:\/\/www.stjb-delasalle.fr\/site\/wp-json\/wp\/v2\/categories?post=13314"},{"taxonomy":"post_tag","embeddable":true,"href":"https:\/\/www.stjb-delasalle.fr\/site\/wp-json\/wp\/v2\/tags?post=13314"}],"curies":[{"name":"wp","href":"https:\/\/api.w.org\/{rel}","templated":true}]}}