{"id":1323,"date":"2018-03-16T12:25:06","date_gmt":"2018-03-16T11:25:06","guid":{"rendered":"http:\/\/www.stjb-delasalle.fr\/?p=1323"},"modified":"2018-03-16T12:25:06","modified_gmt":"2018-03-16T11:25:06","slug":"un-photographe-26-collegiens-15-residents-dun-ehpad","status":"publish","type":"post","link":"https:\/\/www.stjb-delasalle.fr\/site\/2018\/03\/16\/un-photographe-26-collegiens-15-residents-dun-ehpad\/","title":{"rendered":"Un photographe, 26 coll\u00e9giens, 15 r\u00e9sidents d&rsquo;un Ehpad"},"content":{"rendered":"<p><strong>Le coll\u00e8ge Saint-Jean Baptiste de La Salle de Teloch\u00e9 (72)<\/strong> a \u00e9t\u00e9 s\u00e9lectionn\u00e9 pour participer \u00e0 un<br \/>\nprojet initi\u00e9 par le Conseil d\u00e9partemental de la Sarthe<em> \u00ab\u00a0Photographie au coll\u00e8ge\u00a0\u00bb<\/em>, proposant la<br \/>\nr\u00e9sidence de photographes au sein de coll\u00e8ges. Ce projet met en place des enjeux artistiques,<br \/>\ncitoyens et p\u00e9dagogiques. Plus qu\u2019une simple transmission de savoirs, cette d\u00e9marche vise \u00e0<br \/>\naccompagner la d\u00e9couverte de la photographie par les jeunes en m\u00ealant observation, plaisir de la<br \/>\ncr\u00e9ation artistique et \u00e9ducation \u00e0 l\u2019image.<\/p>\n<p>Un groupe de vingt-six \u00e9l\u00e8ves volontaires de 3\u00e8mes, participe \u00e0 cette exp\u00e9rience in\u00e9dite de pratique<br \/>\nphotographique, le dispositif permet \u00e0 un photographe sarthois de renom, <strong>Georges Pacheco<\/strong>,<br \/>\nd&rsquo;intervenir aupr\u00e8s des \u00e9l\u00e8ves sur une p\u00e9riode de trois mois, \u00e0 raison d&rsquo;une dizaine de rencontres, le<br \/>\nprojet \u00e9tant \u00e9tay\u00e9 par le pr\u00eat d&rsquo;appareils photo reflex num\u00e9riques.<\/p>\n<p>Ces dix rencontres auront permis aux \u00e9l\u00e8ves d&rsquo;aborder la photographie de mani\u00e8re concr\u00e8te, en<br \/>\npassant des deux c\u00f4t\u00e9s de l&rsquo;objectif, de mod\u00e8le \u00e0 photographe, en travaillant la posture, le cadrage,<br \/>\nle d\u00e9cor&#8230;Les s\u00e9ances sont \u00e9galement encadr\u00e9es par <strong>Carole Lepinay<\/strong>, du service patrimoine du<br \/>\nConseil d\u00e9partemental et <strong>St\u00e9phanie Couret<\/strong>, enseignante d&rsquo;arts plastiques au sein du coll\u00e8ge de<br \/>\n<strong>Teloch\u00e9<\/strong>.<\/p>\n<p>Ce projet s&rsquo;articule autour du th\u00e8me du <strong>PORTRAIT<\/strong> et est constitu\u00e9 de deux s\u00e9ries de photographies,<br \/>\nla premi\u00e8re ayant pour sujet les coll\u00e8giens, photographi\u00e9s par eux-m\u00eames, la seconde s\u00e9rie a pour<br \/>\nsujet la rencontre de deux g\u00e9n\u00e9rations, les r\u00e9sidents d&rsquo;un EHPAD pris en photo par de jeunes gens<br \/>\nde 13\/14 ans. Ce projet de rencontre interg\u00e9n\u00e9rationnelle autour de la photographie nous a \u00e9t\u00e9<br \/>\npropos\u00e9 par <strong>Marie Ba<\/strong>, \u00e9tudiante en validation de son BPJEPS animation sociale, au sein de l&rsquo;Ehpad<br \/>\n<strong>Korian Art\u00e9mis de Chang\u00e9 (72).<\/strong> Ces deux projets se sont rencontr\u00e9s et s&rsquo;enrichissent mutuellement<br \/>\ndans leurs objectifs communs : le regard sur l&rsquo;autre, l&rsquo;\u00e9change, la rencontre \u00e0 travers le m\u00e9dium<br \/>\nphotographique. Ces deux projets donneront lieu \u00e0 des expositions, dont la premi\u00e8re aura lieu dans<br \/>\n<strong>le hall d&rsquo;entr\u00e9e de l&rsquo;Ehpad du 19 au 25 mars 2018.<\/strong><\/p>\n<p><strong>Les acteurs du projet :<\/strong><br \/>\n<strong>Les coll\u00e9giens :<\/strong> Emillien Balland, Zo\u00e9line Bordeau, Ya\u00ebl Mor\u00e9-Chollet, Justine Picquet, Cl\u00e9mence<br \/>\nBaeskens, Eglantine Chevillard, Antoine Fraysse, Nolan Gustave, Le\u00eflou Hennegrave, Flavien<br \/>\nHoudayer L\u00e9o Houdus, Yasmine Landreau, Eloann Le Roux , Adrien Paris, Benjamin Renou,<br \/>\nSoline V\u00e9rit\u00e9, Gabin V\u00e9rit\u00e9, Elyna Bellanger, Hugo Dih\u00e9, Elise Gorget, Adrien Jamin, Julian<br \/>\nLaunay, Maxime Lenoir, Cl\u00e9mence Nouveau, Lorena Schoonyans, Justine Trouv\u00e9.<\/p>\n<p><strong>Les r\u00e9sidents de l&rsquo;ehpad<\/strong> : Genevi\u00e8ve Foulard, Colette Gaignard, Annie Buon, Marie-Dolores<br \/>\nSantos, Andr\u00e9 Brossard, Ginette Brossard, Georgette Dreyer, Marcel Humbert, Simone Lochet,<br \/>\nMadeleine Papin, Monique et Marcel Gentil, Marcelline Louis, Jeanne Martinez, Rolande Wasselin<\/p>\n<p><em>Ehpad: \u00c9tablissement d&rsquo;h\u00e9bergement pour personnes \u00e2g\u00e9es d\u00e9pendantes<\/em><\/p>\n<p><span style=\"color: #c82a59;\"><strong>Trois articles parus dans Le Maine Libre &amp; l&rsquo;Ouest France autour de ce projet:<\/strong><\/span><\/p>\n<p><a href=\"http:\/\/www.stjb-delasalle.fr\/wp-content\/uploads\/2017\/08\/img6.jpg\"><img fetchpriority=\"high\" decoding=\"async\" class=\"wp-image-1297 size-full aligncenter\" src=\"http:\/\/www.stjb-delasalle.fr\/wp-content\/uploads\/2017\/08\/img6.jpg\" alt=\"\" width=\"495\" height=\"867\" \/><\/a><a href=\"http:\/\/www.stjb-delasalle.fr\/wp-content\/uploads\/2017\/08\/13-03-2018-AINES-amp-CLICH\u00c9S.jpg\"><img decoding=\"async\" class=\"wp-image-1320 size-full aligncenter\" src=\"http:\/\/www.stjb-delasalle.fr\/wp-content\/uploads\/2017\/08\/13-03-2018-AINES-amp-CLICH\u00c9S.jpg\" alt=\"\" width=\"800\" height=\"572\" \/><\/a><a href=\"http:\/\/www.stjb-delasalle.fr\/wp-content\/uploads\/2018\/03\/PROJETS-AUTOUR-DE-LA-PHOTO.jpg\"><img decoding=\"async\" class=\"aligncenter wp-image-1335 size-full\" src=\"http:\/\/www.stjb-delasalle.fr\/wp-content\/uploads\/2018\/03\/PROJETS-AUTOUR-DE-LA-PHOTO.jpg\" alt=\"\" width=\"766\" height=\"597\" \/><\/a><\/p>\n","protected":false},"excerpt":{"rendered":"<p>Le coll\u00e8ge Saint-Jean Baptiste de La Salle de Teloch\u00e9 (72) a \u00e9t\u00e9 s\u00e9lectionn\u00e9 pour participer \u00e0 un projet initi\u00e9 par le Conseil d\u00e9partemental de la Sarthe \u00ab\u00a0Photographie au coll\u00e8ge\u00a0\u00bb, proposant la r\u00e9sidence de photographes au sein de coll\u00e8ges. Ce projet met en place des enjeux artistiques, citoyens et p\u00e9dagogiques. Plus qu\u2019une simple transmission de savoirs, [&hellip;]<\/p>\n","protected":false},"author":1,"featured_media":1325,"comment_status":"closed","ping_status":"closed","sticky":false,"template":"","format":"standard","meta":{"site-sidebar-layout":"default","site-content-layout":"","ast-site-content-layout":"default","site-content-style":"default","site-sidebar-style":"default","ast-global-header-display":"","ast-banner-title-visibility":"","ast-main-header-display":"","ast-hfb-above-header-display":"","ast-hfb-below-header-display":"","ast-hfb-mobile-header-display":"","site-post-title":"","ast-breadcrumbs-content":"","ast-featured-img":"","footer-sml-layout":"","ast-disable-related-posts":"","theme-transparent-header-meta":"","adv-header-id-meta":"","stick-header-meta":"","header-above-stick-meta":"","header-main-stick-meta":"","header-below-stick-meta":"","astra-migrate-meta-layouts":"default","ast-page-background-enabled":"default","ast-page-background-meta":{"desktop":{"background-color":"var(--ast-global-color-4)","background-image":"","background-repeat":"repeat","background-position":"center center","background-size":"auto","background-attachment":"scroll","background-type":"","background-media":"","overlay-type":"","overlay-color":"","overlay-opacity":"","overlay-gradient":""},"tablet":{"background-color":"","background-image":"","background-repeat":"repeat","background-position":"center center","background-size":"auto","background-attachment":"scroll","background-type":"","background-media":"","overlay-type":"","overlay-color":"","overlay-opacity":"","overlay-gradient":""},"mobile":{"background-color":"","background-image":"","background-repeat":"repeat","background-position":"center center","background-size":"auto","background-attachment":"scroll","background-type":"","background-media":"","overlay-type":"","overlay-color":"","overlay-opacity":"","overlay-gradient":""}},"ast-content-background-meta":{"desktop":{"background-color":"var(--ast-global-color-5)","background-image":"","background-repeat":"repeat","background-position":"center center","background-size":"auto","background-attachment":"scroll","background-type":"","background-media":"","overlay-type":"","overlay-color":"","overlay-opacity":"","overlay-gradient":""},"tablet":{"background-color":"var(--ast-global-color-5)","background-image":"","background-repeat":"repeat","background-position":"center center","background-size":"auto","background-attachment":"scroll","background-type":"","background-media":"","overlay-type":"","overlay-color":"","overlay-opacity":"","overlay-gradient":""},"mobile":{"background-color":"var(--ast-global-color-5)","background-image":"","background-repeat":"repeat","background-position":"center center","background-size":"auto","background-attachment":"scroll","background-type":"","background-media":"","overlay-type":"","overlay-color":"","overlay-opacity":"","overlay-gradient":""}},"footnotes":""},"categories":[6],"tags":[],"class_list":["post-1323","post","type-post","status-publish","format-standard","has-post-thumbnail","hentry","category-college"],"yoast_head":"<!-- This site is optimized with the Yoast SEO plugin v27.5 - https:\/\/yoast.com\/product\/yoast-seo-wordpress\/ -->\n<title>Un photographe, 26 coll\u00e9giens, 15 r\u00e9sidents d&#039;un Ehpad - Coll\u00e8ge Saint Jean Baptiste de La Salle<\/title>\n<meta name=\"robots\" content=\"index, follow, max-snippet:-1, max-image-preview:large, max-video-preview:-1\" \/>\n<link rel=\"canonical\" href=\"https:\/\/www.stjb-delasalle.fr\/site\/2018\/03\/16\/un-photographe-26-collegiens-15-residents-dun-ehpad\/\" \/>\n<meta property=\"og:locale\" content=\"fr_FR\" \/>\n<meta property=\"og:type\" content=\"article\" \/>\n<meta property=\"og:title\" content=\"Un photographe, 26 coll\u00e9giens, 15 r\u00e9sidents d&#039;un Ehpad - Coll\u00e8ge Saint Jean Baptiste de La Salle\" \/>\n<meta property=\"og:description\" content=\"Le coll\u00e8ge Saint-Jean Baptiste de La Salle de Teloch\u00e9 (72) a \u00e9t\u00e9 s\u00e9lectionn\u00e9 pour participer \u00e0 un projet initi\u00e9 par le Conseil d\u00e9partemental de la Sarthe \u00ab\u00a0Photographie au coll\u00e8ge\u00a0\u00bb, proposant la r\u00e9sidence de photographes au sein de coll\u00e8ges. Ce projet met en place des enjeux artistiques, citoyens et p\u00e9dagogiques. Plus qu\u2019une simple transmission de savoirs, [&hellip;]\" \/>\n<meta property=\"og:url\" content=\"https:\/\/www.stjb-delasalle.fr\/site\/2018\/03\/16\/un-photographe-26-collegiens-15-residents-dun-ehpad\/\" \/>\n<meta property=\"og:site_name\" content=\"Coll\u00e8ge Saint Jean Baptiste de La Salle\" \/>\n<meta property=\"article:published_time\" content=\"2018-03-16T11:25:06+00:00\" \/>\n<meta name=\"author\" content=\"r.zucchetti\" \/>\n<meta name=\"twitter:card\" content=\"summary_large_image\" \/>\n<meta name=\"twitter:label1\" content=\"\u00c9crit par\" \/>\n\t<meta name=\"twitter:data1\" content=\"r.zucchetti\" \/>\n\t<meta name=\"twitter:label2\" content=\"Dur\u00e9e de lecture estim\u00e9e\" \/>\n\t<meta name=\"twitter:data2\" content=\"2 minutes\" \/>\n<script type=\"application\/ld+json\" class=\"yoast-schema-graph\">{\"@context\":\"https:\\\/\\\/schema.org\",\"@graph\":[{\"@type\":\"Article\",\"@id\":\"https:\\\/\\\/www.stjb-delasalle.fr\\\/site\\\/2018\\\/03\\\/16\\\/un-photographe-26-collegiens-15-residents-dun-ehpad\\\/#article\",\"isPartOf\":{\"@id\":\"https:\\\/\\\/www.stjb-delasalle.fr\\\/site\\\/2018\\\/03\\\/16\\\/un-photographe-26-collegiens-15-residents-dun-ehpad\\\/\"},\"author\":{\"name\":\"r.zucchetti\",\"@id\":\"https:\\\/\\\/www.stjb-delasalle.fr\\\/site\\\/#\\\/schema\\\/person\\\/36988a7b4178dd69b805a25eea2b8f8f\"},\"headline\":\"Un photographe, 26 coll\u00e9giens, 15 r\u00e9sidents d&rsquo;un Ehpad\",\"datePublished\":\"2018-03-16T11:25:06+00:00\",\"mainEntityOfPage\":{\"@id\":\"https:\\\/\\\/www.stjb-delasalle.fr\\\/site\\\/2018\\\/03\\\/16\\\/un-photographe-26-collegiens-15-residents-dun-ehpad\\\/\"},\"wordCount\":499,\"publisher\":{\"@id\":\"https:\\\/\\\/www.stjb-delasalle.fr\\\/site\\\/#organization\"},\"image\":{\"@id\":\"https:\\\/\\\/www.stjb-delasalle.fr\\\/site\\\/2018\\\/03\\\/16\\\/un-photographe-26-collegiens-15-residents-dun-ehpad\\\/#primaryimage\"},\"thumbnailUrl\":\"\",\"articleSection\":[\"Coll\u00e8ge\"],\"inLanguage\":\"fr-FR\"},{\"@type\":\"WebPage\",\"@id\":\"https:\\\/\\\/www.stjb-delasalle.fr\\\/site\\\/2018\\\/03\\\/16\\\/un-photographe-26-collegiens-15-residents-dun-ehpad\\\/\",\"url\":\"https:\\\/\\\/www.stjb-delasalle.fr\\\/site\\\/2018\\\/03\\\/16\\\/un-photographe-26-collegiens-15-residents-dun-ehpad\\\/\",\"name\":\"Un photographe, 26 coll\u00e9giens, 15 r\u00e9sidents d'un Ehpad - Coll\u00e8ge Saint Jean Baptiste de La Salle\",\"isPartOf\":{\"@id\":\"https:\\\/\\\/www.stjb-delasalle.fr\\\/site\\\/#website\"},\"primaryImageOfPage\":{\"@id\":\"https:\\\/\\\/www.stjb-delasalle.fr\\\/site\\\/2018\\\/03\\\/16\\\/un-photographe-26-collegiens-15-residents-dun-ehpad\\\/#primaryimage\"},\"image\":{\"@id\":\"https:\\\/\\\/www.stjb-delasalle.fr\\\/site\\\/2018\\\/03\\\/16\\\/un-photographe-26-collegiens-15-residents-dun-ehpad\\\/#primaryimage\"},\"thumbnailUrl\":\"\",\"datePublished\":\"2018-03-16T11:25:06+00:00\",\"breadcrumb\":{\"@id\":\"https:\\\/\\\/www.stjb-delasalle.fr\\\/site\\\/2018\\\/03\\\/16\\\/un-photographe-26-collegiens-15-residents-dun-ehpad\\\/#breadcrumb\"},\"inLanguage\":\"fr-FR\",\"potentialAction\":[{\"@type\":\"ReadAction\",\"target\":[\"https:\\\/\\\/www.stjb-delasalle.fr\\\/site\\\/2018\\\/03\\\/16\\\/un-photographe-26-collegiens-15-residents-dun-ehpad\\\/\"]}]},{\"@type\":\"ImageObject\",\"inLanguage\":\"fr-FR\",\"@id\":\"https:\\\/\\\/www.stjb-delasalle.fr\\\/site\\\/2018\\\/03\\\/16\\\/un-photographe-26-collegiens-15-residents-dun-ehpad\\\/#primaryimage\",\"url\":\"\",\"contentUrl\":\"\"},{\"@type\":\"BreadcrumbList\",\"@id\":\"https:\\\/\\\/www.stjb-delasalle.fr\\\/site\\\/2018\\\/03\\\/16\\\/un-photographe-26-collegiens-15-residents-dun-ehpad\\\/#breadcrumb\",\"itemListElement\":[{\"@type\":\"ListItem\",\"position\":1,\"name\":\"Accueil\",\"item\":\"https:\\\/\\\/www.stjb-delasalle.fr\\\/site\\\/\"},{\"@type\":\"ListItem\",\"position\":2,\"name\":\"Un photographe, 26 coll\u00e9giens, 15 r\u00e9sidents d&rsquo;un Ehpad\"}]},{\"@type\":\"WebSite\",\"@id\":\"https:\\\/\\\/www.stjb-delasalle.fr\\\/site\\\/#website\",\"url\":\"https:\\\/\\\/www.stjb-delasalle.fr\\\/site\\\/\",\"name\":\"Coll\u00e8ge Saint Jean Baptiste de La Salle\",\"description\":\"Notre coll\u00e8ge vous accueille sur le site du Rancher \u00e0 Teloch\u00e9\",\"publisher\":{\"@id\":\"https:\\\/\\\/www.stjb-delasalle.fr\\\/site\\\/#organization\"},\"potentialAction\":[{\"@type\":\"SearchAction\",\"target\":{\"@type\":\"EntryPoint\",\"urlTemplate\":\"https:\\\/\\\/www.stjb-delasalle.fr\\\/site\\\/?s={search_term_string}\"},\"query-input\":{\"@type\":\"PropertyValueSpecification\",\"valueRequired\":true,\"valueName\":\"search_term_string\"}}],\"inLanguage\":\"fr-FR\"},{\"@type\":\"Organization\",\"@id\":\"https:\\\/\\\/www.stjb-delasalle.fr\\\/site\\\/#organization\",\"name\":\"Coll\u00e8ge Saint Jean Baptiste de La Salle\",\"url\":\"https:\\\/\\\/www.stjb-delasalle.fr\\\/site\\\/\",\"logo\":{\"@type\":\"ImageObject\",\"inLanguage\":\"fr-FR\",\"@id\":\"https:\\\/\\\/www.stjb-delasalle.fr\\\/site\\\/#\\\/schema\\\/logo\\\/image\\\/\",\"url\":\"https:\\\/\\\/www.stjb-delasalle.fr\\\/site\\\/wp-content\\\/uploads\\\/2021\\\/11\\\/logostjb_petit_transp.png\",\"contentUrl\":\"https:\\\/\\\/www.stjb-delasalle.fr\\\/site\\\/wp-content\\\/uploads\\\/2021\\\/11\\\/logostjb_petit_transp.png\",\"width\":180,\"height\":127,\"caption\":\"Coll\u00e8ge Saint Jean Baptiste de La Salle\"},\"image\":{\"@id\":\"https:\\\/\\\/www.stjb-delasalle.fr\\\/site\\\/#\\\/schema\\\/logo\\\/image\\\/\"}},{\"@type\":\"Person\",\"@id\":\"https:\\\/\\\/www.stjb-delasalle.fr\\\/site\\\/#\\\/schema\\\/person\\\/36988a7b4178dd69b805a25eea2b8f8f\",\"name\":\"r.zucchetti\",\"image\":{\"@type\":\"ImageObject\",\"inLanguage\":\"fr-FR\",\"@id\":\"https:\\\/\\\/secure.gravatar.com\\\/avatar\\\/de909cd474d221f967baff6582e1e559c4977b81139138190583ff7dda97b212?s=96&d=mm&r=g\",\"url\":\"https:\\\/\\\/secure.gravatar.com\\\/avatar\\\/de909cd474d221f967baff6582e1e559c4977b81139138190583ff7dda97b212?s=96&d=mm&r=g\",\"contentUrl\":\"https:\\\/\\\/secure.gravatar.com\\\/avatar\\\/de909cd474d221f967baff6582e1e559c4977b81139138190583ff7dda97b212?s=96&d=mm&r=g\",\"caption\":\"r.zucchetti\"},\"sameAs\":[\"https:\\\/\\\/www.stjb-delasalle.fr\\\/site\"],\"url\":\"https:\\\/\\\/www.stjb-delasalle.fr\\\/site\\\/author\\\/r-zucchetti\\\/\"}]}<\/script>\n<!-- \/ Yoast SEO plugin. -->","yoast_head_json":{"title":"Un photographe, 26 coll\u00e9giens, 15 r\u00e9sidents d'un Ehpad - Coll\u00e8ge Saint Jean Baptiste de La Salle","robots":{"index":"index","follow":"follow","max-snippet":"max-snippet:-1","max-image-preview":"max-image-preview:large","max-video-preview":"max-video-preview:-1"},"canonical":"https:\/\/www.stjb-delasalle.fr\/site\/2018\/03\/16\/un-photographe-26-collegiens-15-residents-dun-ehpad\/","og_locale":"fr_FR","og_type":"article","og_title":"Un photographe, 26 coll\u00e9giens, 15 r\u00e9sidents d'un Ehpad - Coll\u00e8ge Saint Jean Baptiste de La Salle","og_description":"Le coll\u00e8ge Saint-Jean Baptiste de La Salle de Teloch\u00e9 (72) a \u00e9t\u00e9 s\u00e9lectionn\u00e9 pour participer \u00e0 un projet initi\u00e9 par le Conseil d\u00e9partemental de la Sarthe \u00ab\u00a0Photographie au coll\u00e8ge\u00a0\u00bb, proposant la r\u00e9sidence de photographes au sein de coll\u00e8ges. Ce projet met en place des enjeux artistiques, citoyens et p\u00e9dagogiques. Plus qu\u2019une simple transmission de savoirs, [&hellip;]","og_url":"https:\/\/www.stjb-delasalle.fr\/site\/2018\/03\/16\/un-photographe-26-collegiens-15-residents-dun-ehpad\/","og_site_name":"Coll\u00e8ge Saint Jean Baptiste de La Salle","article_published_time":"2018-03-16T11:25:06+00:00","author":"r.zucchetti","twitter_card":"summary_large_image","twitter_misc":{"\u00c9crit par":"r.zucchetti","Dur\u00e9e de lecture estim\u00e9e":"2 minutes"},"schema":{"@context":"https:\/\/schema.org","@graph":[{"@type":"Article","@id":"https:\/\/www.stjb-delasalle.fr\/site\/2018\/03\/16\/un-photographe-26-collegiens-15-residents-dun-ehpad\/#article","isPartOf":{"@id":"https:\/\/www.stjb-delasalle.fr\/site\/2018\/03\/16\/un-photographe-26-collegiens-15-residents-dun-ehpad\/"},"author":{"name":"r.zucchetti","@id":"https:\/\/www.stjb-delasalle.fr\/site\/#\/schema\/person\/36988a7b4178dd69b805a25eea2b8f8f"},"headline":"Un photographe, 26 coll\u00e9giens, 15 r\u00e9sidents d&rsquo;un Ehpad","datePublished":"2018-03-16T11:25:06+00:00","mainEntityOfPage":{"@id":"https:\/\/www.stjb-delasalle.fr\/site\/2018\/03\/16\/un-photographe-26-collegiens-15-residents-dun-ehpad\/"},"wordCount":499,"publisher":{"@id":"https:\/\/www.stjb-delasalle.fr\/site\/#organization"},"image":{"@id":"https:\/\/www.stjb-delasalle.fr\/site\/2018\/03\/16\/un-photographe-26-collegiens-15-residents-dun-ehpad\/#primaryimage"},"thumbnailUrl":"","articleSection":["Coll\u00e8ge"],"inLanguage":"fr-FR"},{"@type":"WebPage","@id":"https:\/\/www.stjb-delasalle.fr\/site\/2018\/03\/16\/un-photographe-26-collegiens-15-residents-dun-ehpad\/","url":"https:\/\/www.stjb-delasalle.fr\/site\/2018\/03\/16\/un-photographe-26-collegiens-15-residents-dun-ehpad\/","name":"Un photographe, 26 coll\u00e9giens, 15 r\u00e9sidents d'un Ehpad - Coll\u00e8ge Saint Jean Baptiste de La Salle","isPartOf":{"@id":"https:\/\/www.stjb-delasalle.fr\/site\/#website"},"primaryImageOfPage":{"@id":"https:\/\/www.stjb-delasalle.fr\/site\/2018\/03\/16\/un-photographe-26-collegiens-15-residents-dun-ehpad\/#primaryimage"},"image":{"@id":"https:\/\/www.stjb-delasalle.fr\/site\/2018\/03\/16\/un-photographe-26-collegiens-15-residents-dun-ehpad\/#primaryimage"},"thumbnailUrl":"","datePublished":"2018-03-16T11:25:06+00:00","breadcrumb":{"@id":"https:\/\/www.stjb-delasalle.fr\/site\/2018\/03\/16\/un-photographe-26-collegiens-15-residents-dun-ehpad\/#breadcrumb"},"inLanguage":"fr-FR","potentialAction":[{"@type":"ReadAction","target":["https:\/\/www.stjb-delasalle.fr\/site\/2018\/03\/16\/un-photographe-26-collegiens-15-residents-dun-ehpad\/"]}]},{"@type":"ImageObject","inLanguage":"fr-FR","@id":"https:\/\/www.stjb-delasalle.fr\/site\/2018\/03\/16\/un-photographe-26-collegiens-15-residents-dun-ehpad\/#primaryimage","url":"","contentUrl":""},{"@type":"BreadcrumbList","@id":"https:\/\/www.stjb-delasalle.fr\/site\/2018\/03\/16\/un-photographe-26-collegiens-15-residents-dun-ehpad\/#breadcrumb","itemListElement":[{"@type":"ListItem","position":1,"name":"Accueil","item":"https:\/\/www.stjb-delasalle.fr\/site\/"},{"@type":"ListItem","position":2,"name":"Un photographe, 26 coll\u00e9giens, 15 r\u00e9sidents d&rsquo;un Ehpad"}]},{"@type":"WebSite","@id":"https:\/\/www.stjb-delasalle.fr\/site\/#website","url":"https:\/\/www.stjb-delasalle.fr\/site\/","name":"Coll\u00e8ge Saint Jean Baptiste de La Salle","description":"Notre coll\u00e8ge vous accueille sur le site du Rancher \u00e0 Teloch\u00e9","publisher":{"@id":"https:\/\/www.stjb-delasalle.fr\/site\/#organization"},"potentialAction":[{"@type":"SearchAction","target":{"@type":"EntryPoint","urlTemplate":"https:\/\/www.stjb-delasalle.fr\/site\/?s={search_term_string}"},"query-input":{"@type":"PropertyValueSpecification","valueRequired":true,"valueName":"search_term_string"}}],"inLanguage":"fr-FR"},{"@type":"Organization","@id":"https:\/\/www.stjb-delasalle.fr\/site\/#organization","name":"Coll\u00e8ge Saint Jean Baptiste de La Salle","url":"https:\/\/www.stjb-delasalle.fr\/site\/","logo":{"@type":"ImageObject","inLanguage":"fr-FR","@id":"https:\/\/www.stjb-delasalle.fr\/site\/#\/schema\/logo\/image\/","url":"https:\/\/www.stjb-delasalle.fr\/site\/wp-content\/uploads\/2021\/11\/logostjb_petit_transp.png","contentUrl":"https:\/\/www.stjb-delasalle.fr\/site\/wp-content\/uploads\/2021\/11\/logostjb_petit_transp.png","width":180,"height":127,"caption":"Coll\u00e8ge Saint Jean Baptiste de La Salle"},"image":{"@id":"https:\/\/www.stjb-delasalle.fr\/site\/#\/schema\/logo\/image\/"}},{"@type":"Person","@id":"https:\/\/www.stjb-delasalle.fr\/site\/#\/schema\/person\/36988a7b4178dd69b805a25eea2b8f8f","name":"r.zucchetti","image":{"@type":"ImageObject","inLanguage":"fr-FR","@id":"https:\/\/secure.gravatar.com\/avatar\/de909cd474d221f967baff6582e1e559c4977b81139138190583ff7dda97b212?s=96&d=mm&r=g","url":"https:\/\/secure.gravatar.com\/avatar\/de909cd474d221f967baff6582e1e559c4977b81139138190583ff7dda97b212?s=96&d=mm&r=g","contentUrl":"https:\/\/secure.gravatar.com\/avatar\/de909cd474d221f967baff6582e1e559c4977b81139138190583ff7dda97b212?s=96&d=mm&r=g","caption":"r.zucchetti"},"sameAs":["https:\/\/www.stjb-delasalle.fr\/site"],"url":"https:\/\/www.stjb-delasalle.fr\/site\/author\/r-zucchetti\/"}]}},"_links":{"self":[{"href":"https:\/\/www.stjb-delasalle.fr\/site\/wp-json\/wp\/v2\/posts\/1323","targetHints":{"allow":["GET"]}}],"collection":[{"href":"https:\/\/www.stjb-delasalle.fr\/site\/wp-json\/wp\/v2\/posts"}],"about":[{"href":"https:\/\/www.stjb-delasalle.fr\/site\/wp-json\/wp\/v2\/types\/post"}],"author":[{"embeddable":true,"href":"https:\/\/www.stjb-delasalle.fr\/site\/wp-json\/wp\/v2\/users\/1"}],"replies":[{"embeddable":true,"href":"https:\/\/www.stjb-delasalle.fr\/site\/wp-json\/wp\/v2\/comments?post=1323"}],"version-history":[{"count":0,"href":"https:\/\/www.stjb-delasalle.fr\/site\/wp-json\/wp\/v2\/posts\/1323\/revisions"}],"wp:featuredmedia":[{"embeddable":true,"href":"https:\/\/www.stjb-delasalle.fr\/site\/wp-json\/"}],"wp:attachment":[{"href":"https:\/\/www.stjb-delasalle.fr\/site\/wp-json\/wp\/v2\/media?parent=1323"}],"wp:term":[{"taxonomy":"category","embeddable":true,"href":"https:\/\/www.stjb-delasalle.fr\/site\/wp-json\/wp\/v2\/categories?post=1323"},{"taxonomy":"post_tag","embeddable":true,"href":"https:\/\/www.stjb-delasalle.fr\/site\/wp-json\/wp\/v2\/tags?post=1323"}],"curies":[{"name":"wp","href":"https:\/\/api.w.org\/{rel}","templated":true}]}}