{"id":12750,"date":"2023-03-22T17:44:30","date_gmt":"2023-03-22T17:44:30","guid":{"rendered":"https:\/\/www.stjb-delasalle.fr\/site\/?p=12750"},"modified":"2023-06-04T18:26:29","modified_gmt":"2023-06-04T18:26:29","slug":"dvdp_dereglement-climatique-pourquoi-reagissons-nous-si-peu-devant-le-danger","status":"publish","type":"post","link":"https:\/\/www.stjb-delasalle.fr\/site\/2023\/03\/22\/dvdp_dereglement-climatique-pourquoi-reagissons-nous-si-peu-devant-le-danger\/","title":{"rendered":"DVDP_D\u00e9r\u00e8glement climatique : pourquoi r\u00e9agissons-nous si peu devant le danger ?"},"content":{"rendered":"<p>Image : \u00c0 Mulsanne, le feu s\u2019est approch\u00e9 \u00e0 quelques encablures du quartier pavillonnaire des Roch\u00e8res.\u00a0<em>Le Petit Courrier<\/em>, le 19 juillet 2022<br \/>\n<img fetchpriority=\"high\" decoding=\"async\" class=\"alignnone size-medium wp-image-12876\" src=\"https:\/\/www.stjb-delasalle.fr\/site\/wp-content\/uploads\/2023\/03\/IMG_1643-300x225.jpg\" alt=\"\" width=\"300\" height=\"225\" srcset=\"https:\/\/www.stjb-delasalle.fr\/site\/wp-content\/uploads\/2023\/03\/IMG_1643-300x225.jpg 300w, https:\/\/www.stjb-delasalle.fr\/site\/wp-content\/uploads\/2023\/03\/IMG_1643-1024x768.jpg 1024w, https:\/\/www.stjb-delasalle.fr\/site\/wp-content\/uploads\/2023\/03\/IMG_1643-768x576.jpg 768w, https:\/\/www.stjb-delasalle.fr\/site\/wp-content\/uploads\/2023\/03\/IMG_1643-1536x1152.jpg 1536w, https:\/\/www.stjb-delasalle.fr\/site\/wp-content\/uploads\/2023\/03\/IMG_1643.jpg 1920w\" sizes=\"(max-width: 300px) 100vw, 300px\" \/> <img decoding=\"async\" class=\"alignnone size-medium wp-image-12877\" src=\"https:\/\/www.stjb-delasalle.fr\/site\/wp-content\/uploads\/2023\/03\/IMG_1649-225x300.jpg\" alt=\"\" width=\"225\" height=\"300\" srcset=\"https:\/\/www.stjb-delasalle.fr\/site\/wp-content\/uploads\/2023\/03\/IMG_1649-225x300.jpg 225w, https:\/\/www.stjb-delasalle.fr\/site\/wp-content\/uploads\/2023\/03\/IMG_1649-768x1024.jpg 768w, https:\/\/www.stjb-delasalle.fr\/site\/wp-content\/uploads\/2023\/03\/IMG_1649-1152x1536.jpg 1152w, https:\/\/www.stjb-delasalle.fr\/site\/wp-content\/uploads\/2023\/03\/IMG_1649.jpg 1440w\" sizes=\"(max-width: 225px) 100vw, 225px\" \/><br \/>\nLe vendredi 10 mars \u00e0 9h55 , 14 \u00e9l\u00e8ves d\u00e9battent de la classe de 5C sur le th\u00e8me du r\u00e9chauffement climatique dans la salle Dian Fossey. Le d\u00e9bat a port\u00e9 surtout autour des nouvelles technologies, de l\u2019habitude de polluer pour avoir du confort, les contraintes d\u2019habitation, les ressources, la diminution des glaciers et les centrales \u00e0 charbon. Les questions qu\u2019on s&rsquo;est pos\u00e9es sont : Comment changer son mode de vie ? Est-ce que les \u00e9lections pr\u00e9sidentielles impactent sur le r\u00e9chauffement climatique? Est-ce que la violence est une solution pour le r\u00e9chauffement climatique ? Le but de faire ce d\u00e9bat est de trouver des solutions pour diminuer la pollution, sortir de nos habitudes tr\u00e8s polluantes .<\/p>\n<p style=\"text-align: right;\"><em>L\u00e9na M., journaliste du DVDP de la 5eC<\/em><\/p>\n<p style=\"text-align: right;\"><em>(Dessin non fourni par\u00a0illustrateur du DVDP de la 5eC )<\/em><\/p>\n<p>&nbsp;<\/p>\n<p>Le d\u00e9bat a port\u00e9 sur \u00ab\u00a0Le d\u00e9r\u00e8glement climatique : pourquoi r\u00e9gissons-nous si peu devant le danger ?\u00a0\u00bb. Une question pos\u00e9e \u00e9tait \u00ab\u00a0pourquoi c\u2019est dur de sortir de nos habitudes ?\u00a0\u00bb. Les principales id\u00e9es \u00e9taient de changer nos habitudes. Une id\u00e9e d\u00e9velopp\u00e9e est que nous sommes tous \u00e9gaux.<\/p>\n<p style=\"text-align: right;\"><em>Ma\u00eblle B., journaliste du DVDP de la 5eD<\/em><\/p>\n<p><img decoding=\"async\" class=\"alignnone wp-image-12808 size-full\" src=\"https:\/\/www.stjb-delasalle.fr\/site\/wp-content\/uploads\/2023\/03\/cdv_photo_1679648440.jpg\" alt=\"\" width=\"1428\" height=\"1920\" srcset=\"https:\/\/www.stjb-delasalle.fr\/site\/wp-content\/uploads\/2023\/03\/cdv_photo_1679648440.jpg 1428w, https:\/\/www.stjb-delasalle.fr\/site\/wp-content\/uploads\/2023\/03\/cdv_photo_1679648440-223x300.jpg 223w, https:\/\/www.stjb-delasalle.fr\/site\/wp-content\/uploads\/2023\/03\/cdv_photo_1679648440-762x1024.jpg 762w, https:\/\/www.stjb-delasalle.fr\/site\/wp-content\/uploads\/2023\/03\/cdv_photo_1679648440-768x1033.jpg 768w, https:\/\/www.stjb-delasalle.fr\/site\/wp-content\/uploads\/2023\/03\/cdv_photo_1679648440-1142x1536.jpg 1142w\" sizes=\"(max-width: 1428px) 100vw, 1428px\" \/><\/p>\n<p style=\"text-align: right;\"><em>Gabriel B., illustrateur du DVDP de la 5eD<\/em><\/p>\n<p>&nbsp;<\/p>\n<p>&nbsp;<\/p>\n<p style=\"text-align: right;\"><em><img loading=\"lazy\" decoding=\"async\" class=\"alignnone wp-image-12811 size-full\" src=\"https:\/\/www.stjb-delasalle.fr\/site\/wp-content\/uploads\/2023\/03\/D267B22F-62E6-4488-BFBF-E70D0BFF65E6.jpeg\" alt=\"\" width=\"1525\" height=\"1920\" srcset=\"https:\/\/www.stjb-delasalle.fr\/site\/wp-content\/uploads\/2023\/03\/D267B22F-62E6-4488-BFBF-E70D0BFF65E6.jpeg 1525w, https:\/\/www.stjb-delasalle.fr\/site\/wp-content\/uploads\/2023\/03\/D267B22F-62E6-4488-BFBF-E70D0BFF65E6-238x300.jpeg 238w, https:\/\/www.stjb-delasalle.fr\/site\/wp-content\/uploads\/2023\/03\/D267B22F-62E6-4488-BFBF-E70D0BFF65E6-813x1024.jpeg 813w, https:\/\/www.stjb-delasalle.fr\/site\/wp-content\/uploads\/2023\/03\/D267B22F-62E6-4488-BFBF-E70D0BFF65E6-768x967.jpeg 768w, https:\/\/www.stjb-delasalle.fr\/site\/wp-content\/uploads\/2023\/03\/D267B22F-62E6-4488-BFBF-E70D0BFF65E6-1220x1536.jpeg 1220w\" sizes=\"(max-width: 1525px) 100vw, 1525px\" \/><br \/>\nEug\u00e9nie H., illustratrice du DVDP de la 5eE<\/em><\/p>\n<p style=\"text-align: left;\">Le vendredi 10 mars de 10 h 40 en salle Dian Fossey, les 14 d\u00e9battants de 5\u00e8E : \u00ab\u00a0Plus les gens sont riches plus ils consomment et moins ils aident pour limiter les d\u00e9g\u00e2ts\u00a0\u00bb. Les personnes les plus touch\u00e9es par le d\u00e9r\u00e8glement climatique ne sont pas celles qui agissent le plus. Les crises \u00e9conomiques et d\u00e9mographiques peuvent \u00eatre pr\u00e9sentes si nous n\u2019agissons pas!<br \/>\nLe but du d\u00e9bat est de faire r\u00e9agir les \u00e9l\u00e8ves sur la violence face au d\u00e9r\u00e8glement climatique.<\/p>\n<p style=\"text-align: right;\"><em style=\"font-size: 16px; text-align: right; -webkit-text-size-adjust: 100%;\">Emmie R., journaliste du DVDP de la 5eE<\/em><\/p>\n<p>&nbsp;<\/p>\n<p>&nbsp;<\/p>\n","protected":false},"excerpt":{"rendered":"<p>Image : \u00c0 Mulsanne, le feu s\u2019est approch\u00e9 \u00e0 quelques encablures du quartier pavillonnaire des Roch\u00e8res.\u00a0Le Petit Courrier, le 19 juillet 2022 Le vendredi 10 mars \u00e0 9h55 , 14 \u00e9l\u00e8ves d\u00e9battent de la classe de 5C sur le th\u00e8me du r\u00e9chauffement climatique dans la salle Dian Fossey. Le d\u00e9bat a port\u00e9 surtout autour des [&hellip;]<\/p>\n","protected":false},"author":2,"featured_media":12879,"comment_status":"closed","ping_status":"closed","sticky":false,"template":"","format":"standard","meta":{"site-sidebar-layout":"default","site-content-layout":"default","ast-site-content-layout":"default","site-content-style":"default","site-sidebar-style":"default","ast-global-header-display":"","ast-banner-title-visibility":"","ast-main-header-display":"","ast-hfb-above-header-display":"","ast-hfb-below-header-display":"","ast-hfb-mobile-header-display":"","site-post-title":"","ast-breadcrumbs-content":"","ast-featured-img":"","footer-sml-layout":"","ast-disable-related-posts":"","theme-transparent-header-meta":"default","adv-header-id-meta":"","stick-header-meta":"","header-above-stick-meta":"","header-main-stick-meta":"","header-below-stick-meta":"","astra-migrate-meta-layouts":"default","ast-page-background-enabled":"default","ast-page-background-meta":{"desktop":{"background-color":"var(--ast-global-color-4)","background-image":"","background-repeat":"repeat","background-position":"center center","background-size":"auto","background-attachment":"scroll","background-type":"","background-media":"","overlay-type":"","overlay-color":"","overlay-opacity":"","overlay-gradient":""},"tablet":{"background-color":"","background-image":"","background-repeat":"repeat","background-position":"center center","background-size":"auto","background-attachment":"scroll","background-type":"","background-media":"","overlay-type":"","overlay-color":"","overlay-opacity":"","overlay-gradient":""},"mobile":{"background-color":"","background-image":"","background-repeat":"repeat","background-position":"center center","background-size":"auto","background-attachment":"scroll","background-type":"","background-media":"","overlay-type":"","overlay-color":"","overlay-opacity":"","overlay-gradient":""}},"ast-content-background-meta":{"desktop":{"background-color":"var(--ast-global-color-5)","background-image":"","background-repeat":"repeat","background-position":"center center","background-size":"auto","background-attachment":"scroll","background-type":"","background-media":"","overlay-type":"","overlay-color":"","overlay-opacity":"","overlay-gradient":""},"tablet":{"background-color":"var(--ast-global-color-5)","background-image":"","background-repeat":"repeat","background-position":"center center","background-size":"auto","background-attachment":"scroll","background-type":"","background-media":"","overlay-type":"","overlay-color":"","overlay-opacity":"","overlay-gradient":""},"mobile":{"background-color":"var(--ast-global-color-5)","background-image":"","background-repeat":"repeat","background-position":"center center","background-size":"auto","background-attachment":"scroll","background-type":"","background-media":"","overlay-type":"","overlay-color":"","overlay-opacity":"","overlay-gradient":""}},"footnotes":""},"categories":[18],"tags":[],"class_list":["post-12750","post","type-post","status-publish","format-standard","has-post-thumbnail","hentry","category-5e-hg-emc-attente"],"yoast_head":"<!-- This site is optimized with the Yoast SEO plugin v27.5 - https:\/\/yoast.com\/product\/yoast-seo-wordpress\/ -->\n<title>DVDP_D\u00e9r\u00e8glement climatique : pourquoi r\u00e9agissons-nous si peu devant le danger ? - Coll\u00e8ge Saint Jean Baptiste de La Salle<\/title>\n<meta name=\"robots\" content=\"index, follow, max-snippet:-1, max-image-preview:large, max-video-preview:-1\" \/>\n<link rel=\"canonical\" href=\"https:\/\/www.stjb-delasalle.fr\/site\/2023\/03\/22\/dvdp_dereglement-climatique-pourquoi-reagissons-nous-si-peu-devant-le-danger\/\" \/>\n<meta property=\"og:locale\" content=\"fr_FR\" \/>\n<meta property=\"og:type\" content=\"article\" \/>\n<meta property=\"og:title\" content=\"DVDP_D\u00e9r\u00e8glement climatique : pourquoi r\u00e9agissons-nous si peu devant le danger ? - Coll\u00e8ge Saint Jean Baptiste de La Salle\" \/>\n<meta property=\"og:description\" content=\"Image : \u00c0 Mulsanne, le feu s\u2019est approch\u00e9 \u00e0 quelques encablures du quartier pavillonnaire des Roch\u00e8res.\u00a0Le Petit Courrier, le 19 juillet 2022 Le vendredi 10 mars \u00e0 9h55 , 14 \u00e9l\u00e8ves d\u00e9battent de la classe de 5C sur le th\u00e8me du r\u00e9chauffement climatique dans la salle Dian Fossey. Le d\u00e9bat a port\u00e9 surtout autour des [&hellip;]\" \/>\n<meta property=\"og:url\" content=\"https:\/\/www.stjb-delasalle.fr\/site\/2023\/03\/22\/dvdp_dereglement-climatique-pourquoi-reagissons-nous-si-peu-devant-le-danger\/\" \/>\n<meta property=\"og:site_name\" content=\"Coll\u00e8ge Saint Jean Baptiste de La Salle\" \/>\n<meta property=\"article:published_time\" content=\"2023-03-22T17:44:30+00:00\" \/>\n<meta property=\"article:modified_time\" content=\"2023-06-04T18:26:29+00:00\" \/>\n<meta property=\"og:image\" content=\"https:\/\/www.stjb-delasalle.fr\/site\/wp-content\/uploads\/2023\/03\/021E0E57-1128-49F3-BCAA-E56EC4C51B02.jpeg\" \/>\n\t<meta property=\"og:image:width\" content=\"960\" \/>\n\t<meta property=\"og:image:height\" content=\"640\" \/>\n\t<meta property=\"og:image:type\" content=\"image\/jpeg\" \/>\n<meta name=\"author\" content=\"c.guyet\" \/>\n<meta name=\"twitter:card\" content=\"summary_large_image\" \/>\n<meta name=\"twitter:label1\" content=\"\u00c9crit par\" \/>\n\t<meta name=\"twitter:data1\" content=\"c.guyet\" \/>\n\t<meta name=\"twitter:label2\" content=\"Dur\u00e9e de lecture estim\u00e9e\" \/>\n\t<meta name=\"twitter:data2\" content=\"2 minutes\" \/>\n<script type=\"application\/ld+json\" class=\"yoast-schema-graph\">{\"@context\":\"https:\\\/\\\/schema.org\",\"@graph\":[{\"@type\":\"Article\",\"@id\":\"https:\\\/\\\/www.stjb-delasalle.fr\\\/site\\\/2023\\\/03\\\/22\\\/dvdp_dereglement-climatique-pourquoi-reagissons-nous-si-peu-devant-le-danger\\\/#article\",\"isPartOf\":{\"@id\":\"https:\\\/\\\/www.stjb-delasalle.fr\\\/site\\\/2023\\\/03\\\/22\\\/dvdp_dereglement-climatique-pourquoi-reagissons-nous-si-peu-devant-le-danger\\\/\"},\"author\":{\"name\":\"c.guyet\",\"@id\":\"https:\\\/\\\/www.stjb-delasalle.fr\\\/site\\\/#\\\/schema\\\/person\\\/c6bc729d0bf9f8313aad8e0f2022e769\"},\"headline\":\"DVDP_D\u00e9r\u00e8glement climatique : pourquoi r\u00e9agissons-nous si peu devant le danger ?\",\"datePublished\":\"2023-03-22T17:44:30+00:00\",\"dateModified\":\"2023-06-04T18:26:29+00:00\",\"mainEntityOfPage\":{\"@id\":\"https:\\\/\\\/www.stjb-delasalle.fr\\\/site\\\/2023\\\/03\\\/22\\\/dvdp_dereglement-climatique-pourquoi-reagissons-nous-si-peu-devant-le-danger\\\/\"},\"wordCount\":354,\"publisher\":{\"@id\":\"https:\\\/\\\/www.stjb-delasalle.fr\\\/site\\\/#organization\"},\"image\":{\"@id\":\"https:\\\/\\\/www.stjb-delasalle.fr\\\/site\\\/2023\\\/03\\\/22\\\/dvdp_dereglement-climatique-pourquoi-reagissons-nous-si-peu-devant-le-danger\\\/#primaryimage\"},\"thumbnailUrl\":\"https:\\\/\\\/www.stjb-delasalle.fr\\\/site\\\/wp-content\\\/uploads\\\/2023\\\/03\\\/021E0E57-1128-49F3-BCAA-E56EC4C51B02.jpeg\",\"articleSection\":[\"5e HG-EMC - Attente\"],\"inLanguage\":\"fr-FR\"},{\"@type\":\"WebPage\",\"@id\":\"https:\\\/\\\/www.stjb-delasalle.fr\\\/site\\\/2023\\\/03\\\/22\\\/dvdp_dereglement-climatique-pourquoi-reagissons-nous-si-peu-devant-le-danger\\\/\",\"url\":\"https:\\\/\\\/www.stjb-delasalle.fr\\\/site\\\/2023\\\/03\\\/22\\\/dvdp_dereglement-climatique-pourquoi-reagissons-nous-si-peu-devant-le-danger\\\/\",\"name\":\"DVDP_D\u00e9r\u00e8glement climatique : pourquoi r\u00e9agissons-nous si peu devant le danger ? - Coll\u00e8ge Saint Jean Baptiste de La Salle\",\"isPartOf\":{\"@id\":\"https:\\\/\\\/www.stjb-delasalle.fr\\\/site\\\/#website\"},\"primaryImageOfPage\":{\"@id\":\"https:\\\/\\\/www.stjb-delasalle.fr\\\/site\\\/2023\\\/03\\\/22\\\/dvdp_dereglement-climatique-pourquoi-reagissons-nous-si-peu-devant-le-danger\\\/#primaryimage\"},\"image\":{\"@id\":\"https:\\\/\\\/www.stjb-delasalle.fr\\\/site\\\/2023\\\/03\\\/22\\\/dvdp_dereglement-climatique-pourquoi-reagissons-nous-si-peu-devant-le-danger\\\/#primaryimage\"},\"thumbnailUrl\":\"https:\\\/\\\/www.stjb-delasalle.fr\\\/site\\\/wp-content\\\/uploads\\\/2023\\\/03\\\/021E0E57-1128-49F3-BCAA-E56EC4C51B02.jpeg\",\"datePublished\":\"2023-03-22T17:44:30+00:00\",\"dateModified\":\"2023-06-04T18:26:29+00:00\",\"breadcrumb\":{\"@id\":\"https:\\\/\\\/www.stjb-delasalle.fr\\\/site\\\/2023\\\/03\\\/22\\\/dvdp_dereglement-climatique-pourquoi-reagissons-nous-si-peu-devant-le-danger\\\/#breadcrumb\"},\"inLanguage\":\"fr-FR\",\"potentialAction\":[{\"@type\":\"ReadAction\",\"target\":[\"https:\\\/\\\/www.stjb-delasalle.fr\\\/site\\\/2023\\\/03\\\/22\\\/dvdp_dereglement-climatique-pourquoi-reagissons-nous-si-peu-devant-le-danger\\\/\"]}]},{\"@type\":\"ImageObject\",\"inLanguage\":\"fr-FR\",\"@id\":\"https:\\\/\\\/www.stjb-delasalle.fr\\\/site\\\/2023\\\/03\\\/22\\\/dvdp_dereglement-climatique-pourquoi-reagissons-nous-si-peu-devant-le-danger\\\/#primaryimage\",\"url\":\"https:\\\/\\\/www.stjb-delasalle.fr\\\/site\\\/wp-content\\\/uploads\\\/2023\\\/03\\\/021E0E57-1128-49F3-BCAA-E56EC4C51B02.jpeg\",\"contentUrl\":\"https:\\\/\\\/www.stjb-delasalle.fr\\\/site\\\/wp-content\\\/uploads\\\/2023\\\/03\\\/021E0E57-1128-49F3-BCAA-E56EC4C51B02.jpeg\",\"width\":960,\"height\":640},{\"@type\":\"BreadcrumbList\",\"@id\":\"https:\\\/\\\/www.stjb-delasalle.fr\\\/site\\\/2023\\\/03\\\/22\\\/dvdp_dereglement-climatique-pourquoi-reagissons-nous-si-peu-devant-le-danger\\\/#breadcrumb\",\"itemListElement\":[{\"@type\":\"ListItem\",\"position\":1,\"name\":\"Accueil\",\"item\":\"https:\\\/\\\/www.stjb-delasalle.fr\\\/site\\\/\"},{\"@type\":\"ListItem\",\"position\":2,\"name\":\"DVDP_D\u00e9r\u00e8glement climatique : pourquoi r\u00e9agissons-nous si peu devant le danger ?\"}]},{\"@type\":\"WebSite\",\"@id\":\"https:\\\/\\\/www.stjb-delasalle.fr\\\/site\\\/#website\",\"url\":\"https:\\\/\\\/www.stjb-delasalle.fr\\\/site\\\/\",\"name\":\"Coll\u00e8ge Saint Jean Baptiste de La Salle\",\"description\":\"Notre coll\u00e8ge vous accueille sur le site du Rancher \u00e0 Teloch\u00e9\",\"publisher\":{\"@id\":\"https:\\\/\\\/www.stjb-delasalle.fr\\\/site\\\/#organization\"},\"potentialAction\":[{\"@type\":\"SearchAction\",\"target\":{\"@type\":\"EntryPoint\",\"urlTemplate\":\"https:\\\/\\\/www.stjb-delasalle.fr\\\/site\\\/?s={search_term_string}\"},\"query-input\":{\"@type\":\"PropertyValueSpecification\",\"valueRequired\":true,\"valueName\":\"search_term_string\"}}],\"inLanguage\":\"fr-FR\"},{\"@type\":\"Organization\",\"@id\":\"https:\\\/\\\/www.stjb-delasalle.fr\\\/site\\\/#organization\",\"name\":\"Coll\u00e8ge Saint Jean Baptiste de La Salle\",\"url\":\"https:\\\/\\\/www.stjb-delasalle.fr\\\/site\\\/\",\"logo\":{\"@type\":\"ImageObject\",\"inLanguage\":\"fr-FR\",\"@id\":\"https:\\\/\\\/www.stjb-delasalle.fr\\\/site\\\/#\\\/schema\\\/logo\\\/image\\\/\",\"url\":\"https:\\\/\\\/www.stjb-delasalle.fr\\\/site\\\/wp-content\\\/uploads\\\/2021\\\/11\\\/logostjb_petit_transp.png\",\"contentUrl\":\"https:\\\/\\\/www.stjb-delasalle.fr\\\/site\\\/wp-content\\\/uploads\\\/2021\\\/11\\\/logostjb_petit_transp.png\",\"width\":180,\"height\":127,\"caption\":\"Coll\u00e8ge Saint Jean Baptiste de La Salle\"},\"image\":{\"@id\":\"https:\\\/\\\/www.stjb-delasalle.fr\\\/site\\\/#\\\/schema\\\/logo\\\/image\\\/\"}},{\"@type\":\"Person\",\"@id\":\"https:\\\/\\\/www.stjb-delasalle.fr\\\/site\\\/#\\\/schema\\\/person\\\/c6bc729d0bf9f8313aad8e0f2022e769\",\"name\":\"c.guyet\",\"image\":{\"@type\":\"ImageObject\",\"inLanguage\":\"fr-FR\",\"@id\":\"https:\\\/\\\/secure.gravatar.com\\\/avatar\\\/98285b9b7d516bd7548b85ee36dad7b7a74a5a4df2ae5710a3e58b2b841205fc?s=96&d=mm&r=g\",\"url\":\"https:\\\/\\\/secure.gravatar.com\\\/avatar\\\/98285b9b7d516bd7548b85ee36dad7b7a74a5a4df2ae5710a3e58b2b841205fc?s=96&d=mm&r=g\",\"contentUrl\":\"https:\\\/\\\/secure.gravatar.com\\\/avatar\\\/98285b9b7d516bd7548b85ee36dad7b7a74a5a4df2ae5710a3e58b2b841205fc?s=96&d=mm&r=g\",\"caption\":\"c.guyet\"},\"url\":\"https:\\\/\\\/www.stjb-delasalle.fr\\\/site\\\/author\\\/c-guyet\\\/\"}]}<\/script>\n<!-- \/ Yoast SEO plugin. -->","yoast_head_json":{"title":"DVDP_D\u00e9r\u00e8glement climatique : pourquoi r\u00e9agissons-nous si peu devant le danger ? - Coll\u00e8ge Saint Jean Baptiste de La Salle","robots":{"index":"index","follow":"follow","max-snippet":"max-snippet:-1","max-image-preview":"max-image-preview:large","max-video-preview":"max-video-preview:-1"},"canonical":"https:\/\/www.stjb-delasalle.fr\/site\/2023\/03\/22\/dvdp_dereglement-climatique-pourquoi-reagissons-nous-si-peu-devant-le-danger\/","og_locale":"fr_FR","og_type":"article","og_title":"DVDP_D\u00e9r\u00e8glement climatique : pourquoi r\u00e9agissons-nous si peu devant le danger ? - Coll\u00e8ge Saint Jean Baptiste de La Salle","og_description":"Image : \u00c0 Mulsanne, le feu s\u2019est approch\u00e9 \u00e0 quelques encablures du quartier pavillonnaire des Roch\u00e8res.\u00a0Le Petit Courrier, le 19 juillet 2022 Le vendredi 10 mars \u00e0 9h55 , 14 \u00e9l\u00e8ves d\u00e9battent de la classe de 5C sur le th\u00e8me du r\u00e9chauffement climatique dans la salle Dian Fossey. Le d\u00e9bat a port\u00e9 surtout autour des [&hellip;]","og_url":"https:\/\/www.stjb-delasalle.fr\/site\/2023\/03\/22\/dvdp_dereglement-climatique-pourquoi-reagissons-nous-si-peu-devant-le-danger\/","og_site_name":"Coll\u00e8ge Saint Jean Baptiste de La Salle","article_published_time":"2023-03-22T17:44:30+00:00","article_modified_time":"2023-06-04T18:26:29+00:00","og_image":[{"width":960,"height":640,"url":"https:\/\/www.stjb-delasalle.fr\/site\/wp-content\/uploads\/2023\/03\/021E0E57-1128-49F3-BCAA-E56EC4C51B02.jpeg","type":"image\/jpeg"}],"author":"c.guyet","twitter_card":"summary_large_image","twitter_misc":{"\u00c9crit par":"c.guyet","Dur\u00e9e de lecture estim\u00e9e":"2 minutes"},"schema":{"@context":"https:\/\/schema.org","@graph":[{"@type":"Article","@id":"https:\/\/www.stjb-delasalle.fr\/site\/2023\/03\/22\/dvdp_dereglement-climatique-pourquoi-reagissons-nous-si-peu-devant-le-danger\/#article","isPartOf":{"@id":"https:\/\/www.stjb-delasalle.fr\/site\/2023\/03\/22\/dvdp_dereglement-climatique-pourquoi-reagissons-nous-si-peu-devant-le-danger\/"},"author":{"name":"c.guyet","@id":"https:\/\/www.stjb-delasalle.fr\/site\/#\/schema\/person\/c6bc729d0bf9f8313aad8e0f2022e769"},"headline":"DVDP_D\u00e9r\u00e8glement climatique : pourquoi r\u00e9agissons-nous si peu devant le danger ?","datePublished":"2023-03-22T17:44:30+00:00","dateModified":"2023-06-04T18:26:29+00:00","mainEntityOfPage":{"@id":"https:\/\/www.stjb-delasalle.fr\/site\/2023\/03\/22\/dvdp_dereglement-climatique-pourquoi-reagissons-nous-si-peu-devant-le-danger\/"},"wordCount":354,"publisher":{"@id":"https:\/\/www.stjb-delasalle.fr\/site\/#organization"},"image":{"@id":"https:\/\/www.stjb-delasalle.fr\/site\/2023\/03\/22\/dvdp_dereglement-climatique-pourquoi-reagissons-nous-si-peu-devant-le-danger\/#primaryimage"},"thumbnailUrl":"https:\/\/www.stjb-delasalle.fr\/site\/wp-content\/uploads\/2023\/03\/021E0E57-1128-49F3-BCAA-E56EC4C51B02.jpeg","articleSection":["5e HG-EMC - Attente"],"inLanguage":"fr-FR"},{"@type":"WebPage","@id":"https:\/\/www.stjb-delasalle.fr\/site\/2023\/03\/22\/dvdp_dereglement-climatique-pourquoi-reagissons-nous-si-peu-devant-le-danger\/","url":"https:\/\/www.stjb-delasalle.fr\/site\/2023\/03\/22\/dvdp_dereglement-climatique-pourquoi-reagissons-nous-si-peu-devant-le-danger\/","name":"DVDP_D\u00e9r\u00e8glement climatique : pourquoi r\u00e9agissons-nous si peu devant le danger ? - Coll\u00e8ge Saint Jean Baptiste de La Salle","isPartOf":{"@id":"https:\/\/www.stjb-delasalle.fr\/site\/#website"},"primaryImageOfPage":{"@id":"https:\/\/www.stjb-delasalle.fr\/site\/2023\/03\/22\/dvdp_dereglement-climatique-pourquoi-reagissons-nous-si-peu-devant-le-danger\/#primaryimage"},"image":{"@id":"https:\/\/www.stjb-delasalle.fr\/site\/2023\/03\/22\/dvdp_dereglement-climatique-pourquoi-reagissons-nous-si-peu-devant-le-danger\/#primaryimage"},"thumbnailUrl":"https:\/\/www.stjb-delasalle.fr\/site\/wp-content\/uploads\/2023\/03\/021E0E57-1128-49F3-BCAA-E56EC4C51B02.jpeg","datePublished":"2023-03-22T17:44:30+00:00","dateModified":"2023-06-04T18:26:29+00:00","breadcrumb":{"@id":"https:\/\/www.stjb-delasalle.fr\/site\/2023\/03\/22\/dvdp_dereglement-climatique-pourquoi-reagissons-nous-si-peu-devant-le-danger\/#breadcrumb"},"inLanguage":"fr-FR","potentialAction":[{"@type":"ReadAction","target":["https:\/\/www.stjb-delasalle.fr\/site\/2023\/03\/22\/dvdp_dereglement-climatique-pourquoi-reagissons-nous-si-peu-devant-le-danger\/"]}]},{"@type":"ImageObject","inLanguage":"fr-FR","@id":"https:\/\/www.stjb-delasalle.fr\/site\/2023\/03\/22\/dvdp_dereglement-climatique-pourquoi-reagissons-nous-si-peu-devant-le-danger\/#primaryimage","url":"https:\/\/www.stjb-delasalle.fr\/site\/wp-content\/uploads\/2023\/03\/021E0E57-1128-49F3-BCAA-E56EC4C51B02.jpeg","contentUrl":"https:\/\/www.stjb-delasalle.fr\/site\/wp-content\/uploads\/2023\/03\/021E0E57-1128-49F3-BCAA-E56EC4C51B02.jpeg","width":960,"height":640},{"@type":"BreadcrumbList","@id":"https:\/\/www.stjb-delasalle.fr\/site\/2023\/03\/22\/dvdp_dereglement-climatique-pourquoi-reagissons-nous-si-peu-devant-le-danger\/#breadcrumb","itemListElement":[{"@type":"ListItem","position":1,"name":"Accueil","item":"https:\/\/www.stjb-delasalle.fr\/site\/"},{"@type":"ListItem","position":2,"name":"DVDP_D\u00e9r\u00e8glement climatique : pourquoi r\u00e9agissons-nous si peu devant le danger ?"}]},{"@type":"WebSite","@id":"https:\/\/www.stjb-delasalle.fr\/site\/#website","url":"https:\/\/www.stjb-delasalle.fr\/site\/","name":"Coll\u00e8ge Saint Jean Baptiste de La Salle","description":"Notre coll\u00e8ge vous accueille sur le site du Rancher \u00e0 Teloch\u00e9","publisher":{"@id":"https:\/\/www.stjb-delasalle.fr\/site\/#organization"},"potentialAction":[{"@type":"SearchAction","target":{"@type":"EntryPoint","urlTemplate":"https:\/\/www.stjb-delasalle.fr\/site\/?s={search_term_string}"},"query-input":{"@type":"PropertyValueSpecification","valueRequired":true,"valueName":"search_term_string"}}],"inLanguage":"fr-FR"},{"@type":"Organization","@id":"https:\/\/www.stjb-delasalle.fr\/site\/#organization","name":"Coll\u00e8ge Saint Jean Baptiste de La Salle","url":"https:\/\/www.stjb-delasalle.fr\/site\/","logo":{"@type":"ImageObject","inLanguage":"fr-FR","@id":"https:\/\/www.stjb-delasalle.fr\/site\/#\/schema\/logo\/image\/","url":"https:\/\/www.stjb-delasalle.fr\/site\/wp-content\/uploads\/2021\/11\/logostjb_petit_transp.png","contentUrl":"https:\/\/www.stjb-delasalle.fr\/site\/wp-content\/uploads\/2021\/11\/logostjb_petit_transp.png","width":180,"height":127,"caption":"Coll\u00e8ge Saint Jean Baptiste de La Salle"},"image":{"@id":"https:\/\/www.stjb-delasalle.fr\/site\/#\/schema\/logo\/image\/"}},{"@type":"Person","@id":"https:\/\/www.stjb-delasalle.fr\/site\/#\/schema\/person\/c6bc729d0bf9f8313aad8e0f2022e769","name":"c.guyet","image":{"@type":"ImageObject","inLanguage":"fr-FR","@id":"https:\/\/secure.gravatar.com\/avatar\/98285b9b7d516bd7548b85ee36dad7b7a74a5a4df2ae5710a3e58b2b841205fc?s=96&d=mm&r=g","url":"https:\/\/secure.gravatar.com\/avatar\/98285b9b7d516bd7548b85ee36dad7b7a74a5a4df2ae5710a3e58b2b841205fc?s=96&d=mm&r=g","contentUrl":"https:\/\/secure.gravatar.com\/avatar\/98285b9b7d516bd7548b85ee36dad7b7a74a5a4df2ae5710a3e58b2b841205fc?s=96&d=mm&r=g","caption":"c.guyet"},"url":"https:\/\/www.stjb-delasalle.fr\/site\/author\/c-guyet\/"}]}},"_links":{"self":[{"href":"https:\/\/www.stjb-delasalle.fr\/site\/wp-json\/wp\/v2\/posts\/12750","targetHints":{"allow":["GET"]}}],"collection":[{"href":"https:\/\/www.stjb-delasalle.fr\/site\/wp-json\/wp\/v2\/posts"}],"about":[{"href":"https:\/\/www.stjb-delasalle.fr\/site\/wp-json\/wp\/v2\/types\/post"}],"author":[{"embeddable":true,"href":"https:\/\/www.stjb-delasalle.fr\/site\/wp-json\/wp\/v2\/users\/2"}],"replies":[{"embeddable":true,"href":"https:\/\/www.stjb-delasalle.fr\/site\/wp-json\/wp\/v2\/comments?post=12750"}],"version-history":[{"count":5,"href":"https:\/\/www.stjb-delasalle.fr\/site\/wp-json\/wp\/v2\/posts\/12750\/revisions"}],"predecessor-version":[{"id":12880,"href":"https:\/\/www.stjb-delasalle.fr\/site\/wp-json\/wp\/v2\/posts\/12750\/revisions\/12880"}],"wp:featuredmedia":[{"embeddable":true,"href":"https:\/\/www.stjb-delasalle.fr\/site\/wp-json\/wp\/v2\/media\/12879"}],"wp:attachment":[{"href":"https:\/\/www.stjb-delasalle.fr\/site\/wp-json\/wp\/v2\/media?parent=12750"}],"wp:term":[{"taxonomy":"category","embeddable":true,"href":"https:\/\/www.stjb-delasalle.fr\/site\/wp-json\/wp\/v2\/categories?post=12750"},{"taxonomy":"post_tag","embeddable":true,"href":"https:\/\/www.stjb-delasalle.fr\/site\/wp-json\/wp\/v2\/tags?post=12750"}],"curies":[{"name":"wp","href":"https:\/\/api.w.org\/{rel}","templated":true}]}}