{"id":12557,"date":"2025-01-06T09:00:34","date_gmt":"2025-01-06T09:00:34","guid":{"rendered":"https:\/\/www.stjb-delasalle.fr\/site\/?p=12557"},"modified":"2026-02-06T19:24:55","modified_gmt":"2026-02-06T19:24:55","slug":"dvdp_a-quoi-ca-sert-de-reflechir","status":"publish","type":"post","link":"https:\/\/www.stjb-delasalle.fr\/site\/2025\/01\/06\/dvdp_a-quoi-ca-sert-de-reflechir\/","title":{"rendered":"DVDP_A quoi \u00e7a sert de r\u00e9fl\u00e9chir ?"},"content":{"rendered":"<div><span style=\"font-size: 16px; -webkit-text-size-adjust: 100%;\"><img fetchpriority=\"high\" decoding=\"async\" class=\"alignnone wp-image-18850 size-full\" src=\"https:\/\/www.stjb-delasalle.fr\/site\/wp-content\/uploads\/2025\/01\/6A006.jpg\" alt=\"\" width=\"1920\" height=\"1875\" srcset=\"https:\/\/www.stjb-delasalle.fr\/site\/wp-content\/uploads\/2025\/01\/6A006.jpg 1920w, https:\/\/www.stjb-delasalle.fr\/site\/wp-content\/uploads\/2025\/01\/6A006-300x293.jpg 300w, https:\/\/www.stjb-delasalle.fr\/site\/wp-content\/uploads\/2025\/01\/6A006-1024x1000.jpg 1024w, https:\/\/www.stjb-delasalle.fr\/site\/wp-content\/uploads\/2025\/01\/6A006-768x750.jpg 768w, https:\/\/www.stjb-delasalle.fr\/site\/wp-content\/uploads\/2025\/01\/6A006-1536x1500.jpg 1536w\" sizes=\"(max-width: 1920px) 100vw, 1920px\" \/>\u00c0 QUOI \u00c7A SERT DE R\u00c9FL\u00c9CHIR ?<\/span><\/div>\n<div><span style=\"font-size: 16px; -webkit-text-size-adjust: 100%;\">Au c<\/span><span style=\"font-size: 16px; -webkit-text-size-adjust: 100%;\">oll\u00e8ge STJB de La Salle, salle Ga\u00efa, 11 personnes ont discut\u00e9. <\/span><span style=\"font-size: 16px; -webkit-text-size-adjust: 100%;\">L\u2019ambiance de classe \u00e9tait calme sans \u00e9l\u00e8ves perturbateurs, presque tous les \u00e9l\u00e8ves ont\u00a0\u00a0parl\u00e9 (sauf 3), le lundi<\/span><span style=\"font-size: 16px; -webkit-text-size-adjust: 100%;\"> 19 janvier 2026 de 10h27 \u00e0 10h42 soit un quart d\u2019heure.\u00a0<\/span>\u00ab Certains \u00e9l\u00e8ves pensent que bien r\u00e9fl\u00e9chir et mal r\u00e9fl\u00e9chir peut exister sous diff\u00e9rentes formes. Exemple : une question de maths ou aller \u00e0 un lieu en voiture \u2026 <span style=\"font-size: 16px; -webkit-text-size-adjust: 100%;\">Les \u00e9l\u00e8ves pensent que pour bien r\u00e9fl\u00e9chir, il faut avoir du calme, \u00eatre attentionn\u00e9 et \u00eatre dans un endroit propice (ex : biblioth\u00e8que, \u00e9cole, la chambre, \u2026). <\/span><span style=\"font-size: 16px; -webkit-text-size-adjust: 100%;\">Quelques \u00e9l\u00e8ves ont expliqu\u00e9 qu&rsquo;une r\u00e9cr\u00e9ation ou une dispute peut nous d\u00e9concentrer pour le cours suivant. <\/span>Certains pensent qu\u2019en \u00e9tant plusieurs, on r\u00e9fl\u00e9chit mieux. <span style=\"font-size: 16px; -webkit-text-size-adjust: 100%;\">Au contraire, d\u2019autres, pensent qu\u2019\u00e0 plusieurs, on risque de faire plus d\u2019erreurs, de parler d\u2019un autre th\u00e8me ou d&rsquo;\u00eatre d\u00e9concentr\u00e9. <\/span><span style=\"font-size: 16px; -webkit-text-size-adjust: 100%;\">Presque tous les \u00e9l\u00e8ves pensent que tous nos gestes et nos actions se font avec l\u2019aide de nos \u00e9motions. \u00a0<\/span><span style=\"font-size: 16px; -webkit-text-size-adjust: 100%;\">Le but de cette discussion nous permet d\u2019exprimer comment bien r\u00e9fl\u00e9chir et qu\u2019est-ce qui nous fait mal r\u00e9fl\u00e9chir ou encore quand il ne faut pas r\u00e9fl\u00e9chir par risque de danger.<\/span><\/div>\n<div style=\"text-align: right;\"><em>Article de Sibylle et illustration de Soren de 6eA<\/em><\/div>\n<h3><\/h3>\n<h3 style=\"font-weight: 400;\"><span style=\"font-size: 16px; -webkit-text-size-adjust: 100%;\"><img decoding=\"async\" class=\"alignnone wp-image-18852 size-full\" src=\"https:\/\/www.stjb-delasalle.fr\/site\/wp-content\/uploads\/2025\/01\/6C002.jpg\" alt=\"\" width=\"1920\" height=\"1555\" srcset=\"https:\/\/www.stjb-delasalle.fr\/site\/wp-content\/uploads\/2025\/01\/6C002.jpg 1920w, https:\/\/www.stjb-delasalle.fr\/site\/wp-content\/uploads\/2025\/01\/6C002-300x243.jpg 300w, https:\/\/www.stjb-delasalle.fr\/site\/wp-content\/uploads\/2025\/01\/6C002-1024x829.jpg 1024w, https:\/\/www.stjb-delasalle.fr\/site\/wp-content\/uploads\/2025\/01\/6C002-768x622.jpg 768w, https:\/\/www.stjb-delasalle.fr\/site\/wp-content\/uploads\/2025\/01\/6C002-1536x1244.jpg 1536w\" sizes=\"(max-width: 1920px) 100vw, 1920px\" \/><br \/>\n\u00c0 QUOI \u00c7A SERT DE R\u00c9FL\u00c9CHIR ?<\/span><\/h3>\n<p>On est le lundi 19 Janvier \u00e0 11:35. On est dans le coll\u00e8ge du Rancher, dans la salle Ga\u00efa. Le t<span style=\"font-size: 16px; -webkit-text-size-adjust: 100%;\">h\u00e8me de la discussion est <\/span><strong style=\"font-size: 16px; -webkit-text-size-adjust: 100%;\">\u00ab \u00c0 quoi \u00e7a sert de r\u00e9fl\u00e9chir ? \u00bb. <\/strong><span style=\"font-size: 16px; -webkit-text-size-adjust: 100%;\">Certains pensent que les bruits sont g\u00eanants pour r\u00e9fl\u00e9chir, pour se concentrer et pour g\u00e9rer ses \u00e9motions.<\/span> <span style=\"font-size: 16px; -webkit-text-size-adjust: 100%;\">Le texte utilis\u00e9 est le feuilleton d&rsquo;Herm\u00e8s. L\u2019<\/span>ambiance est tr\u00e8s calme<span style=\"font-size: 16px; -webkit-text-size-adjust: 100%;\">. <\/span><span style=\"font-size: 16px; -webkit-text-size-adjust: 100%;\">Nous \u00e9tions dix \u00e9l\u00e8ves \u00e0 pouvoir discuter, neuf ont discut\u00e9.<\/span><\/p>\n<p style=\"text-align: right;\"><em>Article de Ma\u00ebl et illustration de Fallou de 6eC<\/em><\/p>\n<p>&nbsp;<\/p>\n<p>&nbsp;<\/p>\n<p><span style=\"font-size: 16px; -webkit-text-size-adjust: 100%;\"><img decoding=\"async\" class=\"alignnone wp-image-18851 size-full\" src=\"https:\/\/www.stjb-delasalle.fr\/site\/wp-content\/uploads\/2025\/01\/6B003.jpg\" alt=\"\" width=\"1920\" height=\"1767\" srcset=\"https:\/\/www.stjb-delasalle.fr\/site\/wp-content\/uploads\/2025\/01\/6B003.jpg 1920w, https:\/\/www.stjb-delasalle.fr\/site\/wp-content\/uploads\/2025\/01\/6B003-300x276.jpg 300w, https:\/\/www.stjb-delasalle.fr\/site\/wp-content\/uploads\/2025\/01\/6B003-1024x942.jpg 1024w, https:\/\/www.stjb-delasalle.fr\/site\/wp-content\/uploads\/2025\/01\/6B003-768x707.jpg 768w, https:\/\/www.stjb-delasalle.fr\/site\/wp-content\/uploads\/2025\/01\/6B003-1536x1414.jpg 1536w\" sizes=\"(max-width: 1920px) 100vw, 1920px\" \/><\/span><\/p>\n<p><span style=\"font-size: 16px; -webkit-text-size-adjust: 100%;\">\u00c0 QUOI \u00c7A SERT DE R\u00c9FL\u00c9CHIR ?<\/span><\/p>\n<p>Au coll\u00e8ge Saint Jean-Baptiste de la Salle, dans la salle Ga\u00efa, le mardi<span style=\"font-size: 16px; -webkit-text-size-adjust: 100%;\"> 20 Janvier 2026 \u00e0 9h18, il y<\/span><span style=\"font-size: 16px; -webkit-text-size-adjust: 100%;\">a vingt \u00e9l\u00e8ves et une professeure, Mme Plut Guyet. <\/span><span style=\"font-size: 16px; -webkit-text-size-adjust: 100%;\">\u00ab \u00c0 quoi \u00e7a sert de r\u00e9fl\u00e9chir ? \u00bb, c&rsquo;est quand on s&rsquo;occupe et qu&rsquo;on pense aux m\u00e9tiers qu&rsquo;on voudrait faire , on ne pourrait pas vivre si on ne r\u00e9fl\u00e9chissait pas, c&rsquo;est quand on se concentre, en \u00a0pensant comment avoir une r\u00e9ponse \u00e0 quelque chose, c&rsquo;est quand on pense \u00e0 nos connaissances, c&rsquo;est quand on pense \u00e0 la concentration et \u00e0 l&rsquo;attaque. I<\/span><span style=\"font-size: 16px; -webkit-text-size-adjust: 100%;\">l y a 9 r\u00f4les, par exemple, le journaliste. Il ne participe pas \u00e0 la discussion ; il r\u00e9pond aux questions \u00ab\u00a0QQCOQP\u00a0\u00bb , suite \u00e0 la discussion, il \u00e9crit son article et l&rsquo;envoie \u00e0 l&rsquo;animateur. L&rsquo;article sera publi\u00e9 sur le blog d&rsquo;histoire g\u00e9ographie\/ EMC est avec le travail de l&rsquo;illustrateur.<\/span><\/p>\n<p style=\"text-align: right;\"><em>Article d\u2019Enora et illustration de Romane de 6eB<\/em><\/p>\n<p>&nbsp;<\/p>\n","protected":false},"excerpt":{"rendered":"<p>\u00c0 QUOI \u00c7A SERT DE R\u00c9FL\u00c9CHIR ? Au coll\u00e8ge STJB de La Salle, salle Ga\u00efa, 11 personnes ont discut\u00e9. L\u2019ambiance de classe \u00e9tait calme sans \u00e9l\u00e8ves perturbateurs, presque tous les \u00e9l\u00e8ves ont\u00a0\u00a0parl\u00e9 (sauf 3), le lundi 19 janvier 2026 de 10h27 \u00e0 10h42 soit un quart d\u2019heure.\u00a0\u00ab Certains \u00e9l\u00e8ves pensent que bien r\u00e9fl\u00e9chir et mal [&hellip;]<\/p>\n","protected":false},"author":2,"featured_media":14126,"comment_status":"closed","ping_status":"closed","sticky":false,"template":"","format":"standard","meta":{"site-sidebar-layout":"default","site-content-layout":"default","ast-site-content-layout":"default","site-content-style":"default","site-sidebar-style":"default","ast-global-header-display":"","ast-banner-title-visibility":"","ast-main-header-display":"","ast-hfb-above-header-display":"","ast-hfb-below-header-display":"","ast-hfb-mobile-header-display":"","site-post-title":"","ast-breadcrumbs-content":"","ast-featured-img":"","footer-sml-layout":"","ast-disable-related-posts":"","theme-transparent-header-meta":"default","adv-header-id-meta":"","stick-header-meta":"","header-above-stick-meta":"","header-main-stick-meta":"","header-below-stick-meta":"","astra-migrate-meta-layouts":"set","ast-page-background-enabled":"default","ast-page-background-meta":{"desktop":{"background-color":"var(--ast-global-color-4)","background-image":"","background-repeat":"repeat","background-position":"center center","background-size":"auto","background-attachment":"scroll","background-type":"","background-media":"","overlay-type":"","overlay-color":"","overlay-opacity":"","overlay-gradient":""},"tablet":{"background-color":"","background-image":"","background-repeat":"repeat","background-position":"center center","background-size":"auto","background-attachment":"scroll","background-type":"","background-media":"","overlay-type":"","overlay-color":"","overlay-opacity":"","overlay-gradient":""},"mobile":{"background-color":"","background-image":"","background-repeat":"repeat","background-position":"center center","background-size":"auto","background-attachment":"scroll","background-type":"","background-media":"","overlay-type":"","overlay-color":"","overlay-opacity":"","overlay-gradient":""}},"ast-content-background-meta":{"desktop":{"background-color":"var(--ast-global-color-5)","background-image":"","background-repeat":"repeat","background-position":"center center","background-size":"auto","background-attachment":"scroll","background-type":"","background-media":"","overlay-type":"","overlay-color":"","overlay-opacity":"","overlay-gradient":""},"tablet":{"background-color":"var(--ast-global-color-5)","background-image":"","background-repeat":"repeat","background-position":"center center","background-size":"auto","background-attachment":"scroll","background-type":"","background-media":"","overlay-type":"","overlay-color":"","overlay-opacity":"","overlay-gradient":""},"mobile":{"background-color":"var(--ast-global-color-5)","background-image":"","background-repeat":"repeat","background-position":"center center","background-size":"auto","background-attachment":"scroll","background-type":"","background-media":"","overlay-type":"","overlay-color":"","overlay-opacity":"","overlay-gradient":""}},"footnotes":""},"categories":[19,20],"tags":[],"class_list":["post-12557","post","type-post","status-publish","format-standard","has-post-thumbnail","hentry","category-6-hg","category-6e-hg-emc-attente"],"yoast_head":"<!-- This site is optimized with the Yoast SEO plugin v27.5 - https:\/\/yoast.com\/product\/yoast-seo-wordpress\/ -->\n<title>DVDP_A quoi \u00e7a sert de r\u00e9fl\u00e9chir ? - Coll\u00e8ge Saint Jean Baptiste de La Salle<\/title>\n<meta name=\"robots\" content=\"index, follow, max-snippet:-1, max-image-preview:large, max-video-preview:-1\" \/>\n<link rel=\"canonical\" href=\"https:\/\/www.stjb-delasalle.fr\/site\/2025\/01\/06\/dvdp_a-quoi-ca-sert-de-reflechir\/\" \/>\n<meta property=\"og:locale\" content=\"fr_FR\" \/>\n<meta property=\"og:type\" content=\"article\" \/>\n<meta property=\"og:title\" content=\"DVDP_A quoi \u00e7a sert de r\u00e9fl\u00e9chir ? - Coll\u00e8ge Saint Jean Baptiste de La Salle\" \/>\n<meta property=\"og:description\" content=\"\u00c0 QUOI \u00c7A SERT DE R\u00c9FL\u00c9CHIR ? Au coll\u00e8ge STJB de La Salle, salle Ga\u00efa, 11 personnes ont discut\u00e9. L\u2019ambiance de classe \u00e9tait calme sans \u00e9l\u00e8ves perturbateurs, presque tous les \u00e9l\u00e8ves ont\u00a0\u00a0parl\u00e9 (sauf 3), le lundi 19 janvier 2026 de 10h27 \u00e0 10h42 soit un quart d\u2019heure.\u00a0\u00ab Certains \u00e9l\u00e8ves pensent que bien r\u00e9fl\u00e9chir et mal [&hellip;]\" \/>\n<meta property=\"og:url\" content=\"https:\/\/www.stjb-delasalle.fr\/site\/2025\/01\/06\/dvdp_a-quoi-ca-sert-de-reflechir\/\" \/>\n<meta property=\"og:site_name\" content=\"Coll\u00e8ge Saint Jean Baptiste de La Salle\" \/>\n<meta property=\"article:published_time\" content=\"2025-01-06T09:00:34+00:00\" \/>\n<meta property=\"article:modified_time\" content=\"2026-02-06T19:24:55+00:00\" \/>\n<meta property=\"og:image\" content=\"https:\/\/www.stjb-delasalle.fr\/site\/wp-content\/uploads\/2023\/02\/DVDP-img-blog_6e-1.jpg\" \/>\n\t<meta property=\"og:image:width\" content=\"795\" \/>\n\t<meta property=\"og:image:height\" content=\"395\" \/>\n\t<meta property=\"og:image:type\" content=\"image\/jpeg\" \/>\n<meta name=\"author\" content=\"c.guyet\" \/>\n<meta name=\"twitter:card\" content=\"summary_large_image\" \/>\n<meta name=\"twitter:label1\" content=\"\u00c9crit par\" \/>\n\t<meta name=\"twitter:data1\" content=\"c.guyet\" \/>\n\t<meta name=\"twitter:label2\" content=\"Dur\u00e9e de lecture estim\u00e9e\" \/>\n\t<meta name=\"twitter:data2\" content=\"4 minutes\" \/>\n<script type=\"application\/ld+json\" class=\"yoast-schema-graph\">{\"@context\":\"https:\\\/\\\/schema.org\",\"@graph\":[{\"@type\":\"Article\",\"@id\":\"https:\\\/\\\/www.stjb-delasalle.fr\\\/site\\\/2025\\\/01\\\/06\\\/dvdp_a-quoi-ca-sert-de-reflechir\\\/#article\",\"isPartOf\":{\"@id\":\"https:\\\/\\\/www.stjb-delasalle.fr\\\/site\\\/2025\\\/01\\\/06\\\/dvdp_a-quoi-ca-sert-de-reflechir\\\/\"},\"author\":{\"name\":\"c.guyet\",\"@id\":\"https:\\\/\\\/www.stjb-delasalle.fr\\\/site\\\/#\\\/schema\\\/person\\\/c6bc729d0bf9f8313aad8e0f2022e769\"},\"headline\":\"DVDP_A quoi \u00e7a sert de r\u00e9fl\u00e9chir ?\",\"datePublished\":\"2025-01-06T09:00:34+00:00\",\"dateModified\":\"2026-02-06T19:24:55+00:00\",\"mainEntityOfPage\":{\"@id\":\"https:\\\/\\\/www.stjb-delasalle.fr\\\/site\\\/2025\\\/01\\\/06\\\/dvdp_a-quoi-ca-sert-de-reflechir\\\/\"},\"wordCount\":494,\"publisher\":{\"@id\":\"https:\\\/\\\/www.stjb-delasalle.fr\\\/site\\\/#organization\"},\"image\":{\"@id\":\"https:\\\/\\\/www.stjb-delasalle.fr\\\/site\\\/2025\\\/01\\\/06\\\/dvdp_a-quoi-ca-sert-de-reflechir\\\/#primaryimage\"},\"thumbnailUrl\":\"https:\\\/\\\/www.stjb-delasalle.fr\\\/site\\\/wp-content\\\/uploads\\\/2023\\\/02\\\/DVDP-img-blog_6e-1.jpg\",\"articleSection\":[\"6e HG-EMC\",\"6e HG-EMC \u2013 Attente\"],\"inLanguage\":\"fr-FR\"},{\"@type\":\"WebPage\",\"@id\":\"https:\\\/\\\/www.stjb-delasalle.fr\\\/site\\\/2025\\\/01\\\/06\\\/dvdp_a-quoi-ca-sert-de-reflechir\\\/\",\"url\":\"https:\\\/\\\/www.stjb-delasalle.fr\\\/site\\\/2025\\\/01\\\/06\\\/dvdp_a-quoi-ca-sert-de-reflechir\\\/\",\"name\":\"DVDP_A quoi \u00e7a sert de r\u00e9fl\u00e9chir ? - Coll\u00e8ge Saint Jean Baptiste de La Salle\",\"isPartOf\":{\"@id\":\"https:\\\/\\\/www.stjb-delasalle.fr\\\/site\\\/#website\"},\"primaryImageOfPage\":{\"@id\":\"https:\\\/\\\/www.stjb-delasalle.fr\\\/site\\\/2025\\\/01\\\/06\\\/dvdp_a-quoi-ca-sert-de-reflechir\\\/#primaryimage\"},\"image\":{\"@id\":\"https:\\\/\\\/www.stjb-delasalle.fr\\\/site\\\/2025\\\/01\\\/06\\\/dvdp_a-quoi-ca-sert-de-reflechir\\\/#primaryimage\"},\"thumbnailUrl\":\"https:\\\/\\\/www.stjb-delasalle.fr\\\/site\\\/wp-content\\\/uploads\\\/2023\\\/02\\\/DVDP-img-blog_6e-1.jpg\",\"datePublished\":\"2025-01-06T09:00:34+00:00\",\"dateModified\":\"2026-02-06T19:24:55+00:00\",\"breadcrumb\":{\"@id\":\"https:\\\/\\\/www.stjb-delasalle.fr\\\/site\\\/2025\\\/01\\\/06\\\/dvdp_a-quoi-ca-sert-de-reflechir\\\/#breadcrumb\"},\"inLanguage\":\"fr-FR\",\"potentialAction\":[{\"@type\":\"ReadAction\",\"target\":[\"https:\\\/\\\/www.stjb-delasalle.fr\\\/site\\\/2025\\\/01\\\/06\\\/dvdp_a-quoi-ca-sert-de-reflechir\\\/\"]}]},{\"@type\":\"ImageObject\",\"inLanguage\":\"fr-FR\",\"@id\":\"https:\\\/\\\/www.stjb-delasalle.fr\\\/site\\\/2025\\\/01\\\/06\\\/dvdp_a-quoi-ca-sert-de-reflechir\\\/#primaryimage\",\"url\":\"https:\\\/\\\/www.stjb-delasalle.fr\\\/site\\\/wp-content\\\/uploads\\\/2023\\\/02\\\/DVDP-img-blog_6e-1.jpg\",\"contentUrl\":\"https:\\\/\\\/www.stjb-delasalle.fr\\\/site\\\/wp-content\\\/uploads\\\/2023\\\/02\\\/DVDP-img-blog_6e-1.jpg\",\"width\":795,\"height\":395},{\"@type\":\"BreadcrumbList\",\"@id\":\"https:\\\/\\\/www.stjb-delasalle.fr\\\/site\\\/2025\\\/01\\\/06\\\/dvdp_a-quoi-ca-sert-de-reflechir\\\/#breadcrumb\",\"itemListElement\":[{\"@type\":\"ListItem\",\"position\":1,\"name\":\"Accueil\",\"item\":\"https:\\\/\\\/www.stjb-delasalle.fr\\\/site\\\/\"},{\"@type\":\"ListItem\",\"position\":2,\"name\":\"DVDP_A quoi \u00e7a sert de r\u00e9fl\u00e9chir ?\"}]},{\"@type\":\"WebSite\",\"@id\":\"https:\\\/\\\/www.stjb-delasalle.fr\\\/site\\\/#website\",\"url\":\"https:\\\/\\\/www.stjb-delasalle.fr\\\/site\\\/\",\"name\":\"Coll\u00e8ge Saint Jean Baptiste de La Salle\",\"description\":\"Notre coll\u00e8ge vous accueille sur le site du Rancher \u00e0 Teloch\u00e9\",\"publisher\":{\"@id\":\"https:\\\/\\\/www.stjb-delasalle.fr\\\/site\\\/#organization\"},\"potentialAction\":[{\"@type\":\"SearchAction\",\"target\":{\"@type\":\"EntryPoint\",\"urlTemplate\":\"https:\\\/\\\/www.stjb-delasalle.fr\\\/site\\\/?s={search_term_string}\"},\"query-input\":{\"@type\":\"PropertyValueSpecification\",\"valueRequired\":true,\"valueName\":\"search_term_string\"}}],\"inLanguage\":\"fr-FR\"},{\"@type\":\"Organization\",\"@id\":\"https:\\\/\\\/www.stjb-delasalle.fr\\\/site\\\/#organization\",\"name\":\"Coll\u00e8ge Saint Jean Baptiste de La Salle\",\"url\":\"https:\\\/\\\/www.stjb-delasalle.fr\\\/site\\\/\",\"logo\":{\"@type\":\"ImageObject\",\"inLanguage\":\"fr-FR\",\"@id\":\"https:\\\/\\\/www.stjb-delasalle.fr\\\/site\\\/#\\\/schema\\\/logo\\\/image\\\/\",\"url\":\"https:\\\/\\\/www.stjb-delasalle.fr\\\/site\\\/wp-content\\\/uploads\\\/2021\\\/11\\\/logostjb_petit_transp.png\",\"contentUrl\":\"https:\\\/\\\/www.stjb-delasalle.fr\\\/site\\\/wp-content\\\/uploads\\\/2021\\\/11\\\/logostjb_petit_transp.png\",\"width\":180,\"height\":127,\"caption\":\"Coll\u00e8ge Saint Jean Baptiste de La Salle\"},\"image\":{\"@id\":\"https:\\\/\\\/www.stjb-delasalle.fr\\\/site\\\/#\\\/schema\\\/logo\\\/image\\\/\"}},{\"@type\":\"Person\",\"@id\":\"https:\\\/\\\/www.stjb-delasalle.fr\\\/site\\\/#\\\/schema\\\/person\\\/c6bc729d0bf9f8313aad8e0f2022e769\",\"name\":\"c.guyet\",\"image\":{\"@type\":\"ImageObject\",\"inLanguage\":\"fr-FR\",\"@id\":\"https:\\\/\\\/secure.gravatar.com\\\/avatar\\\/98285b9b7d516bd7548b85ee36dad7b7a74a5a4df2ae5710a3e58b2b841205fc?s=96&d=mm&r=g\",\"url\":\"https:\\\/\\\/secure.gravatar.com\\\/avatar\\\/98285b9b7d516bd7548b85ee36dad7b7a74a5a4df2ae5710a3e58b2b841205fc?s=96&d=mm&r=g\",\"contentUrl\":\"https:\\\/\\\/secure.gravatar.com\\\/avatar\\\/98285b9b7d516bd7548b85ee36dad7b7a74a5a4df2ae5710a3e58b2b841205fc?s=96&d=mm&r=g\",\"caption\":\"c.guyet\"},\"url\":\"https:\\\/\\\/www.stjb-delasalle.fr\\\/site\\\/author\\\/c-guyet\\\/\"}]}<\/script>\n<!-- \/ Yoast SEO plugin. -->","yoast_head_json":{"title":"DVDP_A quoi \u00e7a sert de r\u00e9fl\u00e9chir ? - Coll\u00e8ge Saint Jean Baptiste de La Salle","robots":{"index":"index","follow":"follow","max-snippet":"max-snippet:-1","max-image-preview":"max-image-preview:large","max-video-preview":"max-video-preview:-1"},"canonical":"https:\/\/www.stjb-delasalle.fr\/site\/2025\/01\/06\/dvdp_a-quoi-ca-sert-de-reflechir\/","og_locale":"fr_FR","og_type":"article","og_title":"DVDP_A quoi \u00e7a sert de r\u00e9fl\u00e9chir ? - Coll\u00e8ge Saint Jean Baptiste de La Salle","og_description":"\u00c0 QUOI \u00c7A SERT DE R\u00c9FL\u00c9CHIR ? Au coll\u00e8ge STJB de La Salle, salle Ga\u00efa, 11 personnes ont discut\u00e9. L\u2019ambiance de classe \u00e9tait calme sans \u00e9l\u00e8ves perturbateurs, presque tous les \u00e9l\u00e8ves ont\u00a0\u00a0parl\u00e9 (sauf 3), le lundi 19 janvier 2026 de 10h27 \u00e0 10h42 soit un quart d\u2019heure.\u00a0\u00ab Certains \u00e9l\u00e8ves pensent que bien r\u00e9fl\u00e9chir et mal [&hellip;]","og_url":"https:\/\/www.stjb-delasalle.fr\/site\/2025\/01\/06\/dvdp_a-quoi-ca-sert-de-reflechir\/","og_site_name":"Coll\u00e8ge Saint Jean Baptiste de La Salle","article_published_time":"2025-01-06T09:00:34+00:00","article_modified_time":"2026-02-06T19:24:55+00:00","og_image":[{"width":795,"height":395,"url":"https:\/\/www.stjb-delasalle.fr\/site\/wp-content\/uploads\/2023\/02\/DVDP-img-blog_6e-1.jpg","type":"image\/jpeg"}],"author":"c.guyet","twitter_card":"summary_large_image","twitter_misc":{"\u00c9crit par":"c.guyet","Dur\u00e9e de lecture estim\u00e9e":"4 minutes"},"schema":{"@context":"https:\/\/schema.org","@graph":[{"@type":"Article","@id":"https:\/\/www.stjb-delasalle.fr\/site\/2025\/01\/06\/dvdp_a-quoi-ca-sert-de-reflechir\/#article","isPartOf":{"@id":"https:\/\/www.stjb-delasalle.fr\/site\/2025\/01\/06\/dvdp_a-quoi-ca-sert-de-reflechir\/"},"author":{"name":"c.guyet","@id":"https:\/\/www.stjb-delasalle.fr\/site\/#\/schema\/person\/c6bc729d0bf9f8313aad8e0f2022e769"},"headline":"DVDP_A quoi \u00e7a sert de r\u00e9fl\u00e9chir ?","datePublished":"2025-01-06T09:00:34+00:00","dateModified":"2026-02-06T19:24:55+00:00","mainEntityOfPage":{"@id":"https:\/\/www.stjb-delasalle.fr\/site\/2025\/01\/06\/dvdp_a-quoi-ca-sert-de-reflechir\/"},"wordCount":494,"publisher":{"@id":"https:\/\/www.stjb-delasalle.fr\/site\/#organization"},"image":{"@id":"https:\/\/www.stjb-delasalle.fr\/site\/2025\/01\/06\/dvdp_a-quoi-ca-sert-de-reflechir\/#primaryimage"},"thumbnailUrl":"https:\/\/www.stjb-delasalle.fr\/site\/wp-content\/uploads\/2023\/02\/DVDP-img-blog_6e-1.jpg","articleSection":["6e HG-EMC","6e HG-EMC \u2013 Attente"],"inLanguage":"fr-FR"},{"@type":"WebPage","@id":"https:\/\/www.stjb-delasalle.fr\/site\/2025\/01\/06\/dvdp_a-quoi-ca-sert-de-reflechir\/","url":"https:\/\/www.stjb-delasalle.fr\/site\/2025\/01\/06\/dvdp_a-quoi-ca-sert-de-reflechir\/","name":"DVDP_A quoi \u00e7a sert de r\u00e9fl\u00e9chir ? - Coll\u00e8ge Saint Jean Baptiste de La Salle","isPartOf":{"@id":"https:\/\/www.stjb-delasalle.fr\/site\/#website"},"primaryImageOfPage":{"@id":"https:\/\/www.stjb-delasalle.fr\/site\/2025\/01\/06\/dvdp_a-quoi-ca-sert-de-reflechir\/#primaryimage"},"image":{"@id":"https:\/\/www.stjb-delasalle.fr\/site\/2025\/01\/06\/dvdp_a-quoi-ca-sert-de-reflechir\/#primaryimage"},"thumbnailUrl":"https:\/\/www.stjb-delasalle.fr\/site\/wp-content\/uploads\/2023\/02\/DVDP-img-blog_6e-1.jpg","datePublished":"2025-01-06T09:00:34+00:00","dateModified":"2026-02-06T19:24:55+00:00","breadcrumb":{"@id":"https:\/\/www.stjb-delasalle.fr\/site\/2025\/01\/06\/dvdp_a-quoi-ca-sert-de-reflechir\/#breadcrumb"},"inLanguage":"fr-FR","potentialAction":[{"@type":"ReadAction","target":["https:\/\/www.stjb-delasalle.fr\/site\/2025\/01\/06\/dvdp_a-quoi-ca-sert-de-reflechir\/"]}]},{"@type":"ImageObject","inLanguage":"fr-FR","@id":"https:\/\/www.stjb-delasalle.fr\/site\/2025\/01\/06\/dvdp_a-quoi-ca-sert-de-reflechir\/#primaryimage","url":"https:\/\/www.stjb-delasalle.fr\/site\/wp-content\/uploads\/2023\/02\/DVDP-img-blog_6e-1.jpg","contentUrl":"https:\/\/www.stjb-delasalle.fr\/site\/wp-content\/uploads\/2023\/02\/DVDP-img-blog_6e-1.jpg","width":795,"height":395},{"@type":"BreadcrumbList","@id":"https:\/\/www.stjb-delasalle.fr\/site\/2025\/01\/06\/dvdp_a-quoi-ca-sert-de-reflechir\/#breadcrumb","itemListElement":[{"@type":"ListItem","position":1,"name":"Accueil","item":"https:\/\/www.stjb-delasalle.fr\/site\/"},{"@type":"ListItem","position":2,"name":"DVDP_A quoi \u00e7a sert de r\u00e9fl\u00e9chir ?"}]},{"@type":"WebSite","@id":"https:\/\/www.stjb-delasalle.fr\/site\/#website","url":"https:\/\/www.stjb-delasalle.fr\/site\/","name":"Coll\u00e8ge Saint Jean Baptiste de La Salle","description":"Notre coll\u00e8ge vous accueille sur le site du Rancher \u00e0 Teloch\u00e9","publisher":{"@id":"https:\/\/www.stjb-delasalle.fr\/site\/#organization"},"potentialAction":[{"@type":"SearchAction","target":{"@type":"EntryPoint","urlTemplate":"https:\/\/www.stjb-delasalle.fr\/site\/?s={search_term_string}"},"query-input":{"@type":"PropertyValueSpecification","valueRequired":true,"valueName":"search_term_string"}}],"inLanguage":"fr-FR"},{"@type":"Organization","@id":"https:\/\/www.stjb-delasalle.fr\/site\/#organization","name":"Coll\u00e8ge Saint Jean Baptiste de La Salle","url":"https:\/\/www.stjb-delasalle.fr\/site\/","logo":{"@type":"ImageObject","inLanguage":"fr-FR","@id":"https:\/\/www.stjb-delasalle.fr\/site\/#\/schema\/logo\/image\/","url":"https:\/\/www.stjb-delasalle.fr\/site\/wp-content\/uploads\/2021\/11\/logostjb_petit_transp.png","contentUrl":"https:\/\/www.stjb-delasalle.fr\/site\/wp-content\/uploads\/2021\/11\/logostjb_petit_transp.png","width":180,"height":127,"caption":"Coll\u00e8ge Saint Jean Baptiste de La Salle"},"image":{"@id":"https:\/\/www.stjb-delasalle.fr\/site\/#\/schema\/logo\/image\/"}},{"@type":"Person","@id":"https:\/\/www.stjb-delasalle.fr\/site\/#\/schema\/person\/c6bc729d0bf9f8313aad8e0f2022e769","name":"c.guyet","image":{"@type":"ImageObject","inLanguage":"fr-FR","@id":"https:\/\/secure.gravatar.com\/avatar\/98285b9b7d516bd7548b85ee36dad7b7a74a5a4df2ae5710a3e58b2b841205fc?s=96&d=mm&r=g","url":"https:\/\/secure.gravatar.com\/avatar\/98285b9b7d516bd7548b85ee36dad7b7a74a5a4df2ae5710a3e58b2b841205fc?s=96&d=mm&r=g","contentUrl":"https:\/\/secure.gravatar.com\/avatar\/98285b9b7d516bd7548b85ee36dad7b7a74a5a4df2ae5710a3e58b2b841205fc?s=96&d=mm&r=g","caption":"c.guyet"},"url":"https:\/\/www.stjb-delasalle.fr\/site\/author\/c-guyet\/"}]}},"_links":{"self":[{"href":"https:\/\/www.stjb-delasalle.fr\/site\/wp-json\/wp\/v2\/posts\/12557","targetHints":{"allow":["GET"]}}],"collection":[{"href":"https:\/\/www.stjb-delasalle.fr\/site\/wp-json\/wp\/v2\/posts"}],"about":[{"href":"https:\/\/www.stjb-delasalle.fr\/site\/wp-json\/wp\/v2\/types\/post"}],"author":[{"embeddable":true,"href":"https:\/\/www.stjb-delasalle.fr\/site\/wp-json\/wp\/v2\/users\/2"}],"replies":[{"embeddable":true,"href":"https:\/\/www.stjb-delasalle.fr\/site\/wp-json\/wp\/v2\/comments?post=12557"}],"version-history":[{"count":5,"href":"https:\/\/www.stjb-delasalle.fr\/site\/wp-json\/wp\/v2\/posts\/12557\/revisions"}],"predecessor-version":[{"id":18854,"href":"https:\/\/www.stjb-delasalle.fr\/site\/wp-json\/wp\/v2\/posts\/12557\/revisions\/18854"}],"wp:featuredmedia":[{"embeddable":true,"href":"https:\/\/www.stjb-delasalle.fr\/site\/wp-json\/wp\/v2\/media\/14126"}],"wp:attachment":[{"href":"https:\/\/www.stjb-delasalle.fr\/site\/wp-json\/wp\/v2\/media?parent=12557"}],"wp:term":[{"taxonomy":"category","embeddable":true,"href":"https:\/\/www.stjb-delasalle.fr\/site\/wp-json\/wp\/v2\/categories?post=12557"},{"taxonomy":"post_tag","embeddable":true,"href":"https:\/\/www.stjb-delasalle.fr\/site\/wp-json\/wp\/v2\/tags?post=12557"}],"curies":[{"name":"wp","href":"https:\/\/api.w.org\/{rel}","templated":true}]}}