{"id":12451,"date":"2023-02-05T17:30:56","date_gmt":"2023-02-05T17:30:56","guid":{"rendered":"https:\/\/www.stjb-delasalle.fr\/site\/?p=12451"},"modified":"2023-02-05T17:31:27","modified_gmt":"2023-02-05T17:31:27","slug":"celebration-de-la-chandeleur-3","status":"publish","type":"post","link":"https:\/\/www.stjb-delasalle.fr\/site\/2023\/02\/05\/celebration-de-la-chandeleur-3\/","title":{"rendered":"C\u00e9l\u00e9bration de la Chandeleur"},"content":{"rendered":"<h2><em><strong>J\u00e9sus ! Sois la Lumi\u00e8re qui \u00e9claire mon chemin !<\/strong><\/em><\/h2>\n<p>&nbsp;<\/p>\n<p style=\"font-weight: 400;\">Hom\u00e9lie du jeudi 2 f\u00e9vrier 2023<\/p>\n<p style=\"font-weight: 400;\">Au temps de No\u00ebl, nous avons c\u00e9l\u00e9br\u00e9 la naissance du Fils de Dieu. D\u00e8s sa naissance, il attire d\u00e9j\u00e0 des gens du monde entier puisque les \u00e9vangiles nous enseignent qu\u2019une \u00e9toile a conduit les Rois Mages vers la lumi\u00e8re v\u00e9ritable.<\/p>\n<p style=\"font-weight: 400;\">Nous reconnaissons l\u2019importance de la lumi\u00e8re. Dans notre exp\u00e9rience en tant que personne humaine quand nous nous retrouvons dans les t\u00e9n\u00e8bres, nous avons peur. Certaines fois, cette peur s\u2019exprime par des cris de d\u00e9tresse, par le stress, par l\u2019\u00e9motion, par l\u2019agressivit\u00e9. En fait, les t\u00e9n\u00e8bres nous emp\u00eachent de voir, de fixer et de suivre une direction.<\/p>\n<p style=\"font-weight: 400;\">Voil\u00e0 pourquoi ce n\u2019est pas bon de vivre dans les t\u00e9n\u00e8bres et ce n\u2019est pas bon de choisir les t\u00e9n\u00e8bres. Le peuple Isra\u00ebl se sentait \u00e9gar\u00e9 sur la voie. Il attendait le Messie. Il attendait la d\u00e9livrance. Il n\u2019y en avait pas beaucoup qui avaient eu la chance de rencontrer le Seigneur. Sym\u00e9on avait eu cette chance. C\u2019est la raison pour laquelle il a parl\u00e9 en ce sens: \u00ab Lumi\u00e8re pour toutes les nations \u00bb. Ainsi dire, quand vient le jour de la d\u00e9livrance le Fils Unique du P\u00e8re a embrass\u00e9 notre condition en vue de nous faire connaitre la volont\u00e9 de son P\u00e8re. Et la volont\u00e9 de son P\u00e8re c\u2019est de nous d\u00e9livrer, de nous conduire par son Fils \u00e0 la Lumi\u00e8re. C\u2019est le but de notre c\u00e9l\u00e9bration.<\/p>\n<p style=\"font-weight: 400;\">La Lumi\u00e8re d\u2019en Haut vient nous visiter. Elle vient nous apporter une nouvelle m\u00e9thode d\u2019aimer Dieu, nos parents, nos camarades, nos prochains et les pauvres. Or, celui qui fait le contraire, fait souffrir. On devient quelqu\u2019un \u00e0 \u00e9viter. Alors, en ce jour de f\u00eate, il faut apprendre \u00e0 cultiver la positivit\u00e9, \u00e0 respecter l\u2019autre, vos parents, vos professeurs, vos prochains et les pauvres. Il faut \u00eatre attirant.<\/p>\n<p style=\"font-weight: 400;\">Demandons \u00e0 Dieu de nous conduire vers la vraie Lumi\u00e8re afin que nous portions les autres que nous cotoyons vers la joie, pour que nous soyons lumi\u00e8re pour les autres, pour que nous ne soyons pas la cause du d\u00e9couragement de ceux et celles qui nous \u00e9duquent, qui nous accompagnent et qui nous aiment.<\/p>\n<p style=\"font-weight: 400;\">Pensez \u00e0 tous les religieux de Saint Jean Baptiste de la Salle puisque c\u2019est la f\u00eate de tous (toutes) les consacr\u00e9s(es) et priez pour tous ceux et toutes celles qui vous accompagnent.<br \/>\n<img fetchpriority=\"high\" decoding=\"async\" class=\"alignnone wp-image-12464 size-large\" src=\"https:\/\/www.stjb-delasalle.fr\/site\/wp-content\/uploads\/2023\/02\/8116914A-E2F6-4BFB-847F-BF5593A9E030-1024x745.jpeg\" alt=\"\" width=\"1024\" height=\"745\" srcset=\"https:\/\/www.stjb-delasalle.fr\/site\/wp-content\/uploads\/2023\/02\/8116914A-E2F6-4BFB-847F-BF5593A9E030-1024x745.jpeg 1024w, https:\/\/www.stjb-delasalle.fr\/site\/wp-content\/uploads\/2023\/02\/8116914A-E2F6-4BFB-847F-BF5593A9E030-300x218.jpeg 300w, https:\/\/www.stjb-delasalle.fr\/site\/wp-content\/uploads\/2023\/02\/8116914A-E2F6-4BFB-847F-BF5593A9E030-768x559.jpeg 768w, https:\/\/www.stjb-delasalle.fr\/site\/wp-content\/uploads\/2023\/02\/8116914A-E2F6-4BFB-847F-BF5593A9E030-1536x1118.jpeg 1536w, https:\/\/www.stjb-delasalle.fr\/site\/wp-content\/uploads\/2023\/02\/8116914A-E2F6-4BFB-847F-BF5593A9E030.jpeg 1920w\" sizes=\"(max-width: 1024px) 100vw, 1024px\" \/> <img decoding=\"async\" class=\"alignnone wp-image-12465 size-large\" src=\"https:\/\/www.stjb-delasalle.fr\/site\/wp-content\/uploads\/2023\/02\/7B018DED-5B5A-4500-AA65-45725E22BA20-1024x794.jpeg\" alt=\"\" width=\"1024\" height=\"794\" srcset=\"https:\/\/www.stjb-delasalle.fr\/site\/wp-content\/uploads\/2023\/02\/7B018DED-5B5A-4500-AA65-45725E22BA20-1024x794.jpeg 1024w, https:\/\/www.stjb-delasalle.fr\/site\/wp-content\/uploads\/2023\/02\/7B018DED-5B5A-4500-AA65-45725E22BA20-300x233.jpeg 300w, https:\/\/www.stjb-delasalle.fr\/site\/wp-content\/uploads\/2023\/02\/7B018DED-5B5A-4500-AA65-45725E22BA20-768x596.jpeg 768w, https:\/\/www.stjb-delasalle.fr\/site\/wp-content\/uploads\/2023\/02\/7B018DED-5B5A-4500-AA65-45725E22BA20-1536x1191.jpeg 1536w, https:\/\/www.stjb-delasalle.fr\/site\/wp-content\/uploads\/2023\/02\/7B018DED-5B5A-4500-AA65-45725E22BA20.jpeg 1920w\" sizes=\"(max-width: 1024px) 100vw, 1024px\" \/> <img decoding=\"async\" class=\"alignnone wp-image-12466 size-large\" src=\"https:\/\/www.stjb-delasalle.fr\/site\/wp-content\/uploads\/2023\/02\/EEFAAC9C-241D-4B73-90CE-C78E0FC15EA9-786x1024.jpeg\" alt=\"\" width=\"786\" height=\"1024\" srcset=\"https:\/\/www.stjb-delasalle.fr\/site\/wp-content\/uploads\/2023\/02\/EEFAAC9C-241D-4B73-90CE-C78E0FC15EA9-786x1024.jpeg 786w, https:\/\/www.stjb-delasalle.fr\/site\/wp-content\/uploads\/2023\/02\/EEFAAC9C-241D-4B73-90CE-C78E0FC15EA9-230x300.jpeg 230w, https:\/\/www.stjb-delasalle.fr\/site\/wp-content\/uploads\/2023\/02\/EEFAAC9C-241D-4B73-90CE-C78E0FC15EA9-768x1001.jpeg 768w, https:\/\/www.stjb-delasalle.fr\/site\/wp-content\/uploads\/2023\/02\/EEFAAC9C-241D-4B73-90CE-C78E0FC15EA9-1178x1536.jpeg 1178w, https:\/\/www.stjb-delasalle.fr\/site\/wp-content\/uploads\/2023\/02\/EEFAAC9C-241D-4B73-90CE-C78E0FC15EA9.jpeg 1473w\" sizes=\"(max-width: 786px) 100vw, 786px\" \/><\/p>\n<p><img loading=\"lazy\" decoding=\"async\" class=\"alignnone wp-image-12454 size-large\" src=\"https:\/\/www.stjb-delasalle.fr\/site\/wp-content\/uploads\/2023\/02\/F8FC9E21-91D4-4BDC-867F-86015667DBB2-768x1024.jpeg\" alt=\"\" width=\"768\" height=\"1024\" srcset=\"https:\/\/www.stjb-delasalle.fr\/site\/wp-content\/uploads\/2023\/02\/F8FC9E21-91D4-4BDC-867F-86015667DBB2-768x1024.jpeg 768w, https:\/\/www.stjb-delasalle.fr\/site\/wp-content\/uploads\/2023\/02\/F8FC9E21-91D4-4BDC-867F-86015667DBB2-225x300.jpeg 225w, https:\/\/www.stjb-delasalle.fr\/site\/wp-content\/uploads\/2023\/02\/F8FC9E21-91D4-4BDC-867F-86015667DBB2-1152x1536.jpeg 1152w, https:\/\/www.stjb-delasalle.fr\/site\/wp-content\/uploads\/2023\/02\/F8FC9E21-91D4-4BDC-867F-86015667DBB2.jpeg 1200w\" sizes=\"(max-width: 768px) 100vw, 768px\" \/> <img loading=\"lazy\" decoding=\"async\" class=\"alignnone wp-image-12455 size-large\" src=\"https:\/\/www.stjb-delasalle.fr\/site\/wp-content\/uploads\/2023\/02\/04637B16-5DB6-440C-A9A8-E8C04738F118-768x1024.jpeg\" alt=\"\" width=\"768\" height=\"1024\" srcset=\"https:\/\/www.stjb-delasalle.fr\/site\/wp-content\/uploads\/2023\/02\/04637B16-5DB6-440C-A9A8-E8C04738F118-768x1024.jpeg 768w, https:\/\/www.stjb-delasalle.fr\/site\/wp-content\/uploads\/2023\/02\/04637B16-5DB6-440C-A9A8-E8C04738F118-225x300.jpeg 225w, https:\/\/www.stjb-delasalle.fr\/site\/wp-content\/uploads\/2023\/02\/04637B16-5DB6-440C-A9A8-E8C04738F118-1152x1536.jpeg 1152w, https:\/\/www.stjb-delasalle.fr\/site\/wp-content\/uploads\/2023\/02\/04637B16-5DB6-440C-A9A8-E8C04738F118.jpeg 1200w\" sizes=\"(max-width: 768px) 100vw, 768px\" \/> <img loading=\"lazy\" decoding=\"async\" class=\"alignnone wp-image-12456 size-large\" src=\"https:\/\/www.stjb-delasalle.fr\/site\/wp-content\/uploads\/2023\/02\/6BFC47DB-CB1A-4774-B3AB-AACA593F139F-768x1024.jpeg\" alt=\"\" width=\"768\" height=\"1024\" srcset=\"https:\/\/www.stjb-delasalle.fr\/site\/wp-content\/uploads\/2023\/02\/6BFC47DB-CB1A-4774-B3AB-AACA593F139F-768x1024.jpeg 768w, https:\/\/www.stjb-delasalle.fr\/site\/wp-content\/uploads\/2023\/02\/6BFC47DB-CB1A-4774-B3AB-AACA593F139F-225x300.jpeg 225w, https:\/\/www.stjb-delasalle.fr\/site\/wp-content\/uploads\/2023\/02\/6BFC47DB-CB1A-4774-B3AB-AACA593F139F-1152x1536.jpeg 1152w, https:\/\/www.stjb-delasalle.fr\/site\/wp-content\/uploads\/2023\/02\/6BFC47DB-CB1A-4774-B3AB-AACA593F139F.jpeg 1200w\" sizes=\"(max-width: 768px) 100vw, 768px\" \/> <img loading=\"lazy\" decoding=\"async\" class=\"alignnone wp-image-12457 size-full\" src=\"https:\/\/www.stjb-delasalle.fr\/site\/wp-content\/uploads\/2023\/02\/C860BA10-80ED-4517-A895-B65F9B58CFF0.jpeg\" alt=\"\" width=\"768\" height=\"1024\" srcset=\"https:\/\/www.stjb-delasalle.fr\/site\/wp-content\/uploads\/2023\/02\/C860BA10-80ED-4517-A895-B65F9B58CFF0.jpeg 768w, https:\/\/www.stjb-delasalle.fr\/site\/wp-content\/uploads\/2023\/02\/C860BA10-80ED-4517-A895-B65F9B58CFF0-225x300.jpeg 225w\" sizes=\"(max-width: 768px) 100vw, 768px\" \/> <img loading=\"lazy\" decoding=\"async\" class=\"alignnone wp-image-12458 size-full\" src=\"https:\/\/www.stjb-delasalle.fr\/site\/wp-content\/uploads\/2023\/02\/B645AD1F-15A3-4E88-AC6D-052F364E74C8.jpeg\" alt=\"\" width=\"768\" height=\"1024\" srcset=\"https:\/\/www.stjb-delasalle.fr\/site\/wp-content\/uploads\/2023\/02\/B645AD1F-15A3-4E88-AC6D-052F364E74C8.jpeg 768w, https:\/\/www.stjb-delasalle.fr\/site\/wp-content\/uploads\/2023\/02\/B645AD1F-15A3-4E88-AC6D-052F364E74C8-225x300.jpeg 225w\" sizes=\"(max-width: 768px) 100vw, 768px\" \/> <img loading=\"lazy\" decoding=\"async\" class=\"alignnone wp-image-12460 size-large\" src=\"https:\/\/www.stjb-delasalle.fr\/site\/wp-content\/uploads\/2023\/02\/47542B42-D645-4B79-A78C-D396664293D9-768x1024.jpeg\" alt=\"\" width=\"768\" height=\"1024\" srcset=\"https:\/\/www.stjb-delasalle.fr\/site\/wp-content\/uploads\/2023\/02\/47542B42-D645-4B79-A78C-D396664293D9-768x1024.jpeg 768w, https:\/\/www.stjb-delasalle.fr\/site\/wp-content\/uploads\/2023\/02\/47542B42-D645-4B79-A78C-D396664293D9-225x300.jpeg 225w, https:\/\/www.stjb-delasalle.fr\/site\/wp-content\/uploads\/2023\/02\/47542B42-D645-4B79-A78C-D396664293D9-1152x1536.jpeg 1152w, https:\/\/www.stjb-delasalle.fr\/site\/wp-content\/uploads\/2023\/02\/47542B42-D645-4B79-A78C-D396664293D9.jpeg 1536w\" sizes=\"(max-width: 768px) 100vw, 768px\" \/> <img loading=\"lazy\" decoding=\"async\" class=\"alignnone wp-image-12461 size-large\" src=\"https:\/\/www.stjb-delasalle.fr\/site\/wp-content\/uploads\/2023\/02\/DD5A3601-8138-4C93-8074-D5DF47FAD15F-768x1024.jpeg\" alt=\"\" width=\"768\" height=\"1024\" srcset=\"https:\/\/www.stjb-delasalle.fr\/site\/wp-content\/uploads\/2023\/02\/DD5A3601-8138-4C93-8074-D5DF47FAD15F-768x1024.jpeg 768w, https:\/\/www.stjb-delasalle.fr\/site\/wp-content\/uploads\/2023\/02\/DD5A3601-8138-4C93-8074-D5DF47FAD15F-225x300.jpeg 225w, https:\/\/www.stjb-delasalle.fr\/site\/wp-content\/uploads\/2023\/02\/DD5A3601-8138-4C93-8074-D5DF47FAD15F-1152x1536.jpeg 1152w, https:\/\/www.stjb-delasalle.fr\/site\/wp-content\/uploads\/2023\/02\/DD5A3601-8138-4C93-8074-D5DF47FAD15F.jpeg 1536w\" sizes=\"(max-width: 768px) 100vw, 768px\" \/> <img loading=\"lazy\" decoding=\"async\" class=\"alignnone wp-image-12462 size-large\" src=\"https:\/\/www.stjb-delasalle.fr\/site\/wp-content\/uploads\/2023\/02\/24B043FB-884B-4D81-B76F-DB845BC736A8-1024x768.jpeg\" alt=\"\" width=\"1024\" height=\"768\" srcset=\"https:\/\/www.stjb-delasalle.fr\/site\/wp-content\/uploads\/2023\/02\/24B043FB-884B-4D81-B76F-DB845BC736A8-1024x768.jpeg 1024w, https:\/\/www.stjb-delasalle.fr\/site\/wp-content\/uploads\/2023\/02\/24B043FB-884B-4D81-B76F-DB845BC736A8-300x225.jpeg 300w, https:\/\/www.stjb-delasalle.fr\/site\/wp-content\/uploads\/2023\/02\/24B043FB-884B-4D81-B76F-DB845BC736A8-768x576.jpeg 768w, https:\/\/www.stjb-delasalle.fr\/site\/wp-content\/uploads\/2023\/02\/24B043FB-884B-4D81-B76F-DB845BC736A8-1536x1152.jpeg 1536w, https:\/\/www.stjb-delasalle.fr\/site\/wp-content\/uploads\/2023\/02\/24B043FB-884B-4D81-B76F-DB845BC736A8.jpeg 1600w\" sizes=\"(max-width: 1024px) 100vw, 1024px\" \/><\/p>\n","protected":false},"excerpt":{"rendered":"<p>J\u00e9sus ! Sois la Lumi\u00e8re qui \u00e9claire mon chemin ! &nbsp; Hom\u00e9lie du jeudi 2 f\u00e9vrier 2023 Au temps de No\u00ebl, nous avons c\u00e9l\u00e9br\u00e9 la naissance du Fils de Dieu. D\u00e8s sa naissance, il attire d\u00e9j\u00e0 des gens du monde entier puisque les \u00e9vangiles nous enseignent qu\u2019une \u00e9toile a conduit les Rois Mages vers la [&hellip;]<\/p>\n","protected":false},"author":3,"featured_media":12453,"comment_status":"open","ping_status":"open","sticky":false,"template":"","format":"standard","meta":{"site-sidebar-layout":"default","site-content-layout":"default","ast-site-content-layout":"default","site-content-style":"default","site-sidebar-style":"default","ast-global-header-display":"","ast-banner-title-visibility":"","ast-main-header-display":"","ast-hfb-above-header-display":"","ast-hfb-below-header-display":"","ast-hfb-mobile-header-display":"","site-post-title":"","ast-breadcrumbs-content":"","ast-featured-img":"","footer-sml-layout":"","ast-disable-related-posts":"","theme-transparent-header-meta":"default","adv-header-id-meta":"","stick-header-meta":"","header-above-stick-meta":"","header-main-stick-meta":"","header-below-stick-meta":"","astra-migrate-meta-layouts":"default","ast-page-background-enabled":"default","ast-page-background-meta":{"desktop":{"background-color":"var(--ast-global-color-4)","background-image":"","background-repeat":"repeat","background-position":"center center","background-size":"auto","background-attachment":"scroll","background-type":"","background-media":"","overlay-type":"","overlay-color":"","overlay-opacity":"","overlay-gradient":""},"tablet":{"background-color":"","background-image":"","background-repeat":"repeat","background-position":"center center","background-size":"auto","background-attachment":"scroll","background-type":"","background-media":"","overlay-type":"","overlay-color":"","overlay-opacity":"","overlay-gradient":""},"mobile":{"background-color":"","background-image":"","background-repeat":"repeat","background-position":"center center","background-size":"auto","background-attachment":"scroll","background-type":"","background-media":"","overlay-type":"","overlay-color":"","overlay-opacity":"","overlay-gradient":""}},"ast-content-background-meta":{"desktop":{"background-color":"var(--ast-global-color-5)","background-image":"","background-repeat":"repeat","background-position":"center center","background-size":"auto","background-attachment":"scroll","background-type":"","background-media":"","overlay-type":"","overlay-color":"","overlay-opacity":"","overlay-gradient":""},"tablet":{"background-color":"var(--ast-global-color-5)","background-image":"","background-repeat":"repeat","background-position":"center center","background-size":"auto","background-attachment":"scroll","background-type":"","background-media":"","overlay-type":"","overlay-color":"","overlay-opacity":"","overlay-gradient":""},"mobile":{"background-color":"var(--ast-global-color-5)","background-image":"","background-repeat":"repeat","background-position":"center center","background-size":"auto","background-attachment":"scroll","background-type":"","background-media":"","overlay-type":"","overlay-color":"","overlay-opacity":"","overlay-gradient":""}},"footnotes":""},"categories":[57,6,61],"tags":[],"class_list":["post-12451","post","type-post","status-publish","format-standard","has-post-thumbnail","hentry","category-activites-6e","category-college","category-pastorale"],"yoast_head":"<!-- This site is optimized with the Yoast SEO plugin v27.5 - https:\/\/yoast.com\/product\/yoast-seo-wordpress\/ -->\n<title>C\u00e9l\u00e9bration de la Chandeleur - Coll\u00e8ge Saint Jean Baptiste de La Salle<\/title>\n<meta name=\"robots\" content=\"index, follow, max-snippet:-1, max-image-preview:large, max-video-preview:-1\" \/>\n<link rel=\"canonical\" href=\"https:\/\/www.stjb-delasalle.fr\/site\/2023\/02\/05\/celebration-de-la-chandeleur-3\/\" \/>\n<meta property=\"og:locale\" content=\"fr_FR\" \/>\n<meta property=\"og:type\" content=\"article\" \/>\n<meta property=\"og:title\" content=\"C\u00e9l\u00e9bration de la Chandeleur - Coll\u00e8ge Saint Jean Baptiste de La Salle\" \/>\n<meta property=\"og:description\" content=\"J\u00e9sus ! Sois la Lumi\u00e8re qui \u00e9claire mon chemin ! &nbsp; Hom\u00e9lie du jeudi 2 f\u00e9vrier 2023 Au temps de No\u00ebl, nous avons c\u00e9l\u00e9br\u00e9 la naissance du Fils de Dieu. D\u00e8s sa naissance, il attire d\u00e9j\u00e0 des gens du monde entier puisque les \u00e9vangiles nous enseignent qu\u2019une \u00e9toile a conduit les Rois Mages vers la [&hellip;]\" \/>\n<meta property=\"og:url\" content=\"https:\/\/www.stjb-delasalle.fr\/site\/2023\/02\/05\/celebration-de-la-chandeleur-3\/\" \/>\n<meta property=\"og:site_name\" content=\"Coll\u00e8ge Saint Jean Baptiste de La Salle\" \/>\n<meta property=\"article:published_time\" content=\"2023-02-05T17:30:56+00:00\" \/>\n<meta property=\"article:modified_time\" content=\"2023-02-05T17:31:27+00:00\" \/>\n<meta property=\"og:image\" content=\"https:\/\/www.stjb-delasalle.fr\/site\/wp-content\/uploads\/2023\/02\/5A9DB934-A07D-4B79-9AD5-9BF4297EC882.jpeg\" \/>\n\t<meta property=\"og:image:width\" content=\"1920\" \/>\n\t<meta property=\"og:image:height\" content=\"1440\" \/>\n\t<meta property=\"og:image:type\" content=\"image\/jpeg\" \/>\n<meta name=\"author\" content=\"s.couret\" \/>\n<meta name=\"twitter:card\" content=\"summary_large_image\" \/>\n<meta name=\"twitter:label1\" content=\"\u00c9crit par\" \/>\n\t<meta name=\"twitter:data1\" content=\"s.couret\" \/>\n\t<meta name=\"twitter:label2\" content=\"Dur\u00e9e de lecture estim\u00e9e\" \/>\n\t<meta name=\"twitter:data2\" content=\"2 minutes\" \/>\n<script type=\"application\/ld+json\" class=\"yoast-schema-graph\">{\"@context\":\"https:\\\/\\\/schema.org\",\"@graph\":[{\"@type\":\"Article\",\"@id\":\"https:\\\/\\\/www.stjb-delasalle.fr\\\/site\\\/2023\\\/02\\\/05\\\/celebration-de-la-chandeleur-3\\\/#article\",\"isPartOf\":{\"@id\":\"https:\\\/\\\/www.stjb-delasalle.fr\\\/site\\\/2023\\\/02\\\/05\\\/celebration-de-la-chandeleur-3\\\/\"},\"author\":{\"name\":\"s.couret\",\"@id\":\"https:\\\/\\\/www.stjb-delasalle.fr\\\/site\\\/#\\\/schema\\\/person\\\/29e031eae2fbe58aca689f9074d3616a\"},\"headline\":\"C\u00e9l\u00e9bration de la Chandeleur\",\"datePublished\":\"2023-02-05T17:30:56+00:00\",\"dateModified\":\"2023-02-05T17:31:27+00:00\",\"mainEntityOfPage\":{\"@id\":\"https:\\\/\\\/www.stjb-delasalle.fr\\\/site\\\/2023\\\/02\\\/05\\\/celebration-de-la-chandeleur-3\\\/\"},\"wordCount\":449,\"commentCount\":0,\"publisher\":{\"@id\":\"https:\\\/\\\/www.stjb-delasalle.fr\\\/site\\\/#organization\"},\"image\":{\"@id\":\"https:\\\/\\\/www.stjb-delasalle.fr\\\/site\\\/2023\\\/02\\\/05\\\/celebration-de-la-chandeleur-3\\\/#primaryimage\"},\"thumbnailUrl\":\"https:\\\/\\\/www.stjb-delasalle.fr\\\/site\\\/wp-content\\\/uploads\\\/2023\\\/02\\\/5A9DB934-A07D-4B79-9AD5-9BF4297EC882.jpeg\",\"articleSection\":[\"Activit\u00e9s 6e\",\"Coll\u00e8ge\",\"Pastorale\"],\"inLanguage\":\"fr-FR\",\"potentialAction\":[{\"@type\":\"CommentAction\",\"name\":\"Comment\",\"target\":[\"https:\\\/\\\/www.stjb-delasalle.fr\\\/site\\\/2023\\\/02\\\/05\\\/celebration-de-la-chandeleur-3\\\/#respond\"]}]},{\"@type\":\"WebPage\",\"@id\":\"https:\\\/\\\/www.stjb-delasalle.fr\\\/site\\\/2023\\\/02\\\/05\\\/celebration-de-la-chandeleur-3\\\/\",\"url\":\"https:\\\/\\\/www.stjb-delasalle.fr\\\/site\\\/2023\\\/02\\\/05\\\/celebration-de-la-chandeleur-3\\\/\",\"name\":\"C\u00e9l\u00e9bration de la Chandeleur - Coll\u00e8ge Saint Jean Baptiste de La Salle\",\"isPartOf\":{\"@id\":\"https:\\\/\\\/www.stjb-delasalle.fr\\\/site\\\/#website\"},\"primaryImageOfPage\":{\"@id\":\"https:\\\/\\\/www.stjb-delasalle.fr\\\/site\\\/2023\\\/02\\\/05\\\/celebration-de-la-chandeleur-3\\\/#primaryimage\"},\"image\":{\"@id\":\"https:\\\/\\\/www.stjb-delasalle.fr\\\/site\\\/2023\\\/02\\\/05\\\/celebration-de-la-chandeleur-3\\\/#primaryimage\"},\"thumbnailUrl\":\"https:\\\/\\\/www.stjb-delasalle.fr\\\/site\\\/wp-content\\\/uploads\\\/2023\\\/02\\\/5A9DB934-A07D-4B79-9AD5-9BF4297EC882.jpeg\",\"datePublished\":\"2023-02-05T17:30:56+00:00\",\"dateModified\":\"2023-02-05T17:31:27+00:00\",\"breadcrumb\":{\"@id\":\"https:\\\/\\\/www.stjb-delasalle.fr\\\/site\\\/2023\\\/02\\\/05\\\/celebration-de-la-chandeleur-3\\\/#breadcrumb\"},\"inLanguage\":\"fr-FR\",\"potentialAction\":[{\"@type\":\"ReadAction\",\"target\":[\"https:\\\/\\\/www.stjb-delasalle.fr\\\/site\\\/2023\\\/02\\\/05\\\/celebration-de-la-chandeleur-3\\\/\"]}]},{\"@type\":\"ImageObject\",\"inLanguage\":\"fr-FR\",\"@id\":\"https:\\\/\\\/www.stjb-delasalle.fr\\\/site\\\/2023\\\/02\\\/05\\\/celebration-de-la-chandeleur-3\\\/#primaryimage\",\"url\":\"https:\\\/\\\/www.stjb-delasalle.fr\\\/site\\\/wp-content\\\/uploads\\\/2023\\\/02\\\/5A9DB934-A07D-4B79-9AD5-9BF4297EC882.jpeg\",\"contentUrl\":\"https:\\\/\\\/www.stjb-delasalle.fr\\\/site\\\/wp-content\\\/uploads\\\/2023\\\/02\\\/5A9DB934-A07D-4B79-9AD5-9BF4297EC882.jpeg\",\"width\":1920,\"height\":1440},{\"@type\":\"BreadcrumbList\",\"@id\":\"https:\\\/\\\/www.stjb-delasalle.fr\\\/site\\\/2023\\\/02\\\/05\\\/celebration-de-la-chandeleur-3\\\/#breadcrumb\",\"itemListElement\":[{\"@type\":\"ListItem\",\"position\":1,\"name\":\"Accueil\",\"item\":\"https:\\\/\\\/www.stjb-delasalle.fr\\\/site\\\/\"},{\"@type\":\"ListItem\",\"position\":2,\"name\":\"C\u00e9l\u00e9bration de la Chandeleur\"}]},{\"@type\":\"WebSite\",\"@id\":\"https:\\\/\\\/www.stjb-delasalle.fr\\\/site\\\/#website\",\"url\":\"https:\\\/\\\/www.stjb-delasalle.fr\\\/site\\\/\",\"name\":\"Coll\u00e8ge Saint Jean Baptiste de La Salle\",\"description\":\"Notre coll\u00e8ge vous accueille sur le site du Rancher \u00e0 Teloch\u00e9\",\"publisher\":{\"@id\":\"https:\\\/\\\/www.stjb-delasalle.fr\\\/site\\\/#organization\"},\"potentialAction\":[{\"@type\":\"SearchAction\",\"target\":{\"@type\":\"EntryPoint\",\"urlTemplate\":\"https:\\\/\\\/www.stjb-delasalle.fr\\\/site\\\/?s={search_term_string}\"},\"query-input\":{\"@type\":\"PropertyValueSpecification\",\"valueRequired\":true,\"valueName\":\"search_term_string\"}}],\"inLanguage\":\"fr-FR\"},{\"@type\":\"Organization\",\"@id\":\"https:\\\/\\\/www.stjb-delasalle.fr\\\/site\\\/#organization\",\"name\":\"Coll\u00e8ge Saint Jean Baptiste de La Salle\",\"url\":\"https:\\\/\\\/www.stjb-delasalle.fr\\\/site\\\/\",\"logo\":{\"@type\":\"ImageObject\",\"inLanguage\":\"fr-FR\",\"@id\":\"https:\\\/\\\/www.stjb-delasalle.fr\\\/site\\\/#\\\/schema\\\/logo\\\/image\\\/\",\"url\":\"https:\\\/\\\/www.stjb-delasalle.fr\\\/site\\\/wp-content\\\/uploads\\\/2021\\\/11\\\/logostjb_petit_transp.png\",\"contentUrl\":\"https:\\\/\\\/www.stjb-delasalle.fr\\\/site\\\/wp-content\\\/uploads\\\/2021\\\/11\\\/logostjb_petit_transp.png\",\"width\":180,\"height\":127,\"caption\":\"Coll\u00e8ge Saint Jean Baptiste de La Salle\"},\"image\":{\"@id\":\"https:\\\/\\\/www.stjb-delasalle.fr\\\/site\\\/#\\\/schema\\\/logo\\\/image\\\/\"}},{\"@type\":\"Person\",\"@id\":\"https:\\\/\\\/www.stjb-delasalle.fr\\\/site\\\/#\\\/schema\\\/person\\\/29e031eae2fbe58aca689f9074d3616a\",\"name\":\"s.couret\",\"image\":{\"@type\":\"ImageObject\",\"inLanguage\":\"fr-FR\",\"@id\":\"https:\\\/\\\/secure.gravatar.com\\\/avatar\\\/83474c4b01f4d5df531ba9e1ae59f6610ffe9a3c76657f973718ba9fff166522?s=96&d=mm&r=g\",\"url\":\"https:\\\/\\\/secure.gravatar.com\\\/avatar\\\/83474c4b01f4d5df531ba9e1ae59f6610ffe9a3c76657f973718ba9fff166522?s=96&d=mm&r=g\",\"contentUrl\":\"https:\\\/\\\/secure.gravatar.com\\\/avatar\\\/83474c4b01f4d5df531ba9e1ae59f6610ffe9a3c76657f973718ba9fff166522?s=96&d=mm&r=g\",\"caption\":\"s.couret\"},\"url\":\"https:\\\/\\\/www.stjb-delasalle.fr\\\/site\\\/author\\\/s-couret\\\/\"}]}<\/script>\n<!-- \/ Yoast SEO plugin. -->","yoast_head_json":{"title":"C\u00e9l\u00e9bration de la Chandeleur - Coll\u00e8ge Saint Jean Baptiste de La Salle","robots":{"index":"index","follow":"follow","max-snippet":"max-snippet:-1","max-image-preview":"max-image-preview:large","max-video-preview":"max-video-preview:-1"},"canonical":"https:\/\/www.stjb-delasalle.fr\/site\/2023\/02\/05\/celebration-de-la-chandeleur-3\/","og_locale":"fr_FR","og_type":"article","og_title":"C\u00e9l\u00e9bration de la Chandeleur - Coll\u00e8ge Saint Jean Baptiste de La Salle","og_description":"J\u00e9sus ! Sois la Lumi\u00e8re qui \u00e9claire mon chemin ! &nbsp; Hom\u00e9lie du jeudi 2 f\u00e9vrier 2023 Au temps de No\u00ebl, nous avons c\u00e9l\u00e9br\u00e9 la naissance du Fils de Dieu. D\u00e8s sa naissance, il attire d\u00e9j\u00e0 des gens du monde entier puisque les \u00e9vangiles nous enseignent qu\u2019une \u00e9toile a conduit les Rois Mages vers la [&hellip;]","og_url":"https:\/\/www.stjb-delasalle.fr\/site\/2023\/02\/05\/celebration-de-la-chandeleur-3\/","og_site_name":"Coll\u00e8ge Saint Jean Baptiste de La Salle","article_published_time":"2023-02-05T17:30:56+00:00","article_modified_time":"2023-02-05T17:31:27+00:00","og_image":[{"width":1920,"height":1440,"url":"https:\/\/www.stjb-delasalle.fr\/site\/wp-content\/uploads\/2023\/02\/5A9DB934-A07D-4B79-9AD5-9BF4297EC882.jpeg","type":"image\/jpeg"}],"author":"s.couret","twitter_card":"summary_large_image","twitter_misc":{"\u00c9crit par":"s.couret","Dur\u00e9e de lecture estim\u00e9e":"2 minutes"},"schema":{"@context":"https:\/\/schema.org","@graph":[{"@type":"Article","@id":"https:\/\/www.stjb-delasalle.fr\/site\/2023\/02\/05\/celebration-de-la-chandeleur-3\/#article","isPartOf":{"@id":"https:\/\/www.stjb-delasalle.fr\/site\/2023\/02\/05\/celebration-de-la-chandeleur-3\/"},"author":{"name":"s.couret","@id":"https:\/\/www.stjb-delasalle.fr\/site\/#\/schema\/person\/29e031eae2fbe58aca689f9074d3616a"},"headline":"C\u00e9l\u00e9bration de la Chandeleur","datePublished":"2023-02-05T17:30:56+00:00","dateModified":"2023-02-05T17:31:27+00:00","mainEntityOfPage":{"@id":"https:\/\/www.stjb-delasalle.fr\/site\/2023\/02\/05\/celebration-de-la-chandeleur-3\/"},"wordCount":449,"commentCount":0,"publisher":{"@id":"https:\/\/www.stjb-delasalle.fr\/site\/#organization"},"image":{"@id":"https:\/\/www.stjb-delasalle.fr\/site\/2023\/02\/05\/celebration-de-la-chandeleur-3\/#primaryimage"},"thumbnailUrl":"https:\/\/www.stjb-delasalle.fr\/site\/wp-content\/uploads\/2023\/02\/5A9DB934-A07D-4B79-9AD5-9BF4297EC882.jpeg","articleSection":["Activit\u00e9s 6e","Coll\u00e8ge","Pastorale"],"inLanguage":"fr-FR","potentialAction":[{"@type":"CommentAction","name":"Comment","target":["https:\/\/www.stjb-delasalle.fr\/site\/2023\/02\/05\/celebration-de-la-chandeleur-3\/#respond"]}]},{"@type":"WebPage","@id":"https:\/\/www.stjb-delasalle.fr\/site\/2023\/02\/05\/celebration-de-la-chandeleur-3\/","url":"https:\/\/www.stjb-delasalle.fr\/site\/2023\/02\/05\/celebration-de-la-chandeleur-3\/","name":"C\u00e9l\u00e9bration de la Chandeleur - Coll\u00e8ge Saint Jean Baptiste de La Salle","isPartOf":{"@id":"https:\/\/www.stjb-delasalle.fr\/site\/#website"},"primaryImageOfPage":{"@id":"https:\/\/www.stjb-delasalle.fr\/site\/2023\/02\/05\/celebration-de-la-chandeleur-3\/#primaryimage"},"image":{"@id":"https:\/\/www.stjb-delasalle.fr\/site\/2023\/02\/05\/celebration-de-la-chandeleur-3\/#primaryimage"},"thumbnailUrl":"https:\/\/www.stjb-delasalle.fr\/site\/wp-content\/uploads\/2023\/02\/5A9DB934-A07D-4B79-9AD5-9BF4297EC882.jpeg","datePublished":"2023-02-05T17:30:56+00:00","dateModified":"2023-02-05T17:31:27+00:00","breadcrumb":{"@id":"https:\/\/www.stjb-delasalle.fr\/site\/2023\/02\/05\/celebration-de-la-chandeleur-3\/#breadcrumb"},"inLanguage":"fr-FR","potentialAction":[{"@type":"ReadAction","target":["https:\/\/www.stjb-delasalle.fr\/site\/2023\/02\/05\/celebration-de-la-chandeleur-3\/"]}]},{"@type":"ImageObject","inLanguage":"fr-FR","@id":"https:\/\/www.stjb-delasalle.fr\/site\/2023\/02\/05\/celebration-de-la-chandeleur-3\/#primaryimage","url":"https:\/\/www.stjb-delasalle.fr\/site\/wp-content\/uploads\/2023\/02\/5A9DB934-A07D-4B79-9AD5-9BF4297EC882.jpeg","contentUrl":"https:\/\/www.stjb-delasalle.fr\/site\/wp-content\/uploads\/2023\/02\/5A9DB934-A07D-4B79-9AD5-9BF4297EC882.jpeg","width":1920,"height":1440},{"@type":"BreadcrumbList","@id":"https:\/\/www.stjb-delasalle.fr\/site\/2023\/02\/05\/celebration-de-la-chandeleur-3\/#breadcrumb","itemListElement":[{"@type":"ListItem","position":1,"name":"Accueil","item":"https:\/\/www.stjb-delasalle.fr\/site\/"},{"@type":"ListItem","position":2,"name":"C\u00e9l\u00e9bration de la Chandeleur"}]},{"@type":"WebSite","@id":"https:\/\/www.stjb-delasalle.fr\/site\/#website","url":"https:\/\/www.stjb-delasalle.fr\/site\/","name":"Coll\u00e8ge Saint Jean Baptiste de La Salle","description":"Notre coll\u00e8ge vous accueille sur le site du Rancher \u00e0 Teloch\u00e9","publisher":{"@id":"https:\/\/www.stjb-delasalle.fr\/site\/#organization"},"potentialAction":[{"@type":"SearchAction","target":{"@type":"EntryPoint","urlTemplate":"https:\/\/www.stjb-delasalle.fr\/site\/?s={search_term_string}"},"query-input":{"@type":"PropertyValueSpecification","valueRequired":true,"valueName":"search_term_string"}}],"inLanguage":"fr-FR"},{"@type":"Organization","@id":"https:\/\/www.stjb-delasalle.fr\/site\/#organization","name":"Coll\u00e8ge Saint Jean Baptiste de La Salle","url":"https:\/\/www.stjb-delasalle.fr\/site\/","logo":{"@type":"ImageObject","inLanguage":"fr-FR","@id":"https:\/\/www.stjb-delasalle.fr\/site\/#\/schema\/logo\/image\/","url":"https:\/\/www.stjb-delasalle.fr\/site\/wp-content\/uploads\/2021\/11\/logostjb_petit_transp.png","contentUrl":"https:\/\/www.stjb-delasalle.fr\/site\/wp-content\/uploads\/2021\/11\/logostjb_petit_transp.png","width":180,"height":127,"caption":"Coll\u00e8ge Saint Jean Baptiste de La Salle"},"image":{"@id":"https:\/\/www.stjb-delasalle.fr\/site\/#\/schema\/logo\/image\/"}},{"@type":"Person","@id":"https:\/\/www.stjb-delasalle.fr\/site\/#\/schema\/person\/29e031eae2fbe58aca689f9074d3616a","name":"s.couret","image":{"@type":"ImageObject","inLanguage":"fr-FR","@id":"https:\/\/secure.gravatar.com\/avatar\/83474c4b01f4d5df531ba9e1ae59f6610ffe9a3c76657f973718ba9fff166522?s=96&d=mm&r=g","url":"https:\/\/secure.gravatar.com\/avatar\/83474c4b01f4d5df531ba9e1ae59f6610ffe9a3c76657f973718ba9fff166522?s=96&d=mm&r=g","contentUrl":"https:\/\/secure.gravatar.com\/avatar\/83474c4b01f4d5df531ba9e1ae59f6610ffe9a3c76657f973718ba9fff166522?s=96&d=mm&r=g","caption":"s.couret"},"url":"https:\/\/www.stjb-delasalle.fr\/site\/author\/s-couret\/"}]}},"_links":{"self":[{"href":"https:\/\/www.stjb-delasalle.fr\/site\/wp-json\/wp\/v2\/posts\/12451","targetHints":{"allow":["GET"]}}],"collection":[{"href":"https:\/\/www.stjb-delasalle.fr\/site\/wp-json\/wp\/v2\/posts"}],"about":[{"href":"https:\/\/www.stjb-delasalle.fr\/site\/wp-json\/wp\/v2\/types\/post"}],"author":[{"embeddable":true,"href":"https:\/\/www.stjb-delasalle.fr\/site\/wp-json\/wp\/v2\/users\/3"}],"replies":[{"embeddable":true,"href":"https:\/\/www.stjb-delasalle.fr\/site\/wp-json\/wp\/v2\/comments?post=12451"}],"version-history":[{"count":2,"href":"https:\/\/www.stjb-delasalle.fr\/site\/wp-json\/wp\/v2\/posts\/12451\/revisions"}],"predecessor-version":[{"id":12467,"href":"https:\/\/www.stjb-delasalle.fr\/site\/wp-json\/wp\/v2\/posts\/12451\/revisions\/12467"}],"wp:featuredmedia":[{"embeddable":true,"href":"https:\/\/www.stjb-delasalle.fr\/site\/wp-json\/wp\/v2\/media\/12453"}],"wp:attachment":[{"href":"https:\/\/www.stjb-delasalle.fr\/site\/wp-json\/wp\/v2\/media?parent=12451"}],"wp:term":[{"taxonomy":"category","embeddable":true,"href":"https:\/\/www.stjb-delasalle.fr\/site\/wp-json\/wp\/v2\/categories?post=12451"},{"taxonomy":"post_tag","embeddable":true,"href":"https:\/\/www.stjb-delasalle.fr\/site\/wp-json\/wp\/v2\/tags?post=12451"}],"curies":[{"name":"wp","href":"https:\/\/api.w.org\/{rel}","templated":true}]}}