{"id":12347,"date":"2023-02-03T18:29:59","date_gmt":"2023-02-03T18:29:59","guid":{"rendered":"https:\/\/www.stjb-delasalle.fr\/site\/?p=12347"},"modified":"2023-02-26T18:22:24","modified_gmt":"2023-02-26T18:22:24","slug":"pratique-plastique-dans-la-galerie","status":"publish","type":"post","link":"https:\/\/www.stjb-delasalle.fr\/site\/2023\/02\/03\/pratique-plastique-dans-la-galerie\/","title":{"rendered":"Pratique plastique dans la galerie"},"content":{"rendered":"<p><a href=\"https:\/\/www.pedagogie.ac-nantes.fr\/arts-plastiques-insitu\/insitu-reseau-de-galeries--1148635.kjsp?RH=1158750132734\" target=\"_blank\" rel=\"noopener\">La galerie d\u2019art \u00e0 vocation p\u00e9dagogique<\/a> du coll\u00e8ge accueille du 13 janvier au 10 f\u00e9vrier 2023, les \u0153uvres de\u00a0<a href=\"https:\/\/camillebleuvalentin.wixsite.com\/works\" target=\"_blank\" rel=\"noopener\">Camille Bleu-Valentin<\/a> dans le cadre du dispositif <a href=\"https:\/\/www.exposerinsitu.fr\/\" target=\"_blank\" rel=\"noopener\">Exposer InSitu<\/a>.\u00a0<span style=\"font-size: 16px; -webkit-text-size-adjust: 100%;\">Un pr\u00e9c\u00e9dent article pr\u00e9sente\u00a0l\u2019<\/span><a style=\"font-size: 16px; -webkit-text-size-adjust: 100%;\" href=\"https:\/\/www.stjb-delasalle.fr\/site\/2023\/01\/13\/camille-bleu-valentin-expose-insitu\/\" target=\"_blank\" rel=\"noopener\">installation des \u0153uvres<\/a><span style=\"font-size: 16px; -webkit-text-size-adjust: 100%;\">. Ci-dessous, le Ouest France du 14 janvier :<\/span><\/p>\n<p><img fetchpriority=\"high\" decoding=\"async\" class=\"alignnone wp-image-12351 size-large\" src=\"https:\/\/www.stjb-delasalle.fr\/site\/wp-content\/uploads\/2023\/02\/Article-OuestFrance-14-01-23-1024x831.jpg\" alt=\"\" width=\"1024\" height=\"831\" srcset=\"https:\/\/www.stjb-delasalle.fr\/site\/wp-content\/uploads\/2023\/02\/Article-OuestFrance-14-01-23-1024x831.jpg 1024w, https:\/\/www.stjb-delasalle.fr\/site\/wp-content\/uploads\/2023\/02\/Article-OuestFrance-14-01-23-300x244.jpg 300w, https:\/\/www.stjb-delasalle.fr\/site\/wp-content\/uploads\/2023\/02\/Article-OuestFrance-14-01-23-768x624.jpg 768w, https:\/\/www.stjb-delasalle.fr\/site\/wp-content\/uploads\/2023\/02\/Article-OuestFrance-14-01-23-1536x1247.jpg 1536w, https:\/\/www.stjb-delasalle.fr\/site\/wp-content\/uploads\/2023\/02\/Article-OuestFrance-14-01-23.jpg 1542w\" sizes=\"(max-width: 1024px) 100vw, 1024px\" \/><\/p>\n<p>L\u2019accueil d\u2019expos dans la galerie permet d\u2019y d\u00e9localiser les cours d\u2019arts plastiques, un environnement diff\u00e9rent, des postures plus confortables\u2026pour travailler sur les th\u00e8mes chers \u00e0 l\u2019artiste. D\u00e9monstration en images :<\/p>\n<p><img decoding=\"async\" class=\"alignnone wp-image-12355 size-large\" src=\"https:\/\/www.stjb-delasalle.fr\/site\/wp-content\/uploads\/2023\/02\/8E68680C-69B8-421E-BAB8-8CE90CC8CAD9-1024x768.jpeg\" alt=\"\" width=\"1024\" height=\"768\" srcset=\"https:\/\/www.stjb-delasalle.fr\/site\/wp-content\/uploads\/2023\/02\/8E68680C-69B8-421E-BAB8-8CE90CC8CAD9-1024x768.jpeg 1024w, https:\/\/www.stjb-delasalle.fr\/site\/wp-content\/uploads\/2023\/02\/8E68680C-69B8-421E-BAB8-8CE90CC8CAD9-300x225.jpeg 300w, https:\/\/www.stjb-delasalle.fr\/site\/wp-content\/uploads\/2023\/02\/8E68680C-69B8-421E-BAB8-8CE90CC8CAD9-768x576.jpeg 768w, https:\/\/www.stjb-delasalle.fr\/site\/wp-content\/uploads\/2023\/02\/8E68680C-69B8-421E-BAB8-8CE90CC8CAD9-1536x1152.jpeg 1536w, https:\/\/www.stjb-delasalle.fr\/site\/wp-content\/uploads\/2023\/02\/8E68680C-69B8-421E-BAB8-8CE90CC8CAD9.jpeg 1920w\" sizes=\"(max-width: 1024px) 100vw, 1024px\" \/> <img decoding=\"async\" class=\"alignnone wp-image-12356 size-large\" src=\"https:\/\/www.stjb-delasalle.fr\/site\/wp-content\/uploads\/2023\/02\/8C0B8A89-8628-4A96-8A34-2AB56F11BFBD-1024x768.jpeg\" alt=\"\" width=\"1024\" height=\"768\" srcset=\"https:\/\/www.stjb-delasalle.fr\/site\/wp-content\/uploads\/2023\/02\/8C0B8A89-8628-4A96-8A34-2AB56F11BFBD-1024x768.jpeg 1024w, https:\/\/www.stjb-delasalle.fr\/site\/wp-content\/uploads\/2023\/02\/8C0B8A89-8628-4A96-8A34-2AB56F11BFBD-300x225.jpeg 300w, https:\/\/www.stjb-delasalle.fr\/site\/wp-content\/uploads\/2023\/02\/8C0B8A89-8628-4A96-8A34-2AB56F11BFBD-768x576.jpeg 768w, https:\/\/www.stjb-delasalle.fr\/site\/wp-content\/uploads\/2023\/02\/8C0B8A89-8628-4A96-8A34-2AB56F11BFBD-1536x1152.jpeg 1536w, https:\/\/www.stjb-delasalle.fr\/site\/wp-content\/uploads\/2023\/02\/8C0B8A89-8628-4A96-8A34-2AB56F11BFBD.jpeg 1920w\" sizes=\"(max-width: 1024px) 100vw, 1024px\" \/>\u00a0<img loading=\"lazy\" decoding=\"async\" class=\"alignnone wp-image-12358 size-large\" src=\"https:\/\/www.stjb-delasalle.fr\/site\/wp-content\/uploads\/2023\/02\/E5D78628-8CEC-4EEB-9E98-E4CC4F091F2C-1024x768.jpeg\" alt=\"\" width=\"1024\" height=\"768\" srcset=\"https:\/\/www.stjb-delasalle.fr\/site\/wp-content\/uploads\/2023\/02\/E5D78628-8CEC-4EEB-9E98-E4CC4F091F2C-1024x768.jpeg 1024w, https:\/\/www.stjb-delasalle.fr\/site\/wp-content\/uploads\/2023\/02\/E5D78628-8CEC-4EEB-9E98-E4CC4F091F2C-300x225.jpeg 300w, https:\/\/www.stjb-delasalle.fr\/site\/wp-content\/uploads\/2023\/02\/E5D78628-8CEC-4EEB-9E98-E4CC4F091F2C-768x576.jpeg 768w, https:\/\/www.stjb-delasalle.fr\/site\/wp-content\/uploads\/2023\/02\/E5D78628-8CEC-4EEB-9E98-E4CC4F091F2C-1536x1152.jpeg 1536w, https:\/\/www.stjb-delasalle.fr\/site\/wp-content\/uploads\/2023\/02\/E5D78628-8CEC-4EEB-9E98-E4CC4F091F2C.jpeg 1920w\" sizes=\"(max-width: 1024px) 100vw, 1024px\" \/>\u00a0<img loading=\"lazy\" decoding=\"async\" class=\"alignnone wp-image-12360 size-large\" src=\"https:\/\/www.stjb-delasalle.fr\/site\/wp-content\/uploads\/2023\/02\/98E4DCE0-8C74-4795-BAA5-021A414BE22A-1024x768.jpeg\" alt=\"\" width=\"1024\" height=\"768\" srcset=\"https:\/\/www.stjb-delasalle.fr\/site\/wp-content\/uploads\/2023\/02\/98E4DCE0-8C74-4795-BAA5-021A414BE22A-1024x768.jpeg 1024w, https:\/\/www.stjb-delasalle.fr\/site\/wp-content\/uploads\/2023\/02\/98E4DCE0-8C74-4795-BAA5-021A414BE22A-300x225.jpeg 300w, https:\/\/www.stjb-delasalle.fr\/site\/wp-content\/uploads\/2023\/02\/98E4DCE0-8C74-4795-BAA5-021A414BE22A-768x576.jpeg 768w, https:\/\/www.stjb-delasalle.fr\/site\/wp-content\/uploads\/2023\/02\/98E4DCE0-8C74-4795-BAA5-021A414BE22A-1536x1152.jpeg 1536w, https:\/\/www.stjb-delasalle.fr\/site\/wp-content\/uploads\/2023\/02\/98E4DCE0-8C74-4795-BAA5-021A414BE22A.jpeg 1920w\" sizes=\"(max-width: 1024px) 100vw, 1024px\" \/> <img loading=\"lazy\" decoding=\"async\" class=\"alignnone wp-image-12361 size-large\" src=\"https:\/\/www.stjb-delasalle.fr\/site\/wp-content\/uploads\/2023\/02\/7B591A4D-4DEF-4C38-87D0-74C6B3994BE2-1024x768.jpeg\" alt=\"\" width=\"1024\" height=\"768\" srcset=\"https:\/\/www.stjb-delasalle.fr\/site\/wp-content\/uploads\/2023\/02\/7B591A4D-4DEF-4C38-87D0-74C6B3994BE2-1024x768.jpeg 1024w, https:\/\/www.stjb-delasalle.fr\/site\/wp-content\/uploads\/2023\/02\/7B591A4D-4DEF-4C38-87D0-74C6B3994BE2-300x225.jpeg 300w, https:\/\/www.stjb-delasalle.fr\/site\/wp-content\/uploads\/2023\/02\/7B591A4D-4DEF-4C38-87D0-74C6B3994BE2-768x576.jpeg 768w, https:\/\/www.stjb-delasalle.fr\/site\/wp-content\/uploads\/2023\/02\/7B591A4D-4DEF-4C38-87D0-74C6B3994BE2-1536x1152.jpeg 1536w, https:\/\/www.stjb-delasalle.fr\/site\/wp-content\/uploads\/2023\/02\/7B591A4D-4DEF-4C38-87D0-74C6B3994BE2.jpeg 1920w\" sizes=\"(max-width: 1024px) 100vw, 1024px\" \/>\u00a0<img loading=\"lazy\" decoding=\"async\" class=\"alignnone wp-image-12364 size-large\" src=\"https:\/\/www.stjb-delasalle.fr\/site\/wp-content\/uploads\/2023\/02\/D35B707D-E299-4189-9F34-CD8DA4BD16C8-1024x768.jpeg\" alt=\"\" width=\"1024\" height=\"768\" srcset=\"https:\/\/www.stjb-delasalle.fr\/site\/wp-content\/uploads\/2023\/02\/D35B707D-E299-4189-9F34-CD8DA4BD16C8-1024x768.jpeg 1024w, https:\/\/www.stjb-delasalle.fr\/site\/wp-content\/uploads\/2023\/02\/D35B707D-E299-4189-9F34-CD8DA4BD16C8-300x225.jpeg 300w, https:\/\/www.stjb-delasalle.fr\/site\/wp-content\/uploads\/2023\/02\/D35B707D-E299-4189-9F34-CD8DA4BD16C8-768x576.jpeg 768w, https:\/\/www.stjb-delasalle.fr\/site\/wp-content\/uploads\/2023\/02\/D35B707D-E299-4189-9F34-CD8DA4BD16C8-1536x1152.jpeg 1536w, https:\/\/www.stjb-delasalle.fr\/site\/wp-content\/uploads\/2023\/02\/D35B707D-E299-4189-9F34-CD8DA4BD16C8.jpeg 1920w\" sizes=\"(max-width: 1024px) 100vw, 1024px\" \/><br \/>\n<img loading=\"lazy\" decoding=\"async\" class=\"alignnone wp-image-12359 size-large\" src=\"https:\/\/www.stjb-delasalle.fr\/site\/wp-content\/uploads\/2023\/02\/004D0FCC-2CBB-43FC-814B-8A21A3D7AD7D-768x1024.jpeg\" alt=\"\" width=\"768\" height=\"1024\" srcset=\"https:\/\/www.stjb-delasalle.fr\/site\/wp-content\/uploads\/2023\/02\/004D0FCC-2CBB-43FC-814B-8A21A3D7AD7D-768x1024.jpeg 768w, https:\/\/www.stjb-delasalle.fr\/site\/wp-content\/uploads\/2023\/02\/004D0FCC-2CBB-43FC-814B-8A21A3D7AD7D-225x300.jpeg 225w, https:\/\/www.stjb-delasalle.fr\/site\/wp-content\/uploads\/2023\/02\/004D0FCC-2CBB-43FC-814B-8A21A3D7AD7D-1152x1536.jpeg 1152w, https:\/\/www.stjb-delasalle.fr\/site\/wp-content\/uploads\/2023\/02\/004D0FCC-2CBB-43FC-814B-8A21A3D7AD7D.jpeg 1440w\" sizes=\"(max-width: 768px) 100vw, 768px\" \/><\/p>\n<p><img loading=\"lazy\" decoding=\"async\" class=\"alignnone wp-image-12363 size-large\" src=\"https:\/\/www.stjb-delasalle.fr\/site\/wp-content\/uploads\/2023\/02\/157BE6B2-12FE-4EF9-BF59-113FA0F1015F-768x1024.jpeg\" alt=\"\" width=\"768\" height=\"1024\" srcset=\"https:\/\/www.stjb-delasalle.fr\/site\/wp-content\/uploads\/2023\/02\/157BE6B2-12FE-4EF9-BF59-113FA0F1015F-768x1024.jpeg 768w, https:\/\/www.stjb-delasalle.fr\/site\/wp-content\/uploads\/2023\/02\/157BE6B2-12FE-4EF9-BF59-113FA0F1015F-225x300.jpeg 225w, https:\/\/www.stjb-delasalle.fr\/site\/wp-content\/uploads\/2023\/02\/157BE6B2-12FE-4EF9-BF59-113FA0F1015F-1152x1536.jpeg 1152w, https:\/\/www.stjb-delasalle.fr\/site\/wp-content\/uploads\/2023\/02\/157BE6B2-12FE-4EF9-BF59-113FA0F1015F.jpeg 1440w\" sizes=\"(max-width: 768px) 100vw, 768px\" \/><\/p>\n<p>&nbsp;<\/p>\n","protected":false},"excerpt":{"rendered":"<p>La galerie d\u2019art \u00e0 vocation p\u00e9dagogique du coll\u00e8ge accueille du 13 janvier au 10 f\u00e9vrier 2023, les \u0153uvres de\u00a0Camille Bleu-Valentin dans le cadre du dispositif Exposer InSitu.\u00a0Un pr\u00e9c\u00e9dent article pr\u00e9sente\u00a0l\u2019installation des \u0153uvres. Ci-dessous, le Ouest France du 14 janvier : L\u2019accueil d\u2019expos dans la galerie permet d\u2019y d\u00e9localiser les cours d\u2019arts plastiques, un environnement diff\u00e9rent, [&hellip;]<\/p>\n","protected":false},"author":3,"featured_media":12394,"comment_status":"open","ping_status":"open","sticky":false,"template":"","format":"standard","meta":{"site-sidebar-layout":"default","site-content-layout":"default","ast-site-content-layout":"default","site-content-style":"default","site-sidebar-style":"default","ast-global-header-display":"","ast-banner-title-visibility":"","ast-main-header-display":"","ast-hfb-above-header-display":"","ast-hfb-below-header-display":"","ast-hfb-mobile-header-display":"","site-post-title":"","ast-breadcrumbs-content":"","ast-featured-img":"","footer-sml-layout":"","ast-disable-related-posts":"","theme-transparent-header-meta":"default","adv-header-id-meta":"","stick-header-meta":"","header-above-stick-meta":"","header-main-stick-meta":"","header-below-stick-meta":"","astra-migrate-meta-layouts":"default","ast-page-background-enabled":"default","ast-page-background-meta":{"desktop":{"background-color":"var(--ast-global-color-4)","background-image":"","background-repeat":"repeat","background-position":"center center","background-size":"auto","background-attachment":"scroll","background-type":"","background-media":"","overlay-type":"","overlay-color":"","overlay-opacity":"","overlay-gradient":""},"tablet":{"background-color":"","background-image":"","background-repeat":"repeat","background-position":"center center","background-size":"auto","background-attachment":"scroll","background-type":"","background-media":"","overlay-type":"","overlay-color":"","overlay-opacity":"","overlay-gradient":""},"mobile":{"background-color":"","background-image":"","background-repeat":"repeat","background-position":"center center","background-size":"auto","background-attachment":"scroll","background-type":"","background-media":"","overlay-type":"","overlay-color":"","overlay-opacity":"","overlay-gradient":""}},"ast-content-background-meta":{"desktop":{"background-color":"var(--ast-global-color-5)","background-image":"","background-repeat":"repeat","background-position":"center center","background-size":"auto","background-attachment":"scroll","background-type":"","background-media":"","overlay-type":"","overlay-color":"","overlay-opacity":"","overlay-gradient":""},"tablet":{"background-color":"var(--ast-global-color-5)","background-image":"","background-repeat":"repeat","background-position":"center center","background-size":"auto","background-attachment":"scroll","background-type":"","background-media":"","overlay-type":"","overlay-color":"","overlay-opacity":"","overlay-gradient":""},"mobile":{"background-color":"var(--ast-global-color-5)","background-image":"","background-repeat":"repeat","background-position":"center center","background-size":"auto","background-attachment":"scroll","background-type":"","background-media":"","overlay-type":"","overlay-color":"","overlay-opacity":"","overlay-gradient":""}},"footnotes":""},"categories":[57,6,62],"tags":[],"class_list":["post-12347","post","type-post","status-publish","format-standard","has-post-thumbnail","hentry","category-activites-6e","category-college","category-galerie-2022-2023"],"yoast_head":"<!-- This site is optimized with the Yoast SEO plugin v27.5 - https:\/\/yoast.com\/product\/yoast-seo-wordpress\/ -->\n<title>Pratique plastique dans la galerie - Coll\u00e8ge Saint Jean Baptiste de La Salle<\/title>\n<meta name=\"robots\" content=\"index, follow, max-snippet:-1, max-image-preview:large, max-video-preview:-1\" \/>\n<link rel=\"canonical\" href=\"https:\/\/www.stjb-delasalle.fr\/site\/2023\/02\/03\/pratique-plastique-dans-la-galerie\/\" \/>\n<meta property=\"og:locale\" content=\"fr_FR\" \/>\n<meta property=\"og:type\" content=\"article\" \/>\n<meta property=\"og:title\" content=\"Pratique plastique dans la galerie - Coll\u00e8ge Saint Jean Baptiste de La Salle\" \/>\n<meta property=\"og:description\" content=\"La galerie d\u2019art \u00e0 vocation p\u00e9dagogique du coll\u00e8ge accueille du 13 janvier au 10 f\u00e9vrier 2023, les \u0153uvres de\u00a0Camille Bleu-Valentin dans le cadre du dispositif Exposer InSitu.\u00a0Un pr\u00e9c\u00e9dent article pr\u00e9sente\u00a0l\u2019installation des \u0153uvres. Ci-dessous, le Ouest France du 14 janvier : L\u2019accueil d\u2019expos dans la galerie permet d\u2019y d\u00e9localiser les cours d\u2019arts plastiques, un environnement diff\u00e9rent, [&hellip;]\" \/>\n<meta property=\"og:url\" content=\"https:\/\/www.stjb-delasalle.fr\/site\/2023\/02\/03\/pratique-plastique-dans-la-galerie\/\" \/>\n<meta property=\"og:site_name\" content=\"Coll\u00e8ge Saint Jean Baptiste de La Salle\" \/>\n<meta property=\"article:published_time\" content=\"2023-02-03T18:29:59+00:00\" \/>\n<meta property=\"article:modified_time\" content=\"2023-02-26T18:22:24+00:00\" \/>\n<meta property=\"og:image\" content=\"https:\/\/www.stjb-delasalle.fr\/site\/wp-content\/uploads\/2023\/02\/A114C88D-8BAE-45BB-A018-00AA6079E217.jpeg\" \/>\n\t<meta property=\"og:image:width\" content=\"1920\" \/>\n\t<meta property=\"og:image:height\" content=\"1440\" \/>\n\t<meta property=\"og:image:type\" content=\"image\/jpeg\" \/>\n<meta name=\"author\" content=\"s.couret\" \/>\n<meta name=\"twitter:card\" content=\"summary_large_image\" \/>\n<meta name=\"twitter:label1\" content=\"\u00c9crit par\" \/>\n\t<meta name=\"twitter:data1\" content=\"s.couret\" \/>\n<script type=\"application\/ld+json\" class=\"yoast-schema-graph\">{\"@context\":\"https:\\\/\\\/schema.org\",\"@graph\":[{\"@type\":\"Article\",\"@id\":\"https:\\\/\\\/www.stjb-delasalle.fr\\\/site\\\/2023\\\/02\\\/03\\\/pratique-plastique-dans-la-galerie\\\/#article\",\"isPartOf\":{\"@id\":\"https:\\\/\\\/www.stjb-delasalle.fr\\\/site\\\/2023\\\/02\\\/03\\\/pratique-plastique-dans-la-galerie\\\/\"},\"author\":{\"name\":\"s.couret\",\"@id\":\"https:\\\/\\\/www.stjb-delasalle.fr\\\/site\\\/#\\\/schema\\\/person\\\/29e031eae2fbe58aca689f9074d3616a\"},\"headline\":\"Pratique plastique dans la galerie\",\"datePublished\":\"2023-02-03T18:29:59+00:00\",\"dateModified\":\"2023-02-26T18:22:24+00:00\",\"mainEntityOfPage\":{\"@id\":\"https:\\\/\\\/www.stjb-delasalle.fr\\\/site\\\/2023\\\/02\\\/03\\\/pratique-plastique-dans-la-galerie\\\/\"},\"wordCount\":89,\"commentCount\":0,\"publisher\":{\"@id\":\"https:\\\/\\\/www.stjb-delasalle.fr\\\/site\\\/#organization\"},\"image\":{\"@id\":\"https:\\\/\\\/www.stjb-delasalle.fr\\\/site\\\/2023\\\/02\\\/03\\\/pratique-plastique-dans-la-galerie\\\/#primaryimage\"},\"thumbnailUrl\":\"https:\\\/\\\/www.stjb-delasalle.fr\\\/site\\\/wp-content\\\/uploads\\\/2023\\\/02\\\/A114C88D-8BAE-45BB-A018-00AA6079E217.jpeg\",\"articleSection\":[\"Activit\u00e9s 6e\",\"Coll\u00e8ge\",\"Galerie 2022-2023\"],\"inLanguage\":\"fr-FR\",\"potentialAction\":[{\"@type\":\"CommentAction\",\"name\":\"Comment\",\"target\":[\"https:\\\/\\\/www.stjb-delasalle.fr\\\/site\\\/2023\\\/02\\\/03\\\/pratique-plastique-dans-la-galerie\\\/#respond\"]}]},{\"@type\":\"WebPage\",\"@id\":\"https:\\\/\\\/www.stjb-delasalle.fr\\\/site\\\/2023\\\/02\\\/03\\\/pratique-plastique-dans-la-galerie\\\/\",\"url\":\"https:\\\/\\\/www.stjb-delasalle.fr\\\/site\\\/2023\\\/02\\\/03\\\/pratique-plastique-dans-la-galerie\\\/\",\"name\":\"Pratique plastique dans la galerie - Coll\u00e8ge Saint Jean Baptiste de La Salle\",\"isPartOf\":{\"@id\":\"https:\\\/\\\/www.stjb-delasalle.fr\\\/site\\\/#website\"},\"primaryImageOfPage\":{\"@id\":\"https:\\\/\\\/www.stjb-delasalle.fr\\\/site\\\/2023\\\/02\\\/03\\\/pratique-plastique-dans-la-galerie\\\/#primaryimage\"},\"image\":{\"@id\":\"https:\\\/\\\/www.stjb-delasalle.fr\\\/site\\\/2023\\\/02\\\/03\\\/pratique-plastique-dans-la-galerie\\\/#primaryimage\"},\"thumbnailUrl\":\"https:\\\/\\\/www.stjb-delasalle.fr\\\/site\\\/wp-content\\\/uploads\\\/2023\\\/02\\\/A114C88D-8BAE-45BB-A018-00AA6079E217.jpeg\",\"datePublished\":\"2023-02-03T18:29:59+00:00\",\"dateModified\":\"2023-02-26T18:22:24+00:00\",\"breadcrumb\":{\"@id\":\"https:\\\/\\\/www.stjb-delasalle.fr\\\/site\\\/2023\\\/02\\\/03\\\/pratique-plastique-dans-la-galerie\\\/#breadcrumb\"},\"inLanguage\":\"fr-FR\",\"potentialAction\":[{\"@type\":\"ReadAction\",\"target\":[\"https:\\\/\\\/www.stjb-delasalle.fr\\\/site\\\/2023\\\/02\\\/03\\\/pratique-plastique-dans-la-galerie\\\/\"]}]},{\"@type\":\"ImageObject\",\"inLanguage\":\"fr-FR\",\"@id\":\"https:\\\/\\\/www.stjb-delasalle.fr\\\/site\\\/2023\\\/02\\\/03\\\/pratique-plastique-dans-la-galerie\\\/#primaryimage\",\"url\":\"https:\\\/\\\/www.stjb-delasalle.fr\\\/site\\\/wp-content\\\/uploads\\\/2023\\\/02\\\/A114C88D-8BAE-45BB-A018-00AA6079E217.jpeg\",\"contentUrl\":\"https:\\\/\\\/www.stjb-delasalle.fr\\\/site\\\/wp-content\\\/uploads\\\/2023\\\/02\\\/A114C88D-8BAE-45BB-A018-00AA6079E217.jpeg\",\"width\":1920,\"height\":1440},{\"@type\":\"BreadcrumbList\",\"@id\":\"https:\\\/\\\/www.stjb-delasalle.fr\\\/site\\\/2023\\\/02\\\/03\\\/pratique-plastique-dans-la-galerie\\\/#breadcrumb\",\"itemListElement\":[{\"@type\":\"ListItem\",\"position\":1,\"name\":\"Accueil\",\"item\":\"https:\\\/\\\/www.stjb-delasalle.fr\\\/site\\\/\"},{\"@type\":\"ListItem\",\"position\":2,\"name\":\"Pratique plastique dans la galerie\"}]},{\"@type\":\"WebSite\",\"@id\":\"https:\\\/\\\/www.stjb-delasalle.fr\\\/site\\\/#website\",\"url\":\"https:\\\/\\\/www.stjb-delasalle.fr\\\/site\\\/\",\"name\":\"Coll\u00e8ge Saint Jean Baptiste de La Salle\",\"description\":\"Notre coll\u00e8ge vous accueille sur le site du Rancher \u00e0 Teloch\u00e9\",\"publisher\":{\"@id\":\"https:\\\/\\\/www.stjb-delasalle.fr\\\/site\\\/#organization\"},\"potentialAction\":[{\"@type\":\"SearchAction\",\"target\":{\"@type\":\"EntryPoint\",\"urlTemplate\":\"https:\\\/\\\/www.stjb-delasalle.fr\\\/site\\\/?s={search_term_string}\"},\"query-input\":{\"@type\":\"PropertyValueSpecification\",\"valueRequired\":true,\"valueName\":\"search_term_string\"}}],\"inLanguage\":\"fr-FR\"},{\"@type\":\"Organization\",\"@id\":\"https:\\\/\\\/www.stjb-delasalle.fr\\\/site\\\/#organization\",\"name\":\"Coll\u00e8ge Saint Jean Baptiste de La Salle\",\"url\":\"https:\\\/\\\/www.stjb-delasalle.fr\\\/site\\\/\",\"logo\":{\"@type\":\"ImageObject\",\"inLanguage\":\"fr-FR\",\"@id\":\"https:\\\/\\\/www.stjb-delasalle.fr\\\/site\\\/#\\\/schema\\\/logo\\\/image\\\/\",\"url\":\"https:\\\/\\\/www.stjb-delasalle.fr\\\/site\\\/wp-content\\\/uploads\\\/2021\\\/11\\\/logostjb_petit_transp.png\",\"contentUrl\":\"https:\\\/\\\/www.stjb-delasalle.fr\\\/site\\\/wp-content\\\/uploads\\\/2021\\\/11\\\/logostjb_petit_transp.png\",\"width\":180,\"height\":127,\"caption\":\"Coll\u00e8ge Saint Jean Baptiste de La Salle\"},\"image\":{\"@id\":\"https:\\\/\\\/www.stjb-delasalle.fr\\\/site\\\/#\\\/schema\\\/logo\\\/image\\\/\"}},{\"@type\":\"Person\",\"@id\":\"https:\\\/\\\/www.stjb-delasalle.fr\\\/site\\\/#\\\/schema\\\/person\\\/29e031eae2fbe58aca689f9074d3616a\",\"name\":\"s.couret\",\"image\":{\"@type\":\"ImageObject\",\"inLanguage\":\"fr-FR\",\"@id\":\"https:\\\/\\\/secure.gravatar.com\\\/avatar\\\/83474c4b01f4d5df531ba9e1ae59f6610ffe9a3c76657f973718ba9fff166522?s=96&d=mm&r=g\",\"url\":\"https:\\\/\\\/secure.gravatar.com\\\/avatar\\\/83474c4b01f4d5df531ba9e1ae59f6610ffe9a3c76657f973718ba9fff166522?s=96&d=mm&r=g\",\"contentUrl\":\"https:\\\/\\\/secure.gravatar.com\\\/avatar\\\/83474c4b01f4d5df531ba9e1ae59f6610ffe9a3c76657f973718ba9fff166522?s=96&d=mm&r=g\",\"caption\":\"s.couret\"},\"url\":\"https:\\\/\\\/www.stjb-delasalle.fr\\\/site\\\/author\\\/s-couret\\\/\"}]}<\/script>\n<!-- \/ Yoast SEO plugin. -->","yoast_head_json":{"title":"Pratique plastique dans la galerie - Coll\u00e8ge Saint Jean Baptiste de La Salle","robots":{"index":"index","follow":"follow","max-snippet":"max-snippet:-1","max-image-preview":"max-image-preview:large","max-video-preview":"max-video-preview:-1"},"canonical":"https:\/\/www.stjb-delasalle.fr\/site\/2023\/02\/03\/pratique-plastique-dans-la-galerie\/","og_locale":"fr_FR","og_type":"article","og_title":"Pratique plastique dans la galerie - Coll\u00e8ge Saint Jean Baptiste de La Salle","og_description":"La galerie d\u2019art \u00e0 vocation p\u00e9dagogique du coll\u00e8ge accueille du 13 janvier au 10 f\u00e9vrier 2023, les \u0153uvres de\u00a0Camille Bleu-Valentin dans le cadre du dispositif Exposer InSitu.\u00a0Un pr\u00e9c\u00e9dent article pr\u00e9sente\u00a0l\u2019installation des \u0153uvres. Ci-dessous, le Ouest France du 14 janvier : L\u2019accueil d\u2019expos dans la galerie permet d\u2019y d\u00e9localiser les cours d\u2019arts plastiques, un environnement diff\u00e9rent, [&hellip;]","og_url":"https:\/\/www.stjb-delasalle.fr\/site\/2023\/02\/03\/pratique-plastique-dans-la-galerie\/","og_site_name":"Coll\u00e8ge Saint Jean Baptiste de La Salle","article_published_time":"2023-02-03T18:29:59+00:00","article_modified_time":"2023-02-26T18:22:24+00:00","og_image":[{"width":1920,"height":1440,"url":"https:\/\/www.stjb-delasalle.fr\/site\/wp-content\/uploads\/2023\/02\/A114C88D-8BAE-45BB-A018-00AA6079E217.jpeg","type":"image\/jpeg"}],"author":"s.couret","twitter_card":"summary_large_image","twitter_misc":{"\u00c9crit par":"s.couret"},"schema":{"@context":"https:\/\/schema.org","@graph":[{"@type":"Article","@id":"https:\/\/www.stjb-delasalle.fr\/site\/2023\/02\/03\/pratique-plastique-dans-la-galerie\/#article","isPartOf":{"@id":"https:\/\/www.stjb-delasalle.fr\/site\/2023\/02\/03\/pratique-plastique-dans-la-galerie\/"},"author":{"name":"s.couret","@id":"https:\/\/www.stjb-delasalle.fr\/site\/#\/schema\/person\/29e031eae2fbe58aca689f9074d3616a"},"headline":"Pratique plastique dans la galerie","datePublished":"2023-02-03T18:29:59+00:00","dateModified":"2023-02-26T18:22:24+00:00","mainEntityOfPage":{"@id":"https:\/\/www.stjb-delasalle.fr\/site\/2023\/02\/03\/pratique-plastique-dans-la-galerie\/"},"wordCount":89,"commentCount":0,"publisher":{"@id":"https:\/\/www.stjb-delasalle.fr\/site\/#organization"},"image":{"@id":"https:\/\/www.stjb-delasalle.fr\/site\/2023\/02\/03\/pratique-plastique-dans-la-galerie\/#primaryimage"},"thumbnailUrl":"https:\/\/www.stjb-delasalle.fr\/site\/wp-content\/uploads\/2023\/02\/A114C88D-8BAE-45BB-A018-00AA6079E217.jpeg","articleSection":["Activit\u00e9s 6e","Coll\u00e8ge","Galerie 2022-2023"],"inLanguage":"fr-FR","potentialAction":[{"@type":"CommentAction","name":"Comment","target":["https:\/\/www.stjb-delasalle.fr\/site\/2023\/02\/03\/pratique-plastique-dans-la-galerie\/#respond"]}]},{"@type":"WebPage","@id":"https:\/\/www.stjb-delasalle.fr\/site\/2023\/02\/03\/pratique-plastique-dans-la-galerie\/","url":"https:\/\/www.stjb-delasalle.fr\/site\/2023\/02\/03\/pratique-plastique-dans-la-galerie\/","name":"Pratique plastique dans la galerie - Coll\u00e8ge Saint Jean Baptiste de La Salle","isPartOf":{"@id":"https:\/\/www.stjb-delasalle.fr\/site\/#website"},"primaryImageOfPage":{"@id":"https:\/\/www.stjb-delasalle.fr\/site\/2023\/02\/03\/pratique-plastique-dans-la-galerie\/#primaryimage"},"image":{"@id":"https:\/\/www.stjb-delasalle.fr\/site\/2023\/02\/03\/pratique-plastique-dans-la-galerie\/#primaryimage"},"thumbnailUrl":"https:\/\/www.stjb-delasalle.fr\/site\/wp-content\/uploads\/2023\/02\/A114C88D-8BAE-45BB-A018-00AA6079E217.jpeg","datePublished":"2023-02-03T18:29:59+00:00","dateModified":"2023-02-26T18:22:24+00:00","breadcrumb":{"@id":"https:\/\/www.stjb-delasalle.fr\/site\/2023\/02\/03\/pratique-plastique-dans-la-galerie\/#breadcrumb"},"inLanguage":"fr-FR","potentialAction":[{"@type":"ReadAction","target":["https:\/\/www.stjb-delasalle.fr\/site\/2023\/02\/03\/pratique-plastique-dans-la-galerie\/"]}]},{"@type":"ImageObject","inLanguage":"fr-FR","@id":"https:\/\/www.stjb-delasalle.fr\/site\/2023\/02\/03\/pratique-plastique-dans-la-galerie\/#primaryimage","url":"https:\/\/www.stjb-delasalle.fr\/site\/wp-content\/uploads\/2023\/02\/A114C88D-8BAE-45BB-A018-00AA6079E217.jpeg","contentUrl":"https:\/\/www.stjb-delasalle.fr\/site\/wp-content\/uploads\/2023\/02\/A114C88D-8BAE-45BB-A018-00AA6079E217.jpeg","width":1920,"height":1440},{"@type":"BreadcrumbList","@id":"https:\/\/www.stjb-delasalle.fr\/site\/2023\/02\/03\/pratique-plastique-dans-la-galerie\/#breadcrumb","itemListElement":[{"@type":"ListItem","position":1,"name":"Accueil","item":"https:\/\/www.stjb-delasalle.fr\/site\/"},{"@type":"ListItem","position":2,"name":"Pratique plastique dans la galerie"}]},{"@type":"WebSite","@id":"https:\/\/www.stjb-delasalle.fr\/site\/#website","url":"https:\/\/www.stjb-delasalle.fr\/site\/","name":"Coll\u00e8ge Saint Jean Baptiste de La Salle","description":"Notre coll\u00e8ge vous accueille sur le site du Rancher \u00e0 Teloch\u00e9","publisher":{"@id":"https:\/\/www.stjb-delasalle.fr\/site\/#organization"},"potentialAction":[{"@type":"SearchAction","target":{"@type":"EntryPoint","urlTemplate":"https:\/\/www.stjb-delasalle.fr\/site\/?s={search_term_string}"},"query-input":{"@type":"PropertyValueSpecification","valueRequired":true,"valueName":"search_term_string"}}],"inLanguage":"fr-FR"},{"@type":"Organization","@id":"https:\/\/www.stjb-delasalle.fr\/site\/#organization","name":"Coll\u00e8ge Saint Jean Baptiste de La Salle","url":"https:\/\/www.stjb-delasalle.fr\/site\/","logo":{"@type":"ImageObject","inLanguage":"fr-FR","@id":"https:\/\/www.stjb-delasalle.fr\/site\/#\/schema\/logo\/image\/","url":"https:\/\/www.stjb-delasalle.fr\/site\/wp-content\/uploads\/2021\/11\/logostjb_petit_transp.png","contentUrl":"https:\/\/www.stjb-delasalle.fr\/site\/wp-content\/uploads\/2021\/11\/logostjb_petit_transp.png","width":180,"height":127,"caption":"Coll\u00e8ge Saint Jean Baptiste de La Salle"},"image":{"@id":"https:\/\/www.stjb-delasalle.fr\/site\/#\/schema\/logo\/image\/"}},{"@type":"Person","@id":"https:\/\/www.stjb-delasalle.fr\/site\/#\/schema\/person\/29e031eae2fbe58aca689f9074d3616a","name":"s.couret","image":{"@type":"ImageObject","inLanguage":"fr-FR","@id":"https:\/\/secure.gravatar.com\/avatar\/83474c4b01f4d5df531ba9e1ae59f6610ffe9a3c76657f973718ba9fff166522?s=96&d=mm&r=g","url":"https:\/\/secure.gravatar.com\/avatar\/83474c4b01f4d5df531ba9e1ae59f6610ffe9a3c76657f973718ba9fff166522?s=96&d=mm&r=g","contentUrl":"https:\/\/secure.gravatar.com\/avatar\/83474c4b01f4d5df531ba9e1ae59f6610ffe9a3c76657f973718ba9fff166522?s=96&d=mm&r=g","caption":"s.couret"},"url":"https:\/\/www.stjb-delasalle.fr\/site\/author\/s-couret\/"}]}},"_links":{"self":[{"href":"https:\/\/www.stjb-delasalle.fr\/site\/wp-json\/wp\/v2\/posts\/12347","targetHints":{"allow":["GET"]}}],"collection":[{"href":"https:\/\/www.stjb-delasalle.fr\/site\/wp-json\/wp\/v2\/posts"}],"about":[{"href":"https:\/\/www.stjb-delasalle.fr\/site\/wp-json\/wp\/v2\/types\/post"}],"author":[{"embeddable":true,"href":"https:\/\/www.stjb-delasalle.fr\/site\/wp-json\/wp\/v2\/users\/3"}],"replies":[{"embeddable":true,"href":"https:\/\/www.stjb-delasalle.fr\/site\/wp-json\/wp\/v2\/comments?post=12347"}],"version-history":[{"count":5,"href":"https:\/\/www.stjb-delasalle.fr\/site\/wp-json\/wp\/v2\/posts\/12347\/revisions"}],"predecessor-version":[{"id":12586,"href":"https:\/\/www.stjb-delasalle.fr\/site\/wp-json\/wp\/v2\/posts\/12347\/revisions\/12586"}],"wp:featuredmedia":[{"embeddable":true,"href":"https:\/\/www.stjb-delasalle.fr\/site\/wp-json\/wp\/v2\/media\/12394"}],"wp:attachment":[{"href":"https:\/\/www.stjb-delasalle.fr\/site\/wp-json\/wp\/v2\/media?parent=12347"}],"wp:term":[{"taxonomy":"category","embeddable":true,"href":"https:\/\/www.stjb-delasalle.fr\/site\/wp-json\/wp\/v2\/categories?post=12347"},{"taxonomy":"post_tag","embeddable":true,"href":"https:\/\/www.stjb-delasalle.fr\/site\/wp-json\/wp\/v2\/tags?post=12347"}],"curies":[{"name":"wp","href":"https:\/\/api.w.org\/{rel}","templated":true}]}}