{"id":12274,"date":"2023-01-13T21:16:37","date_gmt":"2023-01-13T21:16:37","guid":{"rendered":"https:\/\/www.stjb-delasalle.fr\/site\/?p=12274"},"modified":"2023-02-26T19:14:30","modified_gmt":"2023-02-26T19:14:30","slug":"camille-bleu-valentin-expose-insitu","status":"publish","type":"post","link":"https:\/\/www.stjb-delasalle.fr\/site\/2023\/01\/13\/camille-bleu-valentin-expose-insitu\/","title":{"rendered":"Camille Bleu-Valentin expose InSitu"},"content":{"rendered":"<p><a href=\"https:\/\/www.pedagogie.ac-nantes.fr\/arts-plastiques-insitu\/insitu-reseau-de-galeries--1148635.kjsp?RH=1158750132734\" target=\"_blank\" rel=\"noopener\">La galerie d\u2019art \u00e0 vocation p\u00e9dagogique<\/a> du coll\u00e8ge accueille pour un mois les \u0153uvres de l\u2019artiste plasticienne <a href=\"https:\/\/camillebleuvalentin.wixsite.com\/works\" target=\"_blank\" rel=\"noopener\">Camille Bleu-Valentin<\/a> dans le cadre du dispositif <a href=\"https:\/\/www.exposerinsitu.fr\/\" target=\"_blank\" rel=\"noopener\">Exposer InSitu<\/a>.<\/p>\n<p>Vendredi 13 janvier, l\u2019artiste a fait l\u2019accrochage de ses \u0153uvres avec les \u00e9l\u00e8ves du \u2018Parcours renforc\u00e9 arts plastiques\u2019 compos\u00e9 de 18 \u00e9l\u00e8ves de 4e 3e, puis \u00e0 rencontr\u00e9 une classe de 4e et des \u00e9l\u00e8ves du dispositif Ulis.<\/p>\n<p><em>\u00ab J\u2019envisage cette exposition comme un support d\u2019exploration de la relation qu\u2019entretient l\u2019artiste au monde. Les diff\u00e9rents m\u00e9diums pr\u00e9sents questionnent et enrichissent notre rapport \u00e0 l\u2019image. Il s\u2019agit pour moi de prendre le contre-pied de l\u2019image d\u2019actualit\u00e9 diffus\u00e9e par la t\u00e9l\u00e9vision ou les r\u00e9seaux sociaux en sensibilisant diff\u00e9remment \u00e0 des contextes sociaux-politiques complexes.\u00a0\u00bb<\/em><\/p>\n<p>Camille Bleu-Valentin<\/p>\n<p><img fetchpriority=\"high\" decoding=\"async\" class=\"alignnone wp-image-12294 size-large\" src=\"https:\/\/www.stjb-delasalle.fr\/site\/wp-content\/uploads\/2023\/01\/College-StJBdeLaSalle-Teloche-Expo-Camille-Bleu-Valentin10janv-13fev-2023-1024x681.jpg\" alt=\"\" width=\"1024\" height=\"681\" srcset=\"https:\/\/www.stjb-delasalle.fr\/site\/wp-content\/uploads\/2023\/01\/College-StJBdeLaSalle-Teloche-Expo-Camille-Bleu-Valentin10janv-13fev-2023-1024x681.jpg 1024w, https:\/\/www.stjb-delasalle.fr\/site\/wp-content\/uploads\/2023\/01\/College-StJBdeLaSalle-Teloche-Expo-Camille-Bleu-Valentin10janv-13fev-2023-300x200.jpg 300w, https:\/\/www.stjb-delasalle.fr\/site\/wp-content\/uploads\/2023\/01\/College-StJBdeLaSalle-Teloche-Expo-Camille-Bleu-Valentin10janv-13fev-2023-768x511.jpg 768w, https:\/\/www.stjb-delasalle.fr\/site\/wp-content\/uploads\/2023\/01\/College-StJBdeLaSalle-Teloche-Expo-Camille-Bleu-Valentin10janv-13fev-2023-1536x1022.jpg 1536w, https:\/\/www.stjb-delasalle.fr\/site\/wp-content\/uploads\/2023\/01\/College-StJBdeLaSalle-Teloche-Expo-Camille-Bleu-Valentin10janv-13fev-2023.jpg 1920w\" sizes=\"(max-width: 1024px) 100vw, 1024px\" \/><\/p>\n<p><img decoding=\"async\" class=\"alignnone wp-image-12282 size-large\" src=\"https:\/\/www.stjb-delasalle.fr\/site\/wp-content\/uploads\/2023\/01\/IMG_4115-1024x683.jpg\" alt=\"\" width=\"1024\" height=\"683\" srcset=\"https:\/\/www.stjb-delasalle.fr\/site\/wp-content\/uploads\/2023\/01\/IMG_4115-1024x683.jpg 1024w, https:\/\/www.stjb-delasalle.fr\/site\/wp-content\/uploads\/2023\/01\/IMG_4115-300x200.jpg 300w, https:\/\/www.stjb-delasalle.fr\/site\/wp-content\/uploads\/2023\/01\/IMG_4115-768x512.jpg 768w, https:\/\/www.stjb-delasalle.fr\/site\/wp-content\/uploads\/2023\/01\/IMG_4115-1536x1024.jpg 1536w, https:\/\/www.stjb-delasalle.fr\/site\/wp-content\/uploads\/2023\/01\/IMG_4115.jpg 1920w\" sizes=\"(max-width: 1024px) 100vw, 1024px\" \/><img decoding=\"async\" class=\"alignnone wp-image-12276 size-large\" src=\"https:\/\/www.stjb-delasalle.fr\/site\/wp-content\/uploads\/2023\/01\/82BD550C-D768-4C8B-9378-53711F452D60-1024x768.jpeg\" alt=\"\" width=\"1024\" height=\"768\" srcset=\"https:\/\/www.stjb-delasalle.fr\/site\/wp-content\/uploads\/2023\/01\/82BD550C-D768-4C8B-9378-53711F452D60-1024x768.jpeg 1024w, https:\/\/www.stjb-delasalle.fr\/site\/wp-content\/uploads\/2023\/01\/82BD550C-D768-4C8B-9378-53711F452D60-300x225.jpeg 300w, https:\/\/www.stjb-delasalle.fr\/site\/wp-content\/uploads\/2023\/01\/82BD550C-D768-4C8B-9378-53711F452D60-768x576.jpeg 768w, https:\/\/www.stjb-delasalle.fr\/site\/wp-content\/uploads\/2023\/01\/82BD550C-D768-4C8B-9378-53711F452D60-1536x1152.jpeg 1536w, https:\/\/www.stjb-delasalle.fr\/site\/wp-content\/uploads\/2023\/01\/82BD550C-D768-4C8B-9378-53711F452D60.jpeg 1920w\" sizes=\"(max-width: 1024px) 100vw, 1024px\" \/><img loading=\"lazy\" decoding=\"async\" class=\"alignnone wp-image-12293 size-large\" src=\"https:\/\/www.stjb-delasalle.fr\/site\/wp-content\/uploads\/2023\/01\/09C4257D-0238-493C-BA82-4129F8905F1B-1024x682.jpeg\" alt=\"\" width=\"1024\" height=\"682\" srcset=\"https:\/\/www.stjb-delasalle.fr\/site\/wp-content\/uploads\/2023\/01\/09C4257D-0238-493C-BA82-4129F8905F1B-1024x682.jpeg 1024w, https:\/\/www.stjb-delasalle.fr\/site\/wp-content\/uploads\/2023\/01\/09C4257D-0238-493C-BA82-4129F8905F1B-300x200.jpeg 300w, https:\/\/www.stjb-delasalle.fr\/site\/wp-content\/uploads\/2023\/01\/09C4257D-0238-493C-BA82-4129F8905F1B-768x512.jpeg 768w, https:\/\/www.stjb-delasalle.fr\/site\/wp-content\/uploads\/2023\/01\/09C4257D-0238-493C-BA82-4129F8905F1B-1536x1023.jpeg 1536w, https:\/\/www.stjb-delasalle.fr\/site\/wp-content\/uploads\/2023\/01\/09C4257D-0238-493C-BA82-4129F8905F1B.jpeg 1920w\" sizes=\"(max-width: 1024px) 100vw, 1024px\" \/><img loading=\"lazy\" decoding=\"async\" class=\"alignnone wp-image-12283 size-large\" src=\"https:\/\/www.stjb-delasalle.fr\/site\/wp-content\/uploads\/2023\/01\/IMG_4127-1024x683.jpg\" alt=\"\" width=\"1024\" height=\"683\" srcset=\"https:\/\/www.stjb-delasalle.fr\/site\/wp-content\/uploads\/2023\/01\/IMG_4127-1024x683.jpg 1024w, https:\/\/www.stjb-delasalle.fr\/site\/wp-content\/uploads\/2023\/01\/IMG_4127-300x200.jpg 300w, https:\/\/www.stjb-delasalle.fr\/site\/wp-content\/uploads\/2023\/01\/IMG_4127-768x512.jpg 768w, https:\/\/www.stjb-delasalle.fr\/site\/wp-content\/uploads\/2023\/01\/IMG_4127-1536x1024.jpg 1536w, https:\/\/www.stjb-delasalle.fr\/site\/wp-content\/uploads\/2023\/01\/IMG_4127.jpg 1920w\" sizes=\"(max-width: 1024px) 100vw, 1024px\" \/><img loading=\"lazy\" decoding=\"async\" class=\"alignnone wp-image-12287 size-large\" src=\"https:\/\/www.stjb-delasalle.fr\/site\/wp-content\/uploads\/2023\/01\/IMG_4158-1-1024x683.jpg\" alt=\"\" width=\"1024\" height=\"683\" srcset=\"https:\/\/www.stjb-delasalle.fr\/site\/wp-content\/uploads\/2023\/01\/IMG_4158-1-1024x683.jpg 1024w, https:\/\/www.stjb-delasalle.fr\/site\/wp-content\/uploads\/2023\/01\/IMG_4158-1-300x200.jpg 300w, https:\/\/www.stjb-delasalle.fr\/site\/wp-content\/uploads\/2023\/01\/IMG_4158-1-768x512.jpg 768w, https:\/\/www.stjb-delasalle.fr\/site\/wp-content\/uploads\/2023\/01\/IMG_4158-1-1536x1024.jpg 1536w, https:\/\/www.stjb-delasalle.fr\/site\/wp-content\/uploads\/2023\/01\/IMG_4158-1.jpg 1920w\" sizes=\"(max-width: 1024px) 100vw, 1024px\" \/><img loading=\"lazy\" decoding=\"async\" class=\"alignnone wp-image-12280 size-large\" src=\"https:\/\/www.stjb-delasalle.fr\/site\/wp-content\/uploads\/2023\/01\/EA677CAF-3197-480F-B607-1A4E6A299028-1024x768.jpeg\" alt=\"\" width=\"1024\" height=\"768\" srcset=\"https:\/\/www.stjb-delasalle.fr\/site\/wp-content\/uploads\/2023\/01\/EA677CAF-3197-480F-B607-1A4E6A299028-1024x768.jpeg 1024w, https:\/\/www.stjb-delasalle.fr\/site\/wp-content\/uploads\/2023\/01\/EA677CAF-3197-480F-B607-1A4E6A299028-300x225.jpeg 300w, https:\/\/www.stjb-delasalle.fr\/site\/wp-content\/uploads\/2023\/01\/EA677CAF-3197-480F-B607-1A4E6A299028-768x576.jpeg 768w, https:\/\/www.stjb-delasalle.fr\/site\/wp-content\/uploads\/2023\/01\/EA677CAF-3197-480F-B607-1A4E6A299028-1536x1152.jpeg 1536w, https:\/\/www.stjb-delasalle.fr\/site\/wp-content\/uploads\/2023\/01\/EA677CAF-3197-480F-B607-1A4E6A299028.jpeg 1920w\" sizes=\"(max-width: 1024px) 100vw, 1024px\" \/><img loading=\"lazy\" decoding=\"async\" class=\"alignnone wp-image-12278 size-large\" src=\"https:\/\/www.stjb-delasalle.fr\/site\/wp-content\/uploads\/2023\/01\/BF207FA4-31E2-4183-892F-3439E4B202C5-1024x768.jpeg\" alt=\"\" width=\"1024\" height=\"768\" srcset=\"https:\/\/www.stjb-delasalle.fr\/site\/wp-content\/uploads\/2023\/01\/BF207FA4-31E2-4183-892F-3439E4B202C5-1024x768.jpeg 1024w, https:\/\/www.stjb-delasalle.fr\/site\/wp-content\/uploads\/2023\/01\/BF207FA4-31E2-4183-892F-3439E4B202C5-300x225.jpeg 300w, https:\/\/www.stjb-delasalle.fr\/site\/wp-content\/uploads\/2023\/01\/BF207FA4-31E2-4183-892F-3439E4B202C5-768x576.jpeg 768w, https:\/\/www.stjb-delasalle.fr\/site\/wp-content\/uploads\/2023\/01\/BF207FA4-31E2-4183-892F-3439E4B202C5-1536x1152.jpeg 1536w, https:\/\/www.stjb-delasalle.fr\/site\/wp-content\/uploads\/2023\/01\/BF207FA4-31E2-4183-892F-3439E4B202C5.jpeg 1920w\" sizes=\"(max-width: 1024px) 100vw, 1024px\" \/><img loading=\"lazy\" decoding=\"async\" class=\"alignnone wp-image-12277 size-large\" src=\"https:\/\/www.stjb-delasalle.fr\/site\/wp-content\/uploads\/2023\/01\/B531C977-C7AE-4A9C-A6BB-FF4DE0288BE1-1024x768.jpeg\" alt=\"\" width=\"1024\" height=\"768\" srcset=\"https:\/\/www.stjb-delasalle.fr\/site\/wp-content\/uploads\/2023\/01\/B531C977-C7AE-4A9C-A6BB-FF4DE0288BE1-1024x768.jpeg 1024w, https:\/\/www.stjb-delasalle.fr\/site\/wp-content\/uploads\/2023\/01\/B531C977-C7AE-4A9C-A6BB-FF4DE0288BE1-300x225.jpeg 300w, https:\/\/www.stjb-delasalle.fr\/site\/wp-content\/uploads\/2023\/01\/B531C977-C7AE-4A9C-A6BB-FF4DE0288BE1-768x576.jpeg 768w, https:\/\/www.stjb-delasalle.fr\/site\/wp-content\/uploads\/2023\/01\/B531C977-C7AE-4A9C-A6BB-FF4DE0288BE1-1536x1152.jpeg 1536w, https:\/\/www.stjb-delasalle.fr\/site\/wp-content\/uploads\/2023\/01\/B531C977-C7AE-4A9C-A6BB-FF4DE0288BE1.jpeg 1920w\" sizes=\"(max-width: 1024px) 100vw, 1024px\" \/><img loading=\"lazy\" decoding=\"async\" class=\"alignnone wp-image-12589 size-large\" src=\"https:\/\/www.stjb-delasalle.fr\/site\/wp-content\/uploads\/2023\/01\/F64A796F-5616-415D-86CA-1EC7BB8A4AAB-1024x768.jpeg\" alt=\"\" width=\"1024\" height=\"768\" srcset=\"https:\/\/www.stjb-delasalle.fr\/site\/wp-content\/uploads\/2023\/01\/F64A796F-5616-415D-86CA-1EC7BB8A4AAB-1024x768.jpeg 1024w, https:\/\/www.stjb-delasalle.fr\/site\/wp-content\/uploads\/2023\/01\/F64A796F-5616-415D-86CA-1EC7BB8A4AAB-300x225.jpeg 300w, https:\/\/www.stjb-delasalle.fr\/site\/wp-content\/uploads\/2023\/01\/F64A796F-5616-415D-86CA-1EC7BB8A4AAB-768x576.jpeg 768w, https:\/\/www.stjb-delasalle.fr\/site\/wp-content\/uploads\/2023\/01\/F64A796F-5616-415D-86CA-1EC7BB8A4AAB-1536x1152.jpeg 1536w, https:\/\/www.stjb-delasalle.fr\/site\/wp-content\/uploads\/2023\/01\/F64A796F-5616-415D-86CA-1EC7BB8A4AAB.jpeg 1920w\" sizes=\"(max-width: 1024px) 100vw, 1024px\" \/><img loading=\"lazy\" decoding=\"async\" class=\"alignnone wp-image-12590 size-large\" src=\"https:\/\/www.stjb-delasalle.fr\/site\/wp-content\/uploads\/2023\/01\/1E29F797-0ADE-450A-9FBB-F4899E461E73-1024x768.jpeg\" alt=\"\" width=\"1024\" height=\"768\" srcset=\"https:\/\/www.stjb-delasalle.fr\/site\/wp-content\/uploads\/2023\/01\/1E29F797-0ADE-450A-9FBB-F4899E461E73-1024x768.jpeg 1024w, https:\/\/www.stjb-delasalle.fr\/site\/wp-content\/uploads\/2023\/01\/1E29F797-0ADE-450A-9FBB-F4899E461E73-300x225.jpeg 300w, https:\/\/www.stjb-delasalle.fr\/site\/wp-content\/uploads\/2023\/01\/1E29F797-0ADE-450A-9FBB-F4899E461E73-768x576.jpeg 768w, https:\/\/www.stjb-delasalle.fr\/site\/wp-content\/uploads\/2023\/01\/1E29F797-0ADE-450A-9FBB-F4899E461E73-1536x1152.jpeg 1536w, https:\/\/www.stjb-delasalle.fr\/site\/wp-content\/uploads\/2023\/01\/1E29F797-0ADE-450A-9FBB-F4899E461E73.jpeg 1920w\" sizes=\"(max-width: 1024px) 100vw, 1024px\" \/><img loading=\"lazy\" decoding=\"async\" class=\"alignnone wp-image-12591 size-large\" src=\"https:\/\/www.stjb-delasalle.fr\/site\/wp-content\/uploads\/2023\/01\/07EB77D3-5803-456A-8333-3DA43633C96E-1024x768.jpeg\" alt=\"\" width=\"1024\" height=\"768\" srcset=\"https:\/\/www.stjb-delasalle.fr\/site\/wp-content\/uploads\/2023\/01\/07EB77D3-5803-456A-8333-3DA43633C96E-1024x768.jpeg 1024w, https:\/\/www.stjb-delasalle.fr\/site\/wp-content\/uploads\/2023\/01\/07EB77D3-5803-456A-8333-3DA43633C96E-300x225.jpeg 300w, https:\/\/www.stjb-delasalle.fr\/site\/wp-content\/uploads\/2023\/01\/07EB77D3-5803-456A-8333-3DA43633C96E-768x576.jpeg 768w, https:\/\/www.stjb-delasalle.fr\/site\/wp-content\/uploads\/2023\/01\/07EB77D3-5803-456A-8333-3DA43633C96E-1536x1152.jpeg 1536w, https:\/\/www.stjb-delasalle.fr\/site\/wp-content\/uploads\/2023\/01\/07EB77D3-5803-456A-8333-3DA43633C96E.jpeg 1920w\" sizes=\"(max-width: 1024px) 100vw, 1024px\" \/><img loading=\"lazy\" decoding=\"async\" class=\"alignnone wp-image-12592 size-large\" src=\"https:\/\/www.stjb-delasalle.fr\/site\/wp-content\/uploads\/2023\/01\/7C3EB0F5-5A45-405F-B3A0-02FA5033B273-768x1024.jpeg\" alt=\"\" width=\"768\" height=\"1024\" srcset=\"https:\/\/www.stjb-delasalle.fr\/site\/wp-content\/uploads\/2023\/01\/7C3EB0F5-5A45-405F-B3A0-02FA5033B273-768x1024.jpeg 768w, https:\/\/www.stjb-delasalle.fr\/site\/wp-content\/uploads\/2023\/01\/7C3EB0F5-5A45-405F-B3A0-02FA5033B273-225x300.jpeg 225w, https:\/\/www.stjb-delasalle.fr\/site\/wp-content\/uploads\/2023\/01\/7C3EB0F5-5A45-405F-B3A0-02FA5033B273-1152x1536.jpeg 1152w, https:\/\/www.stjb-delasalle.fr\/site\/wp-content\/uploads\/2023\/01\/7C3EB0F5-5A45-405F-B3A0-02FA5033B273.jpeg 1440w\" sizes=\"(max-width: 768px) 100vw, 768px\" \/><img loading=\"lazy\" decoding=\"async\" class=\"alignnone wp-image-12597 size-large\" src=\"https:\/\/www.stjb-delasalle.fr\/site\/wp-content\/uploads\/2023\/01\/08282231-28A0-4DF1-8444-EC342B261298-1024x895.jpeg\" alt=\"\" width=\"1024\" height=\"895\" srcset=\"https:\/\/www.stjb-delasalle.fr\/site\/wp-content\/uploads\/2023\/01\/08282231-28A0-4DF1-8444-EC342B261298-1024x895.jpeg 1024w, https:\/\/www.stjb-delasalle.fr\/site\/wp-content\/uploads\/2023\/01\/08282231-28A0-4DF1-8444-EC342B261298-300x262.jpeg 300w, https:\/\/www.stjb-delasalle.fr\/site\/wp-content\/uploads\/2023\/01\/08282231-28A0-4DF1-8444-EC342B261298-768x671.jpeg 768w, https:\/\/www.stjb-delasalle.fr\/site\/wp-content\/uploads\/2023\/01\/08282231-28A0-4DF1-8444-EC342B261298.jpeg 1374w\" sizes=\"(max-width: 1024px) 100vw, 1024px\" \/><img loading=\"lazy\" decoding=\"async\" class=\"alignnone wp-image-12596 size-large\" src=\"https:\/\/www.stjb-delasalle.fr\/site\/wp-content\/uploads\/2023\/01\/78AF3B83-9491-4AF6-B3CA-85A9335B603F-1024x744.jpeg\" alt=\"\" width=\"1024\" height=\"744\" srcset=\"https:\/\/www.stjb-delasalle.fr\/site\/wp-content\/uploads\/2023\/01\/78AF3B83-9491-4AF6-B3CA-85A9335B603F-1024x744.jpeg 1024w, https:\/\/www.stjb-delasalle.fr\/site\/wp-content\/uploads\/2023\/01\/78AF3B83-9491-4AF6-B3CA-85A9335B603F-300x218.jpeg 300w, https:\/\/www.stjb-delasalle.fr\/site\/wp-content\/uploads\/2023\/01\/78AF3B83-9491-4AF6-B3CA-85A9335B603F-768x558.jpeg 768w, https:\/\/www.stjb-delasalle.fr\/site\/wp-content\/uploads\/2023\/01\/78AF3B83-9491-4AF6-B3CA-85A9335B603F-1536x1115.jpeg 1536w, https:\/\/www.stjb-delasalle.fr\/site\/wp-content\/uploads\/2023\/01\/78AF3B83-9491-4AF6-B3CA-85A9335B603F.jpeg 1614w\" sizes=\"(max-width: 1024px) 100vw, 1024px\" \/><img loading=\"lazy\" decoding=\"async\" class=\"alignnone wp-image-12595 size-large\" src=\"https:\/\/www.stjb-delasalle.fr\/site\/wp-content\/uploads\/2023\/01\/4C28A30B-5903-4B92-B0D3-B3BDE7008D9E-1024x778.jpeg\" alt=\"\" width=\"1024\" height=\"778\" srcset=\"https:\/\/www.stjb-delasalle.fr\/site\/wp-content\/uploads\/2023\/01\/4C28A30B-5903-4B92-B0D3-B3BDE7008D9E-1024x778.jpeg 1024w, https:\/\/www.stjb-delasalle.fr\/site\/wp-content\/uploads\/2023\/01\/4C28A30B-5903-4B92-B0D3-B3BDE7008D9E-300x228.jpeg 300w, https:\/\/www.stjb-delasalle.fr\/site\/wp-content\/uploads\/2023\/01\/4C28A30B-5903-4B92-B0D3-B3BDE7008D9E-768x583.jpeg 768w, https:\/\/www.stjb-delasalle.fr\/site\/wp-content\/uploads\/2023\/01\/4C28A30B-5903-4B92-B0D3-B3BDE7008D9E.jpeg 1431w\" sizes=\"(max-width: 1024px) 100vw, 1024px\" \/><img loading=\"lazy\" decoding=\"async\" class=\"alignnone wp-image-12593 size-large\" src=\"https:\/\/www.stjb-delasalle.fr\/site\/wp-content\/uploads\/2023\/01\/3B7ECF13-CCDF-4F21-8291-5B684462D422-1024x738.jpeg\" alt=\"\" width=\"1024\" height=\"738\" srcset=\"https:\/\/www.stjb-delasalle.fr\/site\/wp-content\/uploads\/2023\/01\/3B7ECF13-CCDF-4F21-8291-5B684462D422-1024x738.jpeg 1024w, https:\/\/www.stjb-delasalle.fr\/site\/wp-content\/uploads\/2023\/01\/3B7ECF13-CCDF-4F21-8291-5B684462D422-300x216.jpeg 300w, https:\/\/www.stjb-delasalle.fr\/site\/wp-content\/uploads\/2023\/01\/3B7ECF13-CCDF-4F21-8291-5B684462D422-768x554.jpeg 768w, https:\/\/www.stjb-delasalle.fr\/site\/wp-content\/uploads\/2023\/01\/3B7ECF13-CCDF-4F21-8291-5B684462D422-1536x1107.jpeg 1536w, https:\/\/www.stjb-delasalle.fr\/site\/wp-content\/uploads\/2023\/01\/3B7ECF13-CCDF-4F21-8291-5B684462D422.jpeg 1920w\" sizes=\"(max-width: 1024px) 100vw, 1024px\" \/><img loading=\"lazy\" decoding=\"async\" class=\"alignnone wp-image-12594 size-large\" src=\"https:\/\/www.stjb-delasalle.fr\/site\/wp-content\/uploads\/2023\/01\/6552833F-4CF2-4F83-A113-9DE113F4E6F9-870x1024.jpeg\" alt=\"\" width=\"870\" height=\"1024\" srcset=\"https:\/\/www.stjb-delasalle.fr\/site\/wp-content\/uploads\/2023\/01\/6552833F-4CF2-4F83-A113-9DE113F4E6F9-870x1024.jpeg 870w, https:\/\/www.stjb-delasalle.fr\/site\/wp-content\/uploads\/2023\/01\/6552833F-4CF2-4F83-A113-9DE113F4E6F9-255x300.jpeg 255w, https:\/\/www.stjb-delasalle.fr\/site\/wp-content\/uploads\/2023\/01\/6552833F-4CF2-4F83-A113-9DE113F4E6F9-768x904.jpeg 768w, https:\/\/www.stjb-delasalle.fr\/site\/wp-content\/uploads\/2023\/01\/6552833F-4CF2-4F83-A113-9DE113F4E6F9-1305x1536.jpeg 1305w, https:\/\/www.stjb-delasalle.fr\/site\/wp-content\/uploads\/2023\/01\/6552833F-4CF2-4F83-A113-9DE113F4E6F9.jpeg 1631w\" sizes=\"(max-width: 870px) 100vw, 870px\" \/><\/p>\n","protected":false},"excerpt":{"rendered":"<p>La galerie d\u2019art \u00e0 vocation p\u00e9dagogique du coll\u00e8ge accueille pour un mois les \u0153uvres de l\u2019artiste plasticienne Camille Bleu-Valentin dans le cadre du dispositif Exposer InSitu. Vendredi 13 janvier, l\u2019artiste a fait l\u2019accrochage de ses \u0153uvres avec les \u00e9l\u00e8ves du \u2018Parcours renforc\u00e9 arts plastiques\u2019 compos\u00e9 de 18 \u00e9l\u00e8ves de 4e 3e, puis \u00e0 rencontr\u00e9 une [&hellip;]<\/p>\n","protected":false},"author":3,"featured_media":12286,"comment_status":"open","ping_status":"open","sticky":false,"template":"","format":"standard","meta":{"site-sidebar-layout":"default","site-content-layout":"default","ast-site-content-layout":"default","site-content-style":"default","site-sidebar-style":"default","ast-global-header-display":"","ast-banner-title-visibility":"","ast-main-header-display":"","ast-hfb-above-header-display":"","ast-hfb-below-header-display":"","ast-hfb-mobile-header-display":"","site-post-title":"","ast-breadcrumbs-content":"","ast-featured-img":"","footer-sml-layout":"","ast-disable-related-posts":"","theme-transparent-header-meta":"default","adv-header-id-meta":"","stick-header-meta":"","header-above-stick-meta":"","header-main-stick-meta":"","header-below-stick-meta":"","astra-migrate-meta-layouts":"default","ast-page-background-enabled":"default","ast-page-background-meta":{"desktop":{"background-color":"var(--ast-global-color-4)","background-image":"","background-repeat":"repeat","background-position":"center center","background-size":"auto","background-attachment":"scroll","background-type":"","background-media":"","overlay-type":"","overlay-color":"","overlay-opacity":"","overlay-gradient":""},"tablet":{"background-color":"","background-image":"","background-repeat":"repeat","background-position":"center center","background-size":"auto","background-attachment":"scroll","background-type":"","background-media":"","overlay-type":"","overlay-color":"","overlay-opacity":"","overlay-gradient":""},"mobile":{"background-color":"","background-image":"","background-repeat":"repeat","background-position":"center center","background-size":"auto","background-attachment":"scroll","background-type":"","background-media":"","overlay-type":"","overlay-color":"","overlay-opacity":"","overlay-gradient":""}},"ast-content-background-meta":{"desktop":{"background-color":"var(--ast-global-color-5)","background-image":"","background-repeat":"repeat","background-position":"center center","background-size":"auto","background-attachment":"scroll","background-type":"","background-media":"","overlay-type":"","overlay-color":"","overlay-opacity":"","overlay-gradient":""},"tablet":{"background-color":"var(--ast-global-color-5)","background-image":"","background-repeat":"repeat","background-position":"center center","background-size":"auto","background-attachment":"scroll","background-type":"","background-media":"","overlay-type":"","overlay-color":"","overlay-opacity":"","overlay-gradient":""},"mobile":{"background-color":"var(--ast-global-color-5)","background-image":"","background-repeat":"repeat","background-position":"center center","background-size":"auto","background-attachment":"scroll","background-type":"","background-media":"","overlay-type":"","overlay-color":"","overlay-opacity":"","overlay-gradient":""}},"footnotes":""},"categories":[60,59,58,57,6,62],"tags":[],"class_list":["post-12274","post","type-post","status-publish","format-standard","has-post-thumbnail","hentry","category-activites-3e","category-activites-4e","category-activites-5e","category-activites-6e","category-college","category-galerie-2022-2023"],"yoast_head":"<!-- This site is optimized with the Yoast SEO plugin v27.5 - https:\/\/yoast.com\/product\/yoast-seo-wordpress\/ -->\n<title>Camille Bleu-Valentin expose InSitu - Coll\u00e8ge Saint Jean Baptiste de La Salle<\/title>\n<meta name=\"robots\" content=\"index, follow, max-snippet:-1, max-image-preview:large, max-video-preview:-1\" \/>\n<link rel=\"canonical\" href=\"https:\/\/www.stjb-delasalle.fr\/site\/2023\/01\/13\/camille-bleu-valentin-expose-insitu\/\" \/>\n<meta property=\"og:locale\" content=\"fr_FR\" \/>\n<meta property=\"og:type\" content=\"article\" \/>\n<meta property=\"og:title\" content=\"Camille Bleu-Valentin expose InSitu - Coll\u00e8ge Saint Jean Baptiste de La Salle\" \/>\n<meta property=\"og:description\" content=\"La galerie d\u2019art \u00e0 vocation p\u00e9dagogique du coll\u00e8ge accueille pour un mois les \u0153uvres de l\u2019artiste plasticienne Camille Bleu-Valentin dans le cadre du dispositif Exposer InSitu. Vendredi 13 janvier, l\u2019artiste a fait l\u2019accrochage de ses \u0153uvres avec les \u00e9l\u00e8ves du \u2018Parcours renforc\u00e9 arts plastiques\u2019 compos\u00e9 de 18 \u00e9l\u00e8ves de 4e 3e, puis \u00e0 rencontr\u00e9 une [&hellip;]\" \/>\n<meta property=\"og:url\" content=\"https:\/\/www.stjb-delasalle.fr\/site\/2023\/01\/13\/camille-bleu-valentin-expose-insitu\/\" \/>\n<meta property=\"og:site_name\" content=\"Coll\u00e8ge Saint Jean Baptiste de La Salle\" \/>\n<meta property=\"article:published_time\" content=\"2023-01-13T21:16:37+00:00\" \/>\n<meta property=\"article:modified_time\" content=\"2023-02-26T19:14:30+00:00\" \/>\n<meta property=\"og:image\" content=\"https:\/\/www.stjb-delasalle.fr\/site\/wp-content\/uploads\/2023\/01\/EBBDDE9A-E2D2-4B30-9FC3-541B779A9F05-e1673645055915.jpeg\" \/>\n\t<meta property=\"og:image:width\" content=\"1578\" \/>\n\t<meta property=\"og:image:height\" content=\"1222\" \/>\n\t<meta property=\"og:image:type\" content=\"image\/jpeg\" \/>\n<meta name=\"author\" content=\"s.couret\" \/>\n<meta name=\"twitter:card\" content=\"summary_large_image\" \/>\n<meta name=\"twitter:label1\" content=\"\u00c9crit par\" \/>\n\t<meta name=\"twitter:data1\" content=\"s.couret\" \/>\n\t<meta name=\"twitter:label2\" content=\"Dur\u00e9e de lecture estim\u00e9e\" \/>\n\t<meta name=\"twitter:data2\" content=\"1 minute\" \/>\n<script type=\"application\/ld+json\" class=\"yoast-schema-graph\">{\"@context\":\"https:\\\/\\\/schema.org\",\"@graph\":[{\"@type\":\"Article\",\"@id\":\"https:\\\/\\\/www.stjb-delasalle.fr\\\/site\\\/2023\\\/01\\\/13\\\/camille-bleu-valentin-expose-insitu\\\/#article\",\"isPartOf\":{\"@id\":\"https:\\\/\\\/www.stjb-delasalle.fr\\\/site\\\/2023\\\/01\\\/13\\\/camille-bleu-valentin-expose-insitu\\\/\"},\"author\":{\"name\":\"s.couret\",\"@id\":\"https:\\\/\\\/www.stjb-delasalle.fr\\\/site\\\/#\\\/schema\\\/person\\\/29e031eae2fbe58aca689f9074d3616a\"},\"headline\":\"Camille Bleu-Valentin expose InSitu\",\"datePublished\":\"2023-01-13T21:16:37+00:00\",\"dateModified\":\"2023-02-26T19:14:30+00:00\",\"mainEntityOfPage\":{\"@id\":\"https:\\\/\\\/www.stjb-delasalle.fr\\\/site\\\/2023\\\/01\\\/13\\\/camille-bleu-valentin-expose-insitu\\\/\"},\"wordCount\":141,\"commentCount\":0,\"publisher\":{\"@id\":\"https:\\\/\\\/www.stjb-delasalle.fr\\\/site\\\/#organization\"},\"image\":{\"@id\":\"https:\\\/\\\/www.stjb-delasalle.fr\\\/site\\\/2023\\\/01\\\/13\\\/camille-bleu-valentin-expose-insitu\\\/#primaryimage\"},\"thumbnailUrl\":\"https:\\\/\\\/www.stjb-delasalle.fr\\\/site\\\/wp-content\\\/uploads\\\/2023\\\/01\\\/EBBDDE9A-E2D2-4B30-9FC3-541B779A9F05-e1673645055915.jpeg\",\"articleSection\":[\"Activit\u00e9s 3e\",\"Activit\u00e9s 4e\",\"Activit\u00e9s 5e\",\"Activit\u00e9s 6e\",\"Coll\u00e8ge\",\"Galerie 2022-2023\"],\"inLanguage\":\"fr-FR\",\"potentialAction\":[{\"@type\":\"CommentAction\",\"name\":\"Comment\",\"target\":[\"https:\\\/\\\/www.stjb-delasalle.fr\\\/site\\\/2023\\\/01\\\/13\\\/camille-bleu-valentin-expose-insitu\\\/#respond\"]}]},{\"@type\":\"WebPage\",\"@id\":\"https:\\\/\\\/www.stjb-delasalle.fr\\\/site\\\/2023\\\/01\\\/13\\\/camille-bleu-valentin-expose-insitu\\\/\",\"url\":\"https:\\\/\\\/www.stjb-delasalle.fr\\\/site\\\/2023\\\/01\\\/13\\\/camille-bleu-valentin-expose-insitu\\\/\",\"name\":\"Camille Bleu-Valentin expose InSitu - Coll\u00e8ge Saint Jean Baptiste de La Salle\",\"isPartOf\":{\"@id\":\"https:\\\/\\\/www.stjb-delasalle.fr\\\/site\\\/#website\"},\"primaryImageOfPage\":{\"@id\":\"https:\\\/\\\/www.stjb-delasalle.fr\\\/site\\\/2023\\\/01\\\/13\\\/camille-bleu-valentin-expose-insitu\\\/#primaryimage\"},\"image\":{\"@id\":\"https:\\\/\\\/www.stjb-delasalle.fr\\\/site\\\/2023\\\/01\\\/13\\\/camille-bleu-valentin-expose-insitu\\\/#primaryimage\"},\"thumbnailUrl\":\"https:\\\/\\\/www.stjb-delasalle.fr\\\/site\\\/wp-content\\\/uploads\\\/2023\\\/01\\\/EBBDDE9A-E2D2-4B30-9FC3-541B779A9F05-e1673645055915.jpeg\",\"datePublished\":\"2023-01-13T21:16:37+00:00\",\"dateModified\":\"2023-02-26T19:14:30+00:00\",\"breadcrumb\":{\"@id\":\"https:\\\/\\\/www.stjb-delasalle.fr\\\/site\\\/2023\\\/01\\\/13\\\/camille-bleu-valentin-expose-insitu\\\/#breadcrumb\"},\"inLanguage\":\"fr-FR\",\"potentialAction\":[{\"@type\":\"ReadAction\",\"target\":[\"https:\\\/\\\/www.stjb-delasalle.fr\\\/site\\\/2023\\\/01\\\/13\\\/camille-bleu-valentin-expose-insitu\\\/\"]}]},{\"@type\":\"ImageObject\",\"inLanguage\":\"fr-FR\",\"@id\":\"https:\\\/\\\/www.stjb-delasalle.fr\\\/site\\\/2023\\\/01\\\/13\\\/camille-bleu-valentin-expose-insitu\\\/#primaryimage\",\"url\":\"https:\\\/\\\/www.stjb-delasalle.fr\\\/site\\\/wp-content\\\/uploads\\\/2023\\\/01\\\/EBBDDE9A-E2D2-4B30-9FC3-541B779A9F05-e1673645055915.jpeg\",\"contentUrl\":\"https:\\\/\\\/www.stjb-delasalle.fr\\\/site\\\/wp-content\\\/uploads\\\/2023\\\/01\\\/EBBDDE9A-E2D2-4B30-9FC3-541B779A9F05-e1673645055915.jpeg\",\"width\":1578,\"height\":1222},{\"@type\":\"BreadcrumbList\",\"@id\":\"https:\\\/\\\/www.stjb-delasalle.fr\\\/site\\\/2023\\\/01\\\/13\\\/camille-bleu-valentin-expose-insitu\\\/#breadcrumb\",\"itemListElement\":[{\"@type\":\"ListItem\",\"position\":1,\"name\":\"Accueil\",\"item\":\"https:\\\/\\\/www.stjb-delasalle.fr\\\/site\\\/\"},{\"@type\":\"ListItem\",\"position\":2,\"name\":\"Camille Bleu-Valentin expose InSitu\"}]},{\"@type\":\"WebSite\",\"@id\":\"https:\\\/\\\/www.stjb-delasalle.fr\\\/site\\\/#website\",\"url\":\"https:\\\/\\\/www.stjb-delasalle.fr\\\/site\\\/\",\"name\":\"Coll\u00e8ge Saint Jean Baptiste de La Salle\",\"description\":\"Notre coll\u00e8ge vous accueille sur le site du Rancher \u00e0 Teloch\u00e9\",\"publisher\":{\"@id\":\"https:\\\/\\\/www.stjb-delasalle.fr\\\/site\\\/#organization\"},\"potentialAction\":[{\"@type\":\"SearchAction\",\"target\":{\"@type\":\"EntryPoint\",\"urlTemplate\":\"https:\\\/\\\/www.stjb-delasalle.fr\\\/site\\\/?s={search_term_string}\"},\"query-input\":{\"@type\":\"PropertyValueSpecification\",\"valueRequired\":true,\"valueName\":\"search_term_string\"}}],\"inLanguage\":\"fr-FR\"},{\"@type\":\"Organization\",\"@id\":\"https:\\\/\\\/www.stjb-delasalle.fr\\\/site\\\/#organization\",\"name\":\"Coll\u00e8ge Saint Jean Baptiste de La Salle\",\"url\":\"https:\\\/\\\/www.stjb-delasalle.fr\\\/site\\\/\",\"logo\":{\"@type\":\"ImageObject\",\"inLanguage\":\"fr-FR\",\"@id\":\"https:\\\/\\\/www.stjb-delasalle.fr\\\/site\\\/#\\\/schema\\\/logo\\\/image\\\/\",\"url\":\"https:\\\/\\\/www.stjb-delasalle.fr\\\/site\\\/wp-content\\\/uploads\\\/2021\\\/11\\\/logostjb_petit_transp.png\",\"contentUrl\":\"https:\\\/\\\/www.stjb-delasalle.fr\\\/site\\\/wp-content\\\/uploads\\\/2021\\\/11\\\/logostjb_petit_transp.png\",\"width\":180,\"height\":127,\"caption\":\"Coll\u00e8ge Saint Jean Baptiste de La Salle\"},\"image\":{\"@id\":\"https:\\\/\\\/www.stjb-delasalle.fr\\\/site\\\/#\\\/schema\\\/logo\\\/image\\\/\"}},{\"@type\":\"Person\",\"@id\":\"https:\\\/\\\/www.stjb-delasalle.fr\\\/site\\\/#\\\/schema\\\/person\\\/29e031eae2fbe58aca689f9074d3616a\",\"name\":\"s.couret\",\"image\":{\"@type\":\"ImageObject\",\"inLanguage\":\"fr-FR\",\"@id\":\"https:\\\/\\\/secure.gravatar.com\\\/avatar\\\/83474c4b01f4d5df531ba9e1ae59f6610ffe9a3c76657f973718ba9fff166522?s=96&d=mm&r=g\",\"url\":\"https:\\\/\\\/secure.gravatar.com\\\/avatar\\\/83474c4b01f4d5df531ba9e1ae59f6610ffe9a3c76657f973718ba9fff166522?s=96&d=mm&r=g\",\"contentUrl\":\"https:\\\/\\\/secure.gravatar.com\\\/avatar\\\/83474c4b01f4d5df531ba9e1ae59f6610ffe9a3c76657f973718ba9fff166522?s=96&d=mm&r=g\",\"caption\":\"s.couret\"},\"url\":\"https:\\\/\\\/www.stjb-delasalle.fr\\\/site\\\/author\\\/s-couret\\\/\"}]}<\/script>\n<!-- \/ Yoast SEO plugin. -->","yoast_head_json":{"title":"Camille Bleu-Valentin expose InSitu - Coll\u00e8ge Saint Jean Baptiste de La Salle","robots":{"index":"index","follow":"follow","max-snippet":"max-snippet:-1","max-image-preview":"max-image-preview:large","max-video-preview":"max-video-preview:-1"},"canonical":"https:\/\/www.stjb-delasalle.fr\/site\/2023\/01\/13\/camille-bleu-valentin-expose-insitu\/","og_locale":"fr_FR","og_type":"article","og_title":"Camille Bleu-Valentin expose InSitu - Coll\u00e8ge Saint Jean Baptiste de La Salle","og_description":"La galerie d\u2019art \u00e0 vocation p\u00e9dagogique du coll\u00e8ge accueille pour un mois les \u0153uvres de l\u2019artiste plasticienne Camille Bleu-Valentin dans le cadre du dispositif Exposer InSitu. Vendredi 13 janvier, l\u2019artiste a fait l\u2019accrochage de ses \u0153uvres avec les \u00e9l\u00e8ves du \u2018Parcours renforc\u00e9 arts plastiques\u2019 compos\u00e9 de 18 \u00e9l\u00e8ves de 4e 3e, puis \u00e0 rencontr\u00e9 une [&hellip;]","og_url":"https:\/\/www.stjb-delasalle.fr\/site\/2023\/01\/13\/camille-bleu-valentin-expose-insitu\/","og_site_name":"Coll\u00e8ge Saint Jean Baptiste de La Salle","article_published_time":"2023-01-13T21:16:37+00:00","article_modified_time":"2023-02-26T19:14:30+00:00","og_image":[{"width":1578,"height":1222,"url":"https:\/\/www.stjb-delasalle.fr\/site\/wp-content\/uploads\/2023\/01\/EBBDDE9A-E2D2-4B30-9FC3-541B779A9F05-e1673645055915.jpeg","type":"image\/jpeg"}],"author":"s.couret","twitter_card":"summary_large_image","twitter_misc":{"\u00c9crit par":"s.couret","Dur\u00e9e de lecture estim\u00e9e":"1 minute"},"schema":{"@context":"https:\/\/schema.org","@graph":[{"@type":"Article","@id":"https:\/\/www.stjb-delasalle.fr\/site\/2023\/01\/13\/camille-bleu-valentin-expose-insitu\/#article","isPartOf":{"@id":"https:\/\/www.stjb-delasalle.fr\/site\/2023\/01\/13\/camille-bleu-valentin-expose-insitu\/"},"author":{"name":"s.couret","@id":"https:\/\/www.stjb-delasalle.fr\/site\/#\/schema\/person\/29e031eae2fbe58aca689f9074d3616a"},"headline":"Camille Bleu-Valentin expose InSitu","datePublished":"2023-01-13T21:16:37+00:00","dateModified":"2023-02-26T19:14:30+00:00","mainEntityOfPage":{"@id":"https:\/\/www.stjb-delasalle.fr\/site\/2023\/01\/13\/camille-bleu-valentin-expose-insitu\/"},"wordCount":141,"commentCount":0,"publisher":{"@id":"https:\/\/www.stjb-delasalle.fr\/site\/#organization"},"image":{"@id":"https:\/\/www.stjb-delasalle.fr\/site\/2023\/01\/13\/camille-bleu-valentin-expose-insitu\/#primaryimage"},"thumbnailUrl":"https:\/\/www.stjb-delasalle.fr\/site\/wp-content\/uploads\/2023\/01\/EBBDDE9A-E2D2-4B30-9FC3-541B779A9F05-e1673645055915.jpeg","articleSection":["Activit\u00e9s 3e","Activit\u00e9s 4e","Activit\u00e9s 5e","Activit\u00e9s 6e","Coll\u00e8ge","Galerie 2022-2023"],"inLanguage":"fr-FR","potentialAction":[{"@type":"CommentAction","name":"Comment","target":["https:\/\/www.stjb-delasalle.fr\/site\/2023\/01\/13\/camille-bleu-valentin-expose-insitu\/#respond"]}]},{"@type":"WebPage","@id":"https:\/\/www.stjb-delasalle.fr\/site\/2023\/01\/13\/camille-bleu-valentin-expose-insitu\/","url":"https:\/\/www.stjb-delasalle.fr\/site\/2023\/01\/13\/camille-bleu-valentin-expose-insitu\/","name":"Camille Bleu-Valentin expose InSitu - Coll\u00e8ge Saint Jean Baptiste de La Salle","isPartOf":{"@id":"https:\/\/www.stjb-delasalle.fr\/site\/#website"},"primaryImageOfPage":{"@id":"https:\/\/www.stjb-delasalle.fr\/site\/2023\/01\/13\/camille-bleu-valentin-expose-insitu\/#primaryimage"},"image":{"@id":"https:\/\/www.stjb-delasalle.fr\/site\/2023\/01\/13\/camille-bleu-valentin-expose-insitu\/#primaryimage"},"thumbnailUrl":"https:\/\/www.stjb-delasalle.fr\/site\/wp-content\/uploads\/2023\/01\/EBBDDE9A-E2D2-4B30-9FC3-541B779A9F05-e1673645055915.jpeg","datePublished":"2023-01-13T21:16:37+00:00","dateModified":"2023-02-26T19:14:30+00:00","breadcrumb":{"@id":"https:\/\/www.stjb-delasalle.fr\/site\/2023\/01\/13\/camille-bleu-valentin-expose-insitu\/#breadcrumb"},"inLanguage":"fr-FR","potentialAction":[{"@type":"ReadAction","target":["https:\/\/www.stjb-delasalle.fr\/site\/2023\/01\/13\/camille-bleu-valentin-expose-insitu\/"]}]},{"@type":"ImageObject","inLanguage":"fr-FR","@id":"https:\/\/www.stjb-delasalle.fr\/site\/2023\/01\/13\/camille-bleu-valentin-expose-insitu\/#primaryimage","url":"https:\/\/www.stjb-delasalle.fr\/site\/wp-content\/uploads\/2023\/01\/EBBDDE9A-E2D2-4B30-9FC3-541B779A9F05-e1673645055915.jpeg","contentUrl":"https:\/\/www.stjb-delasalle.fr\/site\/wp-content\/uploads\/2023\/01\/EBBDDE9A-E2D2-4B30-9FC3-541B779A9F05-e1673645055915.jpeg","width":1578,"height":1222},{"@type":"BreadcrumbList","@id":"https:\/\/www.stjb-delasalle.fr\/site\/2023\/01\/13\/camille-bleu-valentin-expose-insitu\/#breadcrumb","itemListElement":[{"@type":"ListItem","position":1,"name":"Accueil","item":"https:\/\/www.stjb-delasalle.fr\/site\/"},{"@type":"ListItem","position":2,"name":"Camille Bleu-Valentin expose InSitu"}]},{"@type":"WebSite","@id":"https:\/\/www.stjb-delasalle.fr\/site\/#website","url":"https:\/\/www.stjb-delasalle.fr\/site\/","name":"Coll\u00e8ge Saint Jean Baptiste de La Salle","description":"Notre coll\u00e8ge vous accueille sur le site du Rancher \u00e0 Teloch\u00e9","publisher":{"@id":"https:\/\/www.stjb-delasalle.fr\/site\/#organization"},"potentialAction":[{"@type":"SearchAction","target":{"@type":"EntryPoint","urlTemplate":"https:\/\/www.stjb-delasalle.fr\/site\/?s={search_term_string}"},"query-input":{"@type":"PropertyValueSpecification","valueRequired":true,"valueName":"search_term_string"}}],"inLanguage":"fr-FR"},{"@type":"Organization","@id":"https:\/\/www.stjb-delasalle.fr\/site\/#organization","name":"Coll\u00e8ge Saint Jean Baptiste de La Salle","url":"https:\/\/www.stjb-delasalle.fr\/site\/","logo":{"@type":"ImageObject","inLanguage":"fr-FR","@id":"https:\/\/www.stjb-delasalle.fr\/site\/#\/schema\/logo\/image\/","url":"https:\/\/www.stjb-delasalle.fr\/site\/wp-content\/uploads\/2021\/11\/logostjb_petit_transp.png","contentUrl":"https:\/\/www.stjb-delasalle.fr\/site\/wp-content\/uploads\/2021\/11\/logostjb_petit_transp.png","width":180,"height":127,"caption":"Coll\u00e8ge Saint Jean Baptiste de La Salle"},"image":{"@id":"https:\/\/www.stjb-delasalle.fr\/site\/#\/schema\/logo\/image\/"}},{"@type":"Person","@id":"https:\/\/www.stjb-delasalle.fr\/site\/#\/schema\/person\/29e031eae2fbe58aca689f9074d3616a","name":"s.couret","image":{"@type":"ImageObject","inLanguage":"fr-FR","@id":"https:\/\/secure.gravatar.com\/avatar\/83474c4b01f4d5df531ba9e1ae59f6610ffe9a3c76657f973718ba9fff166522?s=96&d=mm&r=g","url":"https:\/\/secure.gravatar.com\/avatar\/83474c4b01f4d5df531ba9e1ae59f6610ffe9a3c76657f973718ba9fff166522?s=96&d=mm&r=g","contentUrl":"https:\/\/secure.gravatar.com\/avatar\/83474c4b01f4d5df531ba9e1ae59f6610ffe9a3c76657f973718ba9fff166522?s=96&d=mm&r=g","caption":"s.couret"},"url":"https:\/\/www.stjb-delasalle.fr\/site\/author\/s-couret\/"}]}},"_links":{"self":[{"href":"https:\/\/www.stjb-delasalle.fr\/site\/wp-json\/wp\/v2\/posts\/12274","targetHints":{"allow":["GET"]}}],"collection":[{"href":"https:\/\/www.stjb-delasalle.fr\/site\/wp-json\/wp\/v2\/posts"}],"about":[{"href":"https:\/\/www.stjb-delasalle.fr\/site\/wp-json\/wp\/v2\/types\/post"}],"author":[{"embeddable":true,"href":"https:\/\/www.stjb-delasalle.fr\/site\/wp-json\/wp\/v2\/users\/3"}],"replies":[{"embeddable":true,"href":"https:\/\/www.stjb-delasalle.fr\/site\/wp-json\/wp\/v2\/comments?post=12274"}],"version-history":[{"count":5,"href":"https:\/\/www.stjb-delasalle.fr\/site\/wp-json\/wp\/v2\/posts\/12274\/revisions"}],"predecessor-version":[{"id":12598,"href":"https:\/\/www.stjb-delasalle.fr\/site\/wp-json\/wp\/v2\/posts\/12274\/revisions\/12598"}],"wp:featuredmedia":[{"embeddable":true,"href":"https:\/\/www.stjb-delasalle.fr\/site\/wp-json\/wp\/v2\/media\/12286"}],"wp:attachment":[{"href":"https:\/\/www.stjb-delasalle.fr\/site\/wp-json\/wp\/v2\/media?parent=12274"}],"wp:term":[{"taxonomy":"category","embeddable":true,"href":"https:\/\/www.stjb-delasalle.fr\/site\/wp-json\/wp\/v2\/categories?post=12274"},{"taxonomy":"post_tag","embeddable":true,"href":"https:\/\/www.stjb-delasalle.fr\/site\/wp-json\/wp\/v2\/tags?post=12274"}],"curies":[{"name":"wp","href":"https:\/\/api.w.org\/{rel}","templated":true}]}}