{"id":12016,"date":"2022-11-24T14:45:00","date_gmt":"2022-11-24T14:45:00","guid":{"rendered":"https:\/\/www.stjb-delasalle.fr\/site\/?p=12016"},"modified":"2022-11-24T14:45:17","modified_gmt":"2022-11-24T14:45:17","slug":"formation-des-delegues-6e-5e","status":"publish","type":"post","link":"https:\/\/www.stjb-delasalle.fr\/site\/2022\/11\/24\/formation-des-delegues-6e-5e\/","title":{"rendered":"Formation des d\u00e9l\u00e9gu\u00e9s 6e 5e"},"content":{"rendered":"<p>Le mercredi 16 novembre 2022, les d\u00e9l\u00e9gu\u00e9s des niveaux 6eme et 5\u00e8me ce sont retrouv\u00e9s pour partager un temps de formation autour de leur nouvelle mission. Le coll\u00e8ge Saint Jean Baptiste de la Salle s\u2019est associ\u00e9 au coll\u00e8ge Saint Joseph La Salle de Pruill\u00e9-le-Ch\u00e9tif pour partager ce temps d\u2019\u00e9change. Nos \u00e9l\u00e8ves ont travaill\u00e9 conjointement avec les \u00e9l\u00e8ves d\u00e9l\u00e9gu\u00e9s de\u00a0Pruill\u00e9-le-Ch\u00e9tif. Un tr\u00e8s beau moment tous ensemble o\u00f9 le r\u00f4le et les missions du d\u00e9l\u00e9gu\u00e9 ont \u00e9t\u00e9 partag\u00e9s.<\/p>\n<p><img fetchpriority=\"high\" decoding=\"async\" class=\"alignnone wp-image-12017 size-large\" src=\"https:\/\/www.stjb-delasalle.fr\/site\/wp-content\/uploads\/2022\/11\/A28E1C03-DACB-4855-B53C-F0BA5E905186-1024x768.jpeg\" alt=\"\" width=\"1024\" height=\"768\" srcset=\"https:\/\/www.stjb-delasalle.fr\/site\/wp-content\/uploads\/2022\/11\/A28E1C03-DACB-4855-B53C-F0BA5E905186-1024x768.jpeg 1024w, https:\/\/www.stjb-delasalle.fr\/site\/wp-content\/uploads\/2022\/11\/A28E1C03-DACB-4855-B53C-F0BA5E905186-300x225.jpeg 300w, https:\/\/www.stjb-delasalle.fr\/site\/wp-content\/uploads\/2022\/11\/A28E1C03-DACB-4855-B53C-F0BA5E905186-768x576.jpeg 768w, https:\/\/www.stjb-delasalle.fr\/site\/wp-content\/uploads\/2022\/11\/A28E1C03-DACB-4855-B53C-F0BA5E905186-1536x1152.jpeg 1536w, https:\/\/www.stjb-delasalle.fr\/site\/wp-content\/uploads\/2022\/11\/A28E1C03-DACB-4855-B53C-F0BA5E905186.jpeg 1920w\" sizes=\"(max-width: 1024px) 100vw, 1024px\" \/> <img decoding=\"async\" class=\"alignnone wp-image-12018 size-large\" src=\"https:\/\/www.stjb-delasalle.fr\/site\/wp-content\/uploads\/2022\/11\/033B8A06-CDC6-4970-AA71-C5BF27A4DFDE-1024x768.jpeg\" alt=\"\" width=\"1024\" height=\"768\" srcset=\"https:\/\/www.stjb-delasalle.fr\/site\/wp-content\/uploads\/2022\/11\/033B8A06-CDC6-4970-AA71-C5BF27A4DFDE-1024x768.jpeg 1024w, https:\/\/www.stjb-delasalle.fr\/site\/wp-content\/uploads\/2022\/11\/033B8A06-CDC6-4970-AA71-C5BF27A4DFDE-300x225.jpeg 300w, https:\/\/www.stjb-delasalle.fr\/site\/wp-content\/uploads\/2022\/11\/033B8A06-CDC6-4970-AA71-C5BF27A4DFDE-768x576.jpeg 768w, https:\/\/www.stjb-delasalle.fr\/site\/wp-content\/uploads\/2022\/11\/033B8A06-CDC6-4970-AA71-C5BF27A4DFDE-1536x1152.jpeg 1536w, https:\/\/www.stjb-delasalle.fr\/site\/wp-content\/uploads\/2022\/11\/033B8A06-CDC6-4970-AA71-C5BF27A4DFDE.jpeg 1920w\" sizes=\"(max-width: 1024px) 100vw, 1024px\" \/> <img decoding=\"async\" class=\"alignnone wp-image-12019 size-large\" src=\"https:\/\/www.stjb-delasalle.fr\/site\/wp-content\/uploads\/2022\/11\/6E8120EC-133E-41CE-84DC-4F647E5A0A73-1024x768.jpeg\" alt=\"\" width=\"1024\" height=\"768\" srcset=\"https:\/\/www.stjb-delasalle.fr\/site\/wp-content\/uploads\/2022\/11\/6E8120EC-133E-41CE-84DC-4F647E5A0A73-1024x768.jpeg 1024w, https:\/\/www.stjb-delasalle.fr\/site\/wp-content\/uploads\/2022\/11\/6E8120EC-133E-41CE-84DC-4F647E5A0A73-300x225.jpeg 300w, https:\/\/www.stjb-delasalle.fr\/site\/wp-content\/uploads\/2022\/11\/6E8120EC-133E-41CE-84DC-4F647E5A0A73-768x576.jpeg 768w, https:\/\/www.stjb-delasalle.fr\/site\/wp-content\/uploads\/2022\/11\/6E8120EC-133E-41CE-84DC-4F647E5A0A73-1536x1152.jpeg 1536w, https:\/\/www.stjb-delasalle.fr\/site\/wp-content\/uploads\/2022\/11\/6E8120EC-133E-41CE-84DC-4F647E5A0A73.jpeg 1920w\" sizes=\"(max-width: 1024px) 100vw, 1024px\" \/> <img loading=\"lazy\" decoding=\"async\" class=\"alignnone wp-image-12020 size-large\" src=\"https:\/\/www.stjb-delasalle.fr\/site\/wp-content\/uploads\/2022\/11\/CB95998A-285C-44FD-A55E-E87BC5037211-1024x768.jpeg\" alt=\"\" width=\"1024\" height=\"768\" srcset=\"https:\/\/www.stjb-delasalle.fr\/site\/wp-content\/uploads\/2022\/11\/CB95998A-285C-44FD-A55E-E87BC5037211-1024x768.jpeg 1024w, https:\/\/www.stjb-delasalle.fr\/site\/wp-content\/uploads\/2022\/11\/CB95998A-285C-44FD-A55E-E87BC5037211-300x225.jpeg 300w, https:\/\/www.stjb-delasalle.fr\/site\/wp-content\/uploads\/2022\/11\/CB95998A-285C-44FD-A55E-E87BC5037211-768x576.jpeg 768w, https:\/\/www.stjb-delasalle.fr\/site\/wp-content\/uploads\/2022\/11\/CB95998A-285C-44FD-A55E-E87BC5037211-1536x1152.jpeg 1536w, https:\/\/www.stjb-delasalle.fr\/site\/wp-content\/uploads\/2022\/11\/CB95998A-285C-44FD-A55E-E87BC5037211.jpeg 1920w\" sizes=\"(max-width: 1024px) 100vw, 1024px\" \/> <img loading=\"lazy\" decoding=\"async\" class=\"alignnone wp-image-12021 size-large\" src=\"https:\/\/www.stjb-delasalle.fr\/site\/wp-content\/uploads\/2022\/11\/46958627-6D15-4B63-B967-7A57A05EE249-1024x768.jpeg\" alt=\"\" width=\"1024\" height=\"768\" srcset=\"https:\/\/www.stjb-delasalle.fr\/site\/wp-content\/uploads\/2022\/11\/46958627-6D15-4B63-B967-7A57A05EE249-1024x768.jpeg 1024w, https:\/\/www.stjb-delasalle.fr\/site\/wp-content\/uploads\/2022\/11\/46958627-6D15-4B63-B967-7A57A05EE249-300x225.jpeg 300w, https:\/\/www.stjb-delasalle.fr\/site\/wp-content\/uploads\/2022\/11\/46958627-6D15-4B63-B967-7A57A05EE249-768x576.jpeg 768w, https:\/\/www.stjb-delasalle.fr\/site\/wp-content\/uploads\/2022\/11\/46958627-6D15-4B63-B967-7A57A05EE249-1536x1152.jpeg 1536w, https:\/\/www.stjb-delasalle.fr\/site\/wp-content\/uploads\/2022\/11\/46958627-6D15-4B63-B967-7A57A05EE249.jpeg 1920w\" sizes=\"(max-width: 1024px) 100vw, 1024px\" \/> <img loading=\"lazy\" decoding=\"async\" class=\"alignnone wp-image-12022 size-large\" src=\"https:\/\/www.stjb-delasalle.fr\/site\/wp-content\/uploads\/2022\/11\/B164FFA4-666C-4813-B0F4-16E7B221CCBB-1024x768.jpeg\" alt=\"\" width=\"1024\" height=\"768\" srcset=\"https:\/\/www.stjb-delasalle.fr\/site\/wp-content\/uploads\/2022\/11\/B164FFA4-666C-4813-B0F4-16E7B221CCBB-1024x768.jpeg 1024w, https:\/\/www.stjb-delasalle.fr\/site\/wp-content\/uploads\/2022\/11\/B164FFA4-666C-4813-B0F4-16E7B221CCBB-300x225.jpeg 300w, https:\/\/www.stjb-delasalle.fr\/site\/wp-content\/uploads\/2022\/11\/B164FFA4-666C-4813-B0F4-16E7B221CCBB-768x576.jpeg 768w, https:\/\/www.stjb-delasalle.fr\/site\/wp-content\/uploads\/2022\/11\/B164FFA4-666C-4813-B0F4-16E7B221CCBB-1536x1152.jpeg 1536w, https:\/\/www.stjb-delasalle.fr\/site\/wp-content\/uploads\/2022\/11\/B164FFA4-666C-4813-B0F4-16E7B221CCBB.jpeg 1920w\" sizes=\"(max-width: 1024px) 100vw, 1024px\" \/><\/p>\n","protected":false},"excerpt":{"rendered":"<p>Le mercredi 16 novembre 2022, les d\u00e9l\u00e9gu\u00e9s des niveaux 6eme et 5\u00e8me ce sont retrouv\u00e9s pour partager un temps de formation autour de leur nouvelle mission. Le coll\u00e8ge Saint Jean Baptiste de la Salle s\u2019est associ\u00e9 au coll\u00e8ge Saint Joseph La Salle de Pruill\u00e9-le-Ch\u00e9tif pour partager ce temps d\u2019\u00e9change. Nos \u00e9l\u00e8ves ont travaill\u00e9 conjointement avec [&hellip;]<\/p>\n","protected":false},"author":3,"featured_media":11924,"comment_status":"open","ping_status":"open","sticky":false,"template":"","format":"standard","meta":{"site-sidebar-layout":"default","site-content-layout":"default","ast-site-content-layout":"default","site-content-style":"default","site-sidebar-style":"default","ast-global-header-display":"","ast-banner-title-visibility":"","ast-main-header-display":"","ast-hfb-above-header-display":"","ast-hfb-below-header-display":"","ast-hfb-mobile-header-display":"","site-post-title":"","ast-breadcrumbs-content":"","ast-featured-img":"","footer-sml-layout":"","ast-disable-related-posts":"","theme-transparent-header-meta":"default","adv-header-id-meta":"","stick-header-meta":"","header-above-stick-meta":"","header-main-stick-meta":"","header-below-stick-meta":"","astra-migrate-meta-layouts":"default","ast-page-background-enabled":"default","ast-page-background-meta":{"desktop":{"background-color":"var(--ast-global-color-4)","background-image":"","background-repeat":"repeat","background-position":"center center","background-size":"auto","background-attachment":"scroll","background-type":"","background-media":"","overlay-type":"","overlay-color":"","overlay-opacity":"","overlay-gradient":""},"tablet":{"background-color":"","background-image":"","background-repeat":"repeat","background-position":"center center","background-size":"auto","background-attachment":"scroll","background-type":"","background-media":"","overlay-type":"","overlay-color":"","overlay-opacity":"","overlay-gradient":""},"mobile":{"background-color":"","background-image":"","background-repeat":"repeat","background-position":"center center","background-size":"auto","background-attachment":"scroll","background-type":"","background-media":"","overlay-type":"","overlay-color":"","overlay-opacity":"","overlay-gradient":""}},"ast-content-background-meta":{"desktop":{"background-color":"var(--ast-global-color-5)","background-image":"","background-repeat":"repeat","background-position":"center center","background-size":"auto","background-attachment":"scroll","background-type":"","background-media":"","overlay-type":"","overlay-color":"","overlay-opacity":"","overlay-gradient":""},"tablet":{"background-color":"var(--ast-global-color-5)","background-image":"","background-repeat":"repeat","background-position":"center center","background-size":"auto","background-attachment":"scroll","background-type":"","background-media":"","overlay-type":"","overlay-color":"","overlay-opacity":"","overlay-gradient":""},"mobile":{"background-color":"var(--ast-global-color-5)","background-image":"","background-repeat":"repeat","background-position":"center center","background-size":"auto","background-attachment":"scroll","background-type":"","background-media":"","overlay-type":"","overlay-color":"","overlay-opacity":"","overlay-gradient":""}},"footnotes":""},"categories":[58,57,6],"tags":[],"class_list":["post-12016","post","type-post","status-publish","format-standard","has-post-thumbnail","hentry","category-activites-5e","category-activites-6e","category-college"],"yoast_head":"<!-- This site is optimized with the Yoast SEO plugin v27.5 - https:\/\/yoast.com\/product\/yoast-seo-wordpress\/ -->\n<title>Formation des d\u00e9l\u00e9gu\u00e9s 6e 5e - Coll\u00e8ge Saint Jean Baptiste de La Salle<\/title>\n<meta name=\"robots\" content=\"index, follow, max-snippet:-1, max-image-preview:large, max-video-preview:-1\" \/>\n<link rel=\"canonical\" href=\"https:\/\/www.stjb-delasalle.fr\/site\/2022\/11\/24\/formation-des-delegues-6e-5e\/\" \/>\n<meta property=\"og:locale\" content=\"fr_FR\" \/>\n<meta property=\"og:type\" content=\"article\" \/>\n<meta property=\"og:title\" content=\"Formation des d\u00e9l\u00e9gu\u00e9s 6e 5e - Coll\u00e8ge Saint Jean Baptiste de La Salle\" \/>\n<meta property=\"og:description\" content=\"Le mercredi 16 novembre 2022, les d\u00e9l\u00e9gu\u00e9s des niveaux 6eme et 5\u00e8me ce sont retrouv\u00e9s pour partager un temps de formation autour de leur nouvelle mission. Le coll\u00e8ge Saint Jean Baptiste de la Salle s\u2019est associ\u00e9 au coll\u00e8ge Saint Joseph La Salle de Pruill\u00e9-le-Ch\u00e9tif pour partager ce temps d\u2019\u00e9change. Nos \u00e9l\u00e8ves ont travaill\u00e9 conjointement avec [&hellip;]\" \/>\n<meta property=\"og:url\" content=\"https:\/\/www.stjb-delasalle.fr\/site\/2022\/11\/24\/formation-des-delegues-6e-5e\/\" \/>\n<meta property=\"og:site_name\" content=\"Coll\u00e8ge Saint Jean Baptiste de La Salle\" \/>\n<meta property=\"article:published_time\" content=\"2022-11-24T14:45:00+00:00\" \/>\n<meta property=\"article:modified_time\" content=\"2022-11-24T14:45:17+00:00\" \/>\n<meta property=\"og:image\" content=\"https:\/\/www.stjb-delasalle.fr\/site\/wp-content\/uploads\/2022\/10\/03C803BF-8DAE-42E1-BFD8-4BDBE34AED7D.jpeg\" \/>\n\t<meta property=\"og:image:width\" content=\"768\" \/>\n\t<meta property=\"og:image:height\" content=\"1024\" \/>\n\t<meta property=\"og:image:type\" content=\"image\/jpeg\" \/>\n<meta name=\"author\" content=\"s.couret\" \/>\n<meta name=\"twitter:card\" content=\"summary_large_image\" \/>\n<meta name=\"twitter:label1\" content=\"\u00c9crit par\" \/>\n\t<meta name=\"twitter:data1\" content=\"s.couret\" \/>\n<script type=\"application\/ld+json\" class=\"yoast-schema-graph\">{\"@context\":\"https:\\\/\\\/schema.org\",\"@graph\":[{\"@type\":\"Article\",\"@id\":\"https:\\\/\\\/www.stjb-delasalle.fr\\\/site\\\/2022\\\/11\\\/24\\\/formation-des-delegues-6e-5e\\\/#article\",\"isPartOf\":{\"@id\":\"https:\\\/\\\/www.stjb-delasalle.fr\\\/site\\\/2022\\\/11\\\/24\\\/formation-des-delegues-6e-5e\\\/\"},\"author\":{\"name\":\"s.couret\",\"@id\":\"https:\\\/\\\/www.stjb-delasalle.fr\\\/site\\\/#\\\/schema\\\/person\\\/29e031eae2fbe58aca689f9074d3616a\"},\"headline\":\"Formation des d\u00e9l\u00e9gu\u00e9s 6e 5e\",\"datePublished\":\"2022-11-24T14:45:00+00:00\",\"dateModified\":\"2022-11-24T14:45:17+00:00\",\"mainEntityOfPage\":{\"@id\":\"https:\\\/\\\/www.stjb-delasalle.fr\\\/site\\\/2022\\\/11\\\/24\\\/formation-des-delegues-6e-5e\\\/\"},\"wordCount\":105,\"commentCount\":0,\"publisher\":{\"@id\":\"https:\\\/\\\/www.stjb-delasalle.fr\\\/site\\\/#organization\"},\"image\":{\"@id\":\"https:\\\/\\\/www.stjb-delasalle.fr\\\/site\\\/2022\\\/11\\\/24\\\/formation-des-delegues-6e-5e\\\/#primaryimage\"},\"thumbnailUrl\":\"https:\\\/\\\/www.stjb-delasalle.fr\\\/site\\\/wp-content\\\/uploads\\\/2022\\\/10\\\/03C803BF-8DAE-42E1-BFD8-4BDBE34AED7D.jpeg\",\"articleSection\":[\"Activit\u00e9s 5e\",\"Activit\u00e9s 6e\",\"Coll\u00e8ge\"],\"inLanguage\":\"fr-FR\",\"potentialAction\":[{\"@type\":\"CommentAction\",\"name\":\"Comment\",\"target\":[\"https:\\\/\\\/www.stjb-delasalle.fr\\\/site\\\/2022\\\/11\\\/24\\\/formation-des-delegues-6e-5e\\\/#respond\"]}]},{\"@type\":\"WebPage\",\"@id\":\"https:\\\/\\\/www.stjb-delasalle.fr\\\/site\\\/2022\\\/11\\\/24\\\/formation-des-delegues-6e-5e\\\/\",\"url\":\"https:\\\/\\\/www.stjb-delasalle.fr\\\/site\\\/2022\\\/11\\\/24\\\/formation-des-delegues-6e-5e\\\/\",\"name\":\"Formation des d\u00e9l\u00e9gu\u00e9s 6e 5e - Coll\u00e8ge Saint Jean Baptiste de La Salle\",\"isPartOf\":{\"@id\":\"https:\\\/\\\/www.stjb-delasalle.fr\\\/site\\\/#website\"},\"primaryImageOfPage\":{\"@id\":\"https:\\\/\\\/www.stjb-delasalle.fr\\\/site\\\/2022\\\/11\\\/24\\\/formation-des-delegues-6e-5e\\\/#primaryimage\"},\"image\":{\"@id\":\"https:\\\/\\\/www.stjb-delasalle.fr\\\/site\\\/2022\\\/11\\\/24\\\/formation-des-delegues-6e-5e\\\/#primaryimage\"},\"thumbnailUrl\":\"https:\\\/\\\/www.stjb-delasalle.fr\\\/site\\\/wp-content\\\/uploads\\\/2022\\\/10\\\/03C803BF-8DAE-42E1-BFD8-4BDBE34AED7D.jpeg\",\"datePublished\":\"2022-11-24T14:45:00+00:00\",\"dateModified\":\"2022-11-24T14:45:17+00:00\",\"breadcrumb\":{\"@id\":\"https:\\\/\\\/www.stjb-delasalle.fr\\\/site\\\/2022\\\/11\\\/24\\\/formation-des-delegues-6e-5e\\\/#breadcrumb\"},\"inLanguage\":\"fr-FR\",\"potentialAction\":[{\"@type\":\"ReadAction\",\"target\":[\"https:\\\/\\\/www.stjb-delasalle.fr\\\/site\\\/2022\\\/11\\\/24\\\/formation-des-delegues-6e-5e\\\/\"]}]},{\"@type\":\"ImageObject\",\"inLanguage\":\"fr-FR\",\"@id\":\"https:\\\/\\\/www.stjb-delasalle.fr\\\/site\\\/2022\\\/11\\\/24\\\/formation-des-delegues-6e-5e\\\/#primaryimage\",\"url\":\"https:\\\/\\\/www.stjb-delasalle.fr\\\/site\\\/wp-content\\\/uploads\\\/2022\\\/10\\\/03C803BF-8DAE-42E1-BFD8-4BDBE34AED7D.jpeg\",\"contentUrl\":\"https:\\\/\\\/www.stjb-delasalle.fr\\\/site\\\/wp-content\\\/uploads\\\/2022\\\/10\\\/03C803BF-8DAE-42E1-BFD8-4BDBE34AED7D.jpeg\",\"width\":768,\"height\":1024},{\"@type\":\"BreadcrumbList\",\"@id\":\"https:\\\/\\\/www.stjb-delasalle.fr\\\/site\\\/2022\\\/11\\\/24\\\/formation-des-delegues-6e-5e\\\/#breadcrumb\",\"itemListElement\":[{\"@type\":\"ListItem\",\"position\":1,\"name\":\"Accueil\",\"item\":\"https:\\\/\\\/www.stjb-delasalle.fr\\\/site\\\/\"},{\"@type\":\"ListItem\",\"position\":2,\"name\":\"Formation des d\u00e9l\u00e9gu\u00e9s 6e 5e\"}]},{\"@type\":\"WebSite\",\"@id\":\"https:\\\/\\\/www.stjb-delasalle.fr\\\/site\\\/#website\",\"url\":\"https:\\\/\\\/www.stjb-delasalle.fr\\\/site\\\/\",\"name\":\"Coll\u00e8ge Saint Jean Baptiste de La Salle\",\"description\":\"Notre coll\u00e8ge vous accueille sur le site du Rancher \u00e0 Teloch\u00e9\",\"publisher\":{\"@id\":\"https:\\\/\\\/www.stjb-delasalle.fr\\\/site\\\/#organization\"},\"potentialAction\":[{\"@type\":\"SearchAction\",\"target\":{\"@type\":\"EntryPoint\",\"urlTemplate\":\"https:\\\/\\\/www.stjb-delasalle.fr\\\/site\\\/?s={search_term_string}\"},\"query-input\":{\"@type\":\"PropertyValueSpecification\",\"valueRequired\":true,\"valueName\":\"search_term_string\"}}],\"inLanguage\":\"fr-FR\"},{\"@type\":\"Organization\",\"@id\":\"https:\\\/\\\/www.stjb-delasalle.fr\\\/site\\\/#organization\",\"name\":\"Coll\u00e8ge Saint Jean Baptiste de La Salle\",\"url\":\"https:\\\/\\\/www.stjb-delasalle.fr\\\/site\\\/\",\"logo\":{\"@type\":\"ImageObject\",\"inLanguage\":\"fr-FR\",\"@id\":\"https:\\\/\\\/www.stjb-delasalle.fr\\\/site\\\/#\\\/schema\\\/logo\\\/image\\\/\",\"url\":\"https:\\\/\\\/www.stjb-delasalle.fr\\\/site\\\/wp-content\\\/uploads\\\/2021\\\/11\\\/logostjb_petit_transp.png\",\"contentUrl\":\"https:\\\/\\\/www.stjb-delasalle.fr\\\/site\\\/wp-content\\\/uploads\\\/2021\\\/11\\\/logostjb_petit_transp.png\",\"width\":180,\"height\":127,\"caption\":\"Coll\u00e8ge Saint Jean Baptiste de La Salle\"},\"image\":{\"@id\":\"https:\\\/\\\/www.stjb-delasalle.fr\\\/site\\\/#\\\/schema\\\/logo\\\/image\\\/\"}},{\"@type\":\"Person\",\"@id\":\"https:\\\/\\\/www.stjb-delasalle.fr\\\/site\\\/#\\\/schema\\\/person\\\/29e031eae2fbe58aca689f9074d3616a\",\"name\":\"s.couret\",\"image\":{\"@type\":\"ImageObject\",\"inLanguage\":\"fr-FR\",\"@id\":\"https:\\\/\\\/secure.gravatar.com\\\/avatar\\\/83474c4b01f4d5df531ba9e1ae59f6610ffe9a3c76657f973718ba9fff166522?s=96&d=mm&r=g\",\"url\":\"https:\\\/\\\/secure.gravatar.com\\\/avatar\\\/83474c4b01f4d5df531ba9e1ae59f6610ffe9a3c76657f973718ba9fff166522?s=96&d=mm&r=g\",\"contentUrl\":\"https:\\\/\\\/secure.gravatar.com\\\/avatar\\\/83474c4b01f4d5df531ba9e1ae59f6610ffe9a3c76657f973718ba9fff166522?s=96&d=mm&r=g\",\"caption\":\"s.couret\"},\"url\":\"https:\\\/\\\/www.stjb-delasalle.fr\\\/site\\\/author\\\/s-couret\\\/\"}]}<\/script>\n<!-- \/ Yoast SEO plugin. -->","yoast_head_json":{"title":"Formation des d\u00e9l\u00e9gu\u00e9s 6e 5e - Coll\u00e8ge Saint Jean Baptiste de La Salle","robots":{"index":"index","follow":"follow","max-snippet":"max-snippet:-1","max-image-preview":"max-image-preview:large","max-video-preview":"max-video-preview:-1"},"canonical":"https:\/\/www.stjb-delasalle.fr\/site\/2022\/11\/24\/formation-des-delegues-6e-5e\/","og_locale":"fr_FR","og_type":"article","og_title":"Formation des d\u00e9l\u00e9gu\u00e9s 6e 5e - Coll\u00e8ge Saint Jean Baptiste de La Salle","og_description":"Le mercredi 16 novembre 2022, les d\u00e9l\u00e9gu\u00e9s des niveaux 6eme et 5\u00e8me ce sont retrouv\u00e9s pour partager un temps de formation autour de leur nouvelle mission. Le coll\u00e8ge Saint Jean Baptiste de la Salle s\u2019est associ\u00e9 au coll\u00e8ge Saint Joseph La Salle de Pruill\u00e9-le-Ch\u00e9tif pour partager ce temps d\u2019\u00e9change. Nos \u00e9l\u00e8ves ont travaill\u00e9 conjointement avec [&hellip;]","og_url":"https:\/\/www.stjb-delasalle.fr\/site\/2022\/11\/24\/formation-des-delegues-6e-5e\/","og_site_name":"Coll\u00e8ge Saint Jean Baptiste de La Salle","article_published_time":"2022-11-24T14:45:00+00:00","article_modified_time":"2022-11-24T14:45:17+00:00","og_image":[{"width":768,"height":1024,"url":"https:\/\/www.stjb-delasalle.fr\/site\/wp-content\/uploads\/2022\/10\/03C803BF-8DAE-42E1-BFD8-4BDBE34AED7D.jpeg","type":"image\/jpeg"}],"author":"s.couret","twitter_card":"summary_large_image","twitter_misc":{"\u00c9crit par":"s.couret"},"schema":{"@context":"https:\/\/schema.org","@graph":[{"@type":"Article","@id":"https:\/\/www.stjb-delasalle.fr\/site\/2022\/11\/24\/formation-des-delegues-6e-5e\/#article","isPartOf":{"@id":"https:\/\/www.stjb-delasalle.fr\/site\/2022\/11\/24\/formation-des-delegues-6e-5e\/"},"author":{"name":"s.couret","@id":"https:\/\/www.stjb-delasalle.fr\/site\/#\/schema\/person\/29e031eae2fbe58aca689f9074d3616a"},"headline":"Formation des d\u00e9l\u00e9gu\u00e9s 6e 5e","datePublished":"2022-11-24T14:45:00+00:00","dateModified":"2022-11-24T14:45:17+00:00","mainEntityOfPage":{"@id":"https:\/\/www.stjb-delasalle.fr\/site\/2022\/11\/24\/formation-des-delegues-6e-5e\/"},"wordCount":105,"commentCount":0,"publisher":{"@id":"https:\/\/www.stjb-delasalle.fr\/site\/#organization"},"image":{"@id":"https:\/\/www.stjb-delasalle.fr\/site\/2022\/11\/24\/formation-des-delegues-6e-5e\/#primaryimage"},"thumbnailUrl":"https:\/\/www.stjb-delasalle.fr\/site\/wp-content\/uploads\/2022\/10\/03C803BF-8DAE-42E1-BFD8-4BDBE34AED7D.jpeg","articleSection":["Activit\u00e9s 5e","Activit\u00e9s 6e","Coll\u00e8ge"],"inLanguage":"fr-FR","potentialAction":[{"@type":"CommentAction","name":"Comment","target":["https:\/\/www.stjb-delasalle.fr\/site\/2022\/11\/24\/formation-des-delegues-6e-5e\/#respond"]}]},{"@type":"WebPage","@id":"https:\/\/www.stjb-delasalle.fr\/site\/2022\/11\/24\/formation-des-delegues-6e-5e\/","url":"https:\/\/www.stjb-delasalle.fr\/site\/2022\/11\/24\/formation-des-delegues-6e-5e\/","name":"Formation des d\u00e9l\u00e9gu\u00e9s 6e 5e - Coll\u00e8ge Saint Jean Baptiste de La Salle","isPartOf":{"@id":"https:\/\/www.stjb-delasalle.fr\/site\/#website"},"primaryImageOfPage":{"@id":"https:\/\/www.stjb-delasalle.fr\/site\/2022\/11\/24\/formation-des-delegues-6e-5e\/#primaryimage"},"image":{"@id":"https:\/\/www.stjb-delasalle.fr\/site\/2022\/11\/24\/formation-des-delegues-6e-5e\/#primaryimage"},"thumbnailUrl":"https:\/\/www.stjb-delasalle.fr\/site\/wp-content\/uploads\/2022\/10\/03C803BF-8DAE-42E1-BFD8-4BDBE34AED7D.jpeg","datePublished":"2022-11-24T14:45:00+00:00","dateModified":"2022-11-24T14:45:17+00:00","breadcrumb":{"@id":"https:\/\/www.stjb-delasalle.fr\/site\/2022\/11\/24\/formation-des-delegues-6e-5e\/#breadcrumb"},"inLanguage":"fr-FR","potentialAction":[{"@type":"ReadAction","target":["https:\/\/www.stjb-delasalle.fr\/site\/2022\/11\/24\/formation-des-delegues-6e-5e\/"]}]},{"@type":"ImageObject","inLanguage":"fr-FR","@id":"https:\/\/www.stjb-delasalle.fr\/site\/2022\/11\/24\/formation-des-delegues-6e-5e\/#primaryimage","url":"https:\/\/www.stjb-delasalle.fr\/site\/wp-content\/uploads\/2022\/10\/03C803BF-8DAE-42E1-BFD8-4BDBE34AED7D.jpeg","contentUrl":"https:\/\/www.stjb-delasalle.fr\/site\/wp-content\/uploads\/2022\/10\/03C803BF-8DAE-42E1-BFD8-4BDBE34AED7D.jpeg","width":768,"height":1024},{"@type":"BreadcrumbList","@id":"https:\/\/www.stjb-delasalle.fr\/site\/2022\/11\/24\/formation-des-delegues-6e-5e\/#breadcrumb","itemListElement":[{"@type":"ListItem","position":1,"name":"Accueil","item":"https:\/\/www.stjb-delasalle.fr\/site\/"},{"@type":"ListItem","position":2,"name":"Formation des d\u00e9l\u00e9gu\u00e9s 6e 5e"}]},{"@type":"WebSite","@id":"https:\/\/www.stjb-delasalle.fr\/site\/#website","url":"https:\/\/www.stjb-delasalle.fr\/site\/","name":"Coll\u00e8ge Saint Jean Baptiste de La Salle","description":"Notre coll\u00e8ge vous accueille sur le site du Rancher \u00e0 Teloch\u00e9","publisher":{"@id":"https:\/\/www.stjb-delasalle.fr\/site\/#organization"},"potentialAction":[{"@type":"SearchAction","target":{"@type":"EntryPoint","urlTemplate":"https:\/\/www.stjb-delasalle.fr\/site\/?s={search_term_string}"},"query-input":{"@type":"PropertyValueSpecification","valueRequired":true,"valueName":"search_term_string"}}],"inLanguage":"fr-FR"},{"@type":"Organization","@id":"https:\/\/www.stjb-delasalle.fr\/site\/#organization","name":"Coll\u00e8ge Saint Jean Baptiste de La Salle","url":"https:\/\/www.stjb-delasalle.fr\/site\/","logo":{"@type":"ImageObject","inLanguage":"fr-FR","@id":"https:\/\/www.stjb-delasalle.fr\/site\/#\/schema\/logo\/image\/","url":"https:\/\/www.stjb-delasalle.fr\/site\/wp-content\/uploads\/2021\/11\/logostjb_petit_transp.png","contentUrl":"https:\/\/www.stjb-delasalle.fr\/site\/wp-content\/uploads\/2021\/11\/logostjb_petit_transp.png","width":180,"height":127,"caption":"Coll\u00e8ge Saint Jean Baptiste de La Salle"},"image":{"@id":"https:\/\/www.stjb-delasalle.fr\/site\/#\/schema\/logo\/image\/"}},{"@type":"Person","@id":"https:\/\/www.stjb-delasalle.fr\/site\/#\/schema\/person\/29e031eae2fbe58aca689f9074d3616a","name":"s.couret","image":{"@type":"ImageObject","inLanguage":"fr-FR","@id":"https:\/\/secure.gravatar.com\/avatar\/83474c4b01f4d5df531ba9e1ae59f6610ffe9a3c76657f973718ba9fff166522?s=96&d=mm&r=g","url":"https:\/\/secure.gravatar.com\/avatar\/83474c4b01f4d5df531ba9e1ae59f6610ffe9a3c76657f973718ba9fff166522?s=96&d=mm&r=g","contentUrl":"https:\/\/secure.gravatar.com\/avatar\/83474c4b01f4d5df531ba9e1ae59f6610ffe9a3c76657f973718ba9fff166522?s=96&d=mm&r=g","caption":"s.couret"},"url":"https:\/\/www.stjb-delasalle.fr\/site\/author\/s-couret\/"}]}},"_links":{"self":[{"href":"https:\/\/www.stjb-delasalle.fr\/site\/wp-json\/wp\/v2\/posts\/12016","targetHints":{"allow":["GET"]}}],"collection":[{"href":"https:\/\/www.stjb-delasalle.fr\/site\/wp-json\/wp\/v2\/posts"}],"about":[{"href":"https:\/\/www.stjb-delasalle.fr\/site\/wp-json\/wp\/v2\/types\/post"}],"author":[{"embeddable":true,"href":"https:\/\/www.stjb-delasalle.fr\/site\/wp-json\/wp\/v2\/users\/3"}],"replies":[{"embeddable":true,"href":"https:\/\/www.stjb-delasalle.fr\/site\/wp-json\/wp\/v2\/comments?post=12016"}],"version-history":[{"count":1,"href":"https:\/\/www.stjb-delasalle.fr\/site\/wp-json\/wp\/v2\/posts\/12016\/revisions"}],"predecessor-version":[{"id":12024,"href":"https:\/\/www.stjb-delasalle.fr\/site\/wp-json\/wp\/v2\/posts\/12016\/revisions\/12024"}],"wp:featuredmedia":[{"embeddable":true,"href":"https:\/\/www.stjb-delasalle.fr\/site\/wp-json\/wp\/v2\/media\/11924"}],"wp:attachment":[{"href":"https:\/\/www.stjb-delasalle.fr\/site\/wp-json\/wp\/v2\/media?parent=12016"}],"wp:term":[{"taxonomy":"category","embeddable":true,"href":"https:\/\/www.stjb-delasalle.fr\/site\/wp-json\/wp\/v2\/categories?post=12016"},{"taxonomy":"post_tag","embeddable":true,"href":"https:\/\/www.stjb-delasalle.fr\/site\/wp-json\/wp\/v2\/tags?post=12016"}],"curies":[{"name":"wp","href":"https:\/\/api.w.org\/{rel}","templated":true}]}}