{"id":1150,"date":"2018-02-08T10:39:06","date_gmt":"2018-02-08T09:39:06","guid":{"rendered":"http:\/\/www.stjb-delasalle.fr\/?p=1150"},"modified":"2018-02-08T10:39:06","modified_gmt":"2018-02-08T09:39:06","slug":"celebration-de-la-chandeleur","status":"publish","type":"post","link":"https:\/\/www.stjb-delasalle.fr\/site\/2018\/02\/08\/celebration-de-la-chandeleur\/","title":{"rendered":"C\u00e9l\u00e9bration de la Chandeleur"},"content":{"rendered":"<p>Vendredi 2 f\u00e9vrier, nous avons f\u00eat\u00e9 la Chandeleur avec les 195 \u00e9l\u00e8ves de 6<sup>\u00e8me<\/sup> dans la chapelle.<\/p>\n<p>Cette f\u00eate de la Pr\u00e9sentation du Seigneur au Temple o\u00f9 Sim\u00e9on dit de l\u2019Enfant J\u00e9sus qu\u2019il est la <strong>lumi\u00e8re<\/strong> du monde deviendra f\u00eate des chandelles, puis la chandeleur.<\/p>\n<p>La tradition pa\u00efenne de manger des cr\u00eapes pour vider les greniers en pr\u00e9vision des prochaines r\u00e9coltes a \u00e9t\u00e9 respect\u00e9 et a fait des heureux \u00e0 la sortie de la c\u00e9l\u00e9bration\u00a0!<br \/>\n<span style=\"color: #c82a59;\"><strong>Cliquer sur les images afin de les agrandir.<\/strong><\/span><\/p>\n<p style=\"text-align: center;\"><a href=\"http:\/\/www.stjb-delasalle.fr\/wp-content\/uploads\/2018\/02\/20180202_164549.jpg\"><img fetchpriority=\"high\" decoding=\"async\" class=\"alignnone wp-image-1151 size-large\" src=\"http:\/\/www.stjb-delasalle.fr\/wp-content\/uploads\/2018\/02\/20180202_164549-1024x576.jpg\" alt=\"\" width=\"720\" height=\"405\" \/><\/a> <a href=\"http:\/\/www.stjb-delasalle.fr\/wp-content\/uploads\/2018\/02\/20180202_164628.jpg\"><img decoding=\"async\" class=\"aligncenter wp-image-1152 size-large\" src=\"http:\/\/www.stjb-delasalle.fr\/wp-content\/uploads\/2018\/02\/20180202_164628-1024x576.jpg\" alt=\"\" width=\"720\" height=\"405\" \/><\/a> <a href=\"http:\/\/www.stjb-delasalle.fr\/wp-content\/uploads\/2018\/02\/20180202_164841.jpg\"><img decoding=\"async\" class=\"aligncenter wp-image-1153 size-large\" src=\"http:\/\/www.stjb-delasalle.fr\/wp-content\/uploads\/2018\/02\/20180202_164841-1024x576.jpg\" alt=\"\" width=\"720\" height=\"405\" \/><\/a> <a href=\"http:\/\/www.stjb-delasalle.fr\/wp-content\/uploads\/2018\/02\/DSCN0115.jpg\"><img loading=\"lazy\" decoding=\"async\" class=\"aligncenter wp-image-1154 size-medium\" src=\"http:\/\/www.stjb-delasalle.fr\/wp-content\/uploads\/2018\/02\/DSCN0115-225x300.jpg\" alt=\"\" width=\"225\" height=\"300\" \/><\/a><\/p>\n<p><center><iframe src=\"https:\/\/www.youtube.com\/embed\/YWLKGvC41Tg?rel=0\" width=\"560\" height=\"315\" frameborder=\"0\" allowfullscreen=\"allowfullscreen\"><\/iframe><\/center><\/p>\n","protected":false},"excerpt":{"rendered":"<p>Vendredi 2 f\u00e9vrier, nous avons f\u00eat\u00e9 la Chandeleur avec les 195 \u00e9l\u00e8ves de 6\u00e8me dans la chapelle. Cette f\u00eate de la Pr\u00e9sentation du Seigneur au Temple o\u00f9 Sim\u00e9on dit de l\u2019Enfant J\u00e9sus qu\u2019il est la lumi\u00e8re du monde deviendra f\u00eate des chandelles, puis la chandeleur. La tradition pa\u00efenne de manger des cr\u00eapes pour vider les [&hellip;]<\/p>\n","protected":false},"author":1,"featured_media":1156,"comment_status":"closed","ping_status":"closed","sticky":false,"template":"","format":"standard","meta":{"site-sidebar-layout":"default","site-content-layout":"","ast-site-content-layout":"default","site-content-style":"default","site-sidebar-style":"default","ast-global-header-display":"","ast-banner-title-visibility":"","ast-main-header-display":"","ast-hfb-above-header-display":"","ast-hfb-below-header-display":"","ast-hfb-mobile-header-display":"","site-post-title":"","ast-breadcrumbs-content":"","ast-featured-img":"","footer-sml-layout":"","ast-disable-related-posts":"","theme-transparent-header-meta":"","adv-header-id-meta":"","stick-header-meta":"","header-above-stick-meta":"","header-main-stick-meta":"","header-below-stick-meta":"","astra-migrate-meta-layouts":"default","ast-page-background-enabled":"default","ast-page-background-meta":{"desktop":{"background-color":"var(--ast-global-color-4)","background-image":"","background-repeat":"repeat","background-position":"center center","background-size":"auto","background-attachment":"scroll","background-type":"","background-media":"","overlay-type":"","overlay-color":"","overlay-opacity":"","overlay-gradient":""},"tablet":{"background-color":"","background-image":"","background-repeat":"repeat","background-position":"center center","background-size":"auto","background-attachment":"scroll","background-type":"","background-media":"","overlay-type":"","overlay-color":"","overlay-opacity":"","overlay-gradient":""},"mobile":{"background-color":"","background-image":"","background-repeat":"repeat","background-position":"center center","background-size":"auto","background-attachment":"scroll","background-type":"","background-media":"","overlay-type":"","overlay-color":"","overlay-opacity":"","overlay-gradient":""}},"ast-content-background-meta":{"desktop":{"background-color":"var(--ast-global-color-5)","background-image":"","background-repeat":"repeat","background-position":"center center","background-size":"auto","background-attachment":"scroll","background-type":"","background-media":"","overlay-type":"","overlay-color":"","overlay-opacity":"","overlay-gradient":""},"tablet":{"background-color":"var(--ast-global-color-5)","background-image":"","background-repeat":"repeat","background-position":"center center","background-size":"auto","background-attachment":"scroll","background-type":"","background-media":"","overlay-type":"","overlay-color":"","overlay-opacity":"","overlay-gradient":""},"mobile":{"background-color":"var(--ast-global-color-5)","background-image":"","background-repeat":"repeat","background-position":"center center","background-size":"auto","background-attachment":"scroll","background-type":"","background-media":"","overlay-type":"","overlay-color":"","overlay-opacity":"","overlay-gradient":""}},"footnotes":""},"categories":[6],"tags":[],"class_list":["post-1150","post","type-post","status-publish","format-standard","has-post-thumbnail","hentry","category-college"],"yoast_head":"<!-- This site is optimized with the Yoast SEO plugin v27.5 - https:\/\/yoast.com\/product\/yoast-seo-wordpress\/ -->\n<title>C\u00e9l\u00e9bration de la Chandeleur - Coll\u00e8ge Saint Jean Baptiste de La Salle<\/title>\n<meta name=\"robots\" content=\"index, follow, max-snippet:-1, max-image-preview:large, max-video-preview:-1\" \/>\n<link rel=\"canonical\" href=\"https:\/\/www.stjb-delasalle.fr\/site\/2018\/02\/08\/celebration-de-la-chandeleur\/\" \/>\n<meta property=\"og:locale\" content=\"fr_FR\" \/>\n<meta property=\"og:type\" content=\"article\" \/>\n<meta property=\"og:title\" content=\"C\u00e9l\u00e9bration de la Chandeleur - Coll\u00e8ge Saint Jean Baptiste de La Salle\" \/>\n<meta property=\"og:description\" content=\"Vendredi 2 f\u00e9vrier, nous avons f\u00eat\u00e9 la Chandeleur avec les 195 \u00e9l\u00e8ves de 6\u00e8me dans la chapelle. Cette f\u00eate de la Pr\u00e9sentation du Seigneur au Temple o\u00f9 Sim\u00e9on dit de l\u2019Enfant J\u00e9sus qu\u2019il est la lumi\u00e8re du monde deviendra f\u00eate des chandelles, puis la chandeleur. La tradition pa\u00efenne de manger des cr\u00eapes pour vider les [&hellip;]\" \/>\n<meta property=\"og:url\" content=\"https:\/\/www.stjb-delasalle.fr\/site\/2018\/02\/08\/celebration-de-la-chandeleur\/\" \/>\n<meta property=\"og:site_name\" content=\"Coll\u00e8ge Saint Jean Baptiste de La Salle\" \/>\n<meta property=\"article:published_time\" content=\"2018-02-08T09:39:06+00:00\" \/>\n<meta name=\"author\" content=\"r.zucchetti\" \/>\n<meta name=\"twitter:card\" content=\"summary_large_image\" \/>\n<meta name=\"twitter:label1\" content=\"\u00c9crit par\" \/>\n\t<meta name=\"twitter:data1\" content=\"r.zucchetti\" \/>\n<script type=\"application\/ld+json\" class=\"yoast-schema-graph\">{\"@context\":\"https:\\\/\\\/schema.org\",\"@graph\":[{\"@type\":\"Article\",\"@id\":\"https:\\\/\\\/www.stjb-delasalle.fr\\\/site\\\/2018\\\/02\\\/08\\\/celebration-de-la-chandeleur\\\/#article\",\"isPartOf\":{\"@id\":\"https:\\\/\\\/www.stjb-delasalle.fr\\\/site\\\/2018\\\/02\\\/08\\\/celebration-de-la-chandeleur\\\/\"},\"author\":{\"name\":\"r.zucchetti\",\"@id\":\"https:\\\/\\\/www.stjb-delasalle.fr\\\/site\\\/#\\\/schema\\\/person\\\/36988a7b4178dd69b805a25eea2b8f8f\"},\"headline\":\"C\u00e9l\u00e9bration de la Chandeleur\",\"datePublished\":\"2018-02-08T09:39:06+00:00\",\"mainEntityOfPage\":{\"@id\":\"https:\\\/\\\/www.stjb-delasalle.fr\\\/site\\\/2018\\\/02\\\/08\\\/celebration-de-la-chandeleur\\\/\"},\"wordCount\":103,\"publisher\":{\"@id\":\"https:\\\/\\\/www.stjb-delasalle.fr\\\/site\\\/#organization\"},\"image\":{\"@id\":\"https:\\\/\\\/www.stjb-delasalle.fr\\\/site\\\/2018\\\/02\\\/08\\\/celebration-de-la-chandeleur\\\/#primaryimage\"},\"thumbnailUrl\":\"\",\"articleSection\":[\"Coll\u00e8ge\"],\"inLanguage\":\"fr-FR\"},{\"@type\":\"WebPage\",\"@id\":\"https:\\\/\\\/www.stjb-delasalle.fr\\\/site\\\/2018\\\/02\\\/08\\\/celebration-de-la-chandeleur\\\/\",\"url\":\"https:\\\/\\\/www.stjb-delasalle.fr\\\/site\\\/2018\\\/02\\\/08\\\/celebration-de-la-chandeleur\\\/\",\"name\":\"C\u00e9l\u00e9bration de la Chandeleur - Coll\u00e8ge Saint Jean Baptiste de La Salle\",\"isPartOf\":{\"@id\":\"https:\\\/\\\/www.stjb-delasalle.fr\\\/site\\\/#website\"},\"primaryImageOfPage\":{\"@id\":\"https:\\\/\\\/www.stjb-delasalle.fr\\\/site\\\/2018\\\/02\\\/08\\\/celebration-de-la-chandeleur\\\/#primaryimage\"},\"image\":{\"@id\":\"https:\\\/\\\/www.stjb-delasalle.fr\\\/site\\\/2018\\\/02\\\/08\\\/celebration-de-la-chandeleur\\\/#primaryimage\"},\"thumbnailUrl\":\"\",\"datePublished\":\"2018-02-08T09:39:06+00:00\",\"breadcrumb\":{\"@id\":\"https:\\\/\\\/www.stjb-delasalle.fr\\\/site\\\/2018\\\/02\\\/08\\\/celebration-de-la-chandeleur\\\/#breadcrumb\"},\"inLanguage\":\"fr-FR\",\"potentialAction\":[{\"@type\":\"ReadAction\",\"target\":[\"https:\\\/\\\/www.stjb-delasalle.fr\\\/site\\\/2018\\\/02\\\/08\\\/celebration-de-la-chandeleur\\\/\"]}]},{\"@type\":\"ImageObject\",\"inLanguage\":\"fr-FR\",\"@id\":\"https:\\\/\\\/www.stjb-delasalle.fr\\\/site\\\/2018\\\/02\\\/08\\\/celebration-de-la-chandeleur\\\/#primaryimage\",\"url\":\"\",\"contentUrl\":\"\"},{\"@type\":\"BreadcrumbList\",\"@id\":\"https:\\\/\\\/www.stjb-delasalle.fr\\\/site\\\/2018\\\/02\\\/08\\\/celebration-de-la-chandeleur\\\/#breadcrumb\",\"itemListElement\":[{\"@type\":\"ListItem\",\"position\":1,\"name\":\"Accueil\",\"item\":\"https:\\\/\\\/www.stjb-delasalle.fr\\\/site\\\/\"},{\"@type\":\"ListItem\",\"position\":2,\"name\":\"C\u00e9l\u00e9bration de la Chandeleur\"}]},{\"@type\":\"WebSite\",\"@id\":\"https:\\\/\\\/www.stjb-delasalle.fr\\\/site\\\/#website\",\"url\":\"https:\\\/\\\/www.stjb-delasalle.fr\\\/site\\\/\",\"name\":\"Coll\u00e8ge Saint Jean Baptiste de La Salle\",\"description\":\"Notre coll\u00e8ge vous accueille sur le site du Rancher \u00e0 Teloch\u00e9\",\"publisher\":{\"@id\":\"https:\\\/\\\/www.stjb-delasalle.fr\\\/site\\\/#organization\"},\"potentialAction\":[{\"@type\":\"SearchAction\",\"target\":{\"@type\":\"EntryPoint\",\"urlTemplate\":\"https:\\\/\\\/www.stjb-delasalle.fr\\\/site\\\/?s={search_term_string}\"},\"query-input\":{\"@type\":\"PropertyValueSpecification\",\"valueRequired\":true,\"valueName\":\"search_term_string\"}}],\"inLanguage\":\"fr-FR\"},{\"@type\":\"Organization\",\"@id\":\"https:\\\/\\\/www.stjb-delasalle.fr\\\/site\\\/#organization\",\"name\":\"Coll\u00e8ge Saint Jean Baptiste de La Salle\",\"url\":\"https:\\\/\\\/www.stjb-delasalle.fr\\\/site\\\/\",\"logo\":{\"@type\":\"ImageObject\",\"inLanguage\":\"fr-FR\",\"@id\":\"https:\\\/\\\/www.stjb-delasalle.fr\\\/site\\\/#\\\/schema\\\/logo\\\/image\\\/\",\"url\":\"https:\\\/\\\/www.stjb-delasalle.fr\\\/site\\\/wp-content\\\/uploads\\\/2021\\\/11\\\/logostjb_petit_transp.png\",\"contentUrl\":\"https:\\\/\\\/www.stjb-delasalle.fr\\\/site\\\/wp-content\\\/uploads\\\/2021\\\/11\\\/logostjb_petit_transp.png\",\"width\":180,\"height\":127,\"caption\":\"Coll\u00e8ge Saint Jean Baptiste de La Salle\"},\"image\":{\"@id\":\"https:\\\/\\\/www.stjb-delasalle.fr\\\/site\\\/#\\\/schema\\\/logo\\\/image\\\/\"}},{\"@type\":\"Person\",\"@id\":\"https:\\\/\\\/www.stjb-delasalle.fr\\\/site\\\/#\\\/schema\\\/person\\\/36988a7b4178dd69b805a25eea2b8f8f\",\"name\":\"r.zucchetti\",\"image\":{\"@type\":\"ImageObject\",\"inLanguage\":\"fr-FR\",\"@id\":\"https:\\\/\\\/secure.gravatar.com\\\/avatar\\\/de909cd474d221f967baff6582e1e559c4977b81139138190583ff7dda97b212?s=96&d=mm&r=g\",\"url\":\"https:\\\/\\\/secure.gravatar.com\\\/avatar\\\/de909cd474d221f967baff6582e1e559c4977b81139138190583ff7dda97b212?s=96&d=mm&r=g\",\"contentUrl\":\"https:\\\/\\\/secure.gravatar.com\\\/avatar\\\/de909cd474d221f967baff6582e1e559c4977b81139138190583ff7dda97b212?s=96&d=mm&r=g\",\"caption\":\"r.zucchetti\"},\"sameAs\":[\"https:\\\/\\\/www.stjb-delasalle.fr\\\/site\"],\"url\":\"https:\\\/\\\/www.stjb-delasalle.fr\\\/site\\\/author\\\/r-zucchetti\\\/\"}]}<\/script>\n<!-- \/ Yoast SEO plugin. -->","yoast_head_json":{"title":"C\u00e9l\u00e9bration de la Chandeleur - Coll\u00e8ge Saint Jean Baptiste de La Salle","robots":{"index":"index","follow":"follow","max-snippet":"max-snippet:-1","max-image-preview":"max-image-preview:large","max-video-preview":"max-video-preview:-1"},"canonical":"https:\/\/www.stjb-delasalle.fr\/site\/2018\/02\/08\/celebration-de-la-chandeleur\/","og_locale":"fr_FR","og_type":"article","og_title":"C\u00e9l\u00e9bration de la Chandeleur - Coll\u00e8ge Saint Jean Baptiste de La Salle","og_description":"Vendredi 2 f\u00e9vrier, nous avons f\u00eat\u00e9 la Chandeleur avec les 195 \u00e9l\u00e8ves de 6\u00e8me dans la chapelle. Cette f\u00eate de la Pr\u00e9sentation du Seigneur au Temple o\u00f9 Sim\u00e9on dit de l\u2019Enfant J\u00e9sus qu\u2019il est la lumi\u00e8re du monde deviendra f\u00eate des chandelles, puis la chandeleur. La tradition pa\u00efenne de manger des cr\u00eapes pour vider les [&hellip;]","og_url":"https:\/\/www.stjb-delasalle.fr\/site\/2018\/02\/08\/celebration-de-la-chandeleur\/","og_site_name":"Coll\u00e8ge Saint Jean Baptiste de La Salle","article_published_time":"2018-02-08T09:39:06+00:00","author":"r.zucchetti","twitter_card":"summary_large_image","twitter_misc":{"\u00c9crit par":"r.zucchetti"},"schema":{"@context":"https:\/\/schema.org","@graph":[{"@type":"Article","@id":"https:\/\/www.stjb-delasalle.fr\/site\/2018\/02\/08\/celebration-de-la-chandeleur\/#article","isPartOf":{"@id":"https:\/\/www.stjb-delasalle.fr\/site\/2018\/02\/08\/celebration-de-la-chandeleur\/"},"author":{"name":"r.zucchetti","@id":"https:\/\/www.stjb-delasalle.fr\/site\/#\/schema\/person\/36988a7b4178dd69b805a25eea2b8f8f"},"headline":"C\u00e9l\u00e9bration de la Chandeleur","datePublished":"2018-02-08T09:39:06+00:00","mainEntityOfPage":{"@id":"https:\/\/www.stjb-delasalle.fr\/site\/2018\/02\/08\/celebration-de-la-chandeleur\/"},"wordCount":103,"publisher":{"@id":"https:\/\/www.stjb-delasalle.fr\/site\/#organization"},"image":{"@id":"https:\/\/www.stjb-delasalle.fr\/site\/2018\/02\/08\/celebration-de-la-chandeleur\/#primaryimage"},"thumbnailUrl":"","articleSection":["Coll\u00e8ge"],"inLanguage":"fr-FR"},{"@type":"WebPage","@id":"https:\/\/www.stjb-delasalle.fr\/site\/2018\/02\/08\/celebration-de-la-chandeleur\/","url":"https:\/\/www.stjb-delasalle.fr\/site\/2018\/02\/08\/celebration-de-la-chandeleur\/","name":"C\u00e9l\u00e9bration de la Chandeleur - Coll\u00e8ge Saint Jean Baptiste de La Salle","isPartOf":{"@id":"https:\/\/www.stjb-delasalle.fr\/site\/#website"},"primaryImageOfPage":{"@id":"https:\/\/www.stjb-delasalle.fr\/site\/2018\/02\/08\/celebration-de-la-chandeleur\/#primaryimage"},"image":{"@id":"https:\/\/www.stjb-delasalle.fr\/site\/2018\/02\/08\/celebration-de-la-chandeleur\/#primaryimage"},"thumbnailUrl":"","datePublished":"2018-02-08T09:39:06+00:00","breadcrumb":{"@id":"https:\/\/www.stjb-delasalle.fr\/site\/2018\/02\/08\/celebration-de-la-chandeleur\/#breadcrumb"},"inLanguage":"fr-FR","potentialAction":[{"@type":"ReadAction","target":["https:\/\/www.stjb-delasalle.fr\/site\/2018\/02\/08\/celebration-de-la-chandeleur\/"]}]},{"@type":"ImageObject","inLanguage":"fr-FR","@id":"https:\/\/www.stjb-delasalle.fr\/site\/2018\/02\/08\/celebration-de-la-chandeleur\/#primaryimage","url":"","contentUrl":""},{"@type":"BreadcrumbList","@id":"https:\/\/www.stjb-delasalle.fr\/site\/2018\/02\/08\/celebration-de-la-chandeleur\/#breadcrumb","itemListElement":[{"@type":"ListItem","position":1,"name":"Accueil","item":"https:\/\/www.stjb-delasalle.fr\/site\/"},{"@type":"ListItem","position":2,"name":"C\u00e9l\u00e9bration de la Chandeleur"}]},{"@type":"WebSite","@id":"https:\/\/www.stjb-delasalle.fr\/site\/#website","url":"https:\/\/www.stjb-delasalle.fr\/site\/","name":"Coll\u00e8ge Saint Jean Baptiste de La Salle","description":"Notre coll\u00e8ge vous accueille sur le site du Rancher \u00e0 Teloch\u00e9","publisher":{"@id":"https:\/\/www.stjb-delasalle.fr\/site\/#organization"},"potentialAction":[{"@type":"SearchAction","target":{"@type":"EntryPoint","urlTemplate":"https:\/\/www.stjb-delasalle.fr\/site\/?s={search_term_string}"},"query-input":{"@type":"PropertyValueSpecification","valueRequired":true,"valueName":"search_term_string"}}],"inLanguage":"fr-FR"},{"@type":"Organization","@id":"https:\/\/www.stjb-delasalle.fr\/site\/#organization","name":"Coll\u00e8ge Saint Jean Baptiste de La Salle","url":"https:\/\/www.stjb-delasalle.fr\/site\/","logo":{"@type":"ImageObject","inLanguage":"fr-FR","@id":"https:\/\/www.stjb-delasalle.fr\/site\/#\/schema\/logo\/image\/","url":"https:\/\/www.stjb-delasalle.fr\/site\/wp-content\/uploads\/2021\/11\/logostjb_petit_transp.png","contentUrl":"https:\/\/www.stjb-delasalle.fr\/site\/wp-content\/uploads\/2021\/11\/logostjb_petit_transp.png","width":180,"height":127,"caption":"Coll\u00e8ge Saint Jean Baptiste de La Salle"},"image":{"@id":"https:\/\/www.stjb-delasalle.fr\/site\/#\/schema\/logo\/image\/"}},{"@type":"Person","@id":"https:\/\/www.stjb-delasalle.fr\/site\/#\/schema\/person\/36988a7b4178dd69b805a25eea2b8f8f","name":"r.zucchetti","image":{"@type":"ImageObject","inLanguage":"fr-FR","@id":"https:\/\/secure.gravatar.com\/avatar\/de909cd474d221f967baff6582e1e559c4977b81139138190583ff7dda97b212?s=96&d=mm&r=g","url":"https:\/\/secure.gravatar.com\/avatar\/de909cd474d221f967baff6582e1e559c4977b81139138190583ff7dda97b212?s=96&d=mm&r=g","contentUrl":"https:\/\/secure.gravatar.com\/avatar\/de909cd474d221f967baff6582e1e559c4977b81139138190583ff7dda97b212?s=96&d=mm&r=g","caption":"r.zucchetti"},"sameAs":["https:\/\/www.stjb-delasalle.fr\/site"],"url":"https:\/\/www.stjb-delasalle.fr\/site\/author\/r-zucchetti\/"}]}},"_links":{"self":[{"href":"https:\/\/www.stjb-delasalle.fr\/site\/wp-json\/wp\/v2\/posts\/1150","targetHints":{"allow":["GET"]}}],"collection":[{"href":"https:\/\/www.stjb-delasalle.fr\/site\/wp-json\/wp\/v2\/posts"}],"about":[{"href":"https:\/\/www.stjb-delasalle.fr\/site\/wp-json\/wp\/v2\/types\/post"}],"author":[{"embeddable":true,"href":"https:\/\/www.stjb-delasalle.fr\/site\/wp-json\/wp\/v2\/users\/1"}],"replies":[{"embeddable":true,"href":"https:\/\/www.stjb-delasalle.fr\/site\/wp-json\/wp\/v2\/comments?post=1150"}],"version-history":[{"count":0,"href":"https:\/\/www.stjb-delasalle.fr\/site\/wp-json\/wp\/v2\/posts\/1150\/revisions"}],"wp:featuredmedia":[{"embeddable":true,"href":"https:\/\/www.stjb-delasalle.fr\/site\/wp-json\/"}],"wp:attachment":[{"href":"https:\/\/www.stjb-delasalle.fr\/site\/wp-json\/wp\/v2\/media?parent=1150"}],"wp:term":[{"taxonomy":"category","embeddable":true,"href":"https:\/\/www.stjb-delasalle.fr\/site\/wp-json\/wp\/v2\/categories?post=1150"},{"taxonomy":"post_tag","embeddable":true,"href":"https:\/\/www.stjb-delasalle.fr\/site\/wp-json\/wp\/v2\/tags?post=1150"}],"curies":[{"name":"wp","href":"https:\/\/api.w.org\/{rel}","templated":true}]}}