{"id":11144,"date":"2022-05-11T09:51:15","date_gmt":"2022-05-11T09:51:15","guid":{"rendered":"https:\/\/www.stjb-delasalle.fr\/site\/?p=11144"},"modified":"2023-10-30T13:50:39","modified_gmt":"2023-10-30T13:50:39","slug":"quinzaine-du-foot-citoyen","status":"publish","type":"post","link":"https:\/\/www.stjb-delasalle.fr\/site\/2022\/05\/11\/quinzaine-du-foot-citoyen\/","title":{"rendered":"Quinzaine du Foot Citoyen"},"content":{"rendered":"<p>Dans le cadre de la Quinzaine du Foot Citoyen, les \u00e9l\u00e8ves de l\u2019Academy Football ont particip\u00e9 au projet autour de la th\u00e9matique \u00ab Football &amp; Environnement \u00bb en relation avec l\u2019\u00c9ducation National, l\u2019UGSEL et la FFF<\/p>\n<p>Les 4\u00e8me avaient la responsabilit\u00e9 de l\u2019organisation du projet avec les diff\u00e9rentes \u00e9quipes participantes au championnat d\u2019Europe F\u00e9minin qui d\u00e9butera le 6 juillet prochain. Apr\u00e8s avoir r\u00e9alis\u00e9 les d\u00e9fis techniques du biathlon, les 5\u00e8me devaient r\u00e9alis\u00e9 un \u00ab Quizz \u00bb autour de la th\u00e9matique \u00ab Environnement \u00bb:<\/p>\n<p>? Le d\u00e9veloppement durable<br \/>\nLes gestes \u00e9co-citoyens<br \/>\n? La protection de l\u2019environnement<\/p>\n<p>En parall\u00e8le, cette vid\u00e9o met \u00e0 l\u2019honneur et en valeur tout le bon travail r\u00e9alis\u00e9 par les enseignants et personnels \u00e9ducatifs, notamment sur les ateliers du midi pour impliquer les \u00e9l\u00e8ves dans la vie du coll\u00e8ge.<\/p>\n<p>Bravo \u00e0 tous pour ce beau projet qui montre la richesse du cadre et de notre environnement au quotidien !<\/p>\n<p style=\"text-align: center;\"><iframe title=\"YouTube video player\" src=\"https:\/\/www.youtube.com\/embed\/53rlYKxlNmg\" width=\"560\" height=\"315\" frameborder=\"0\" allowfullscreen=\"allowfullscreen\"><\/iframe><\/p>\n","protected":false},"excerpt":{"rendered":"<p>Dans le cadre de la Quinzaine du Foot Citoyen, les \u00e9l\u00e8ves de l\u2019Academy Football ont particip\u00e9 au projet autour de la th\u00e9matique \u00ab Football &amp; Environnement \u00bb en relation avec l\u2019\u00c9ducation National, l\u2019UGSEL et la FFF Les 4\u00e8me avaient la responsabilit\u00e9 de l\u2019organisation du projet avec les diff\u00e9rentes \u00e9quipes participantes au championnat d\u2019Europe F\u00e9minin qui [&hellip;]<\/p>\n","protected":false},"author":1,"featured_media":11145,"comment_status":"open","ping_status":"open","sticky":false,"template":"","format":"standard","meta":{"site-sidebar-layout":"default","site-content-layout":"default","ast-site-content-layout":"default","site-content-style":"default","site-sidebar-style":"default","ast-global-header-display":"","ast-banner-title-visibility":"","ast-main-header-display":"","ast-hfb-above-header-display":"","ast-hfb-below-header-display":"","ast-hfb-mobile-header-display":"","site-post-title":"","ast-breadcrumbs-content":"","ast-featured-img":"","footer-sml-layout":"","ast-disable-related-posts":"","theme-transparent-header-meta":"default","adv-header-id-meta":"","stick-header-meta":"","header-above-stick-meta":"","header-main-stick-meta":"","header-below-stick-meta":"","astra-migrate-meta-layouts":"set","ast-page-background-enabled":"default","ast-page-background-meta":{"desktop":{"background-color":"var(--ast-global-color-4)","background-image":"","background-repeat":"repeat","background-position":"center center","background-size":"auto","background-attachment":"scroll","background-type":"","background-media":"","overlay-type":"","overlay-color":"","overlay-opacity":"","overlay-gradient":""},"tablet":{"background-color":"","background-image":"","background-repeat":"repeat","background-position":"center center","background-size":"auto","background-attachment":"scroll","background-type":"","background-media":"","overlay-type":"","overlay-color":"","overlay-opacity":"","overlay-gradient":""},"mobile":{"background-color":"","background-image":"","background-repeat":"repeat","background-position":"center center","background-size":"auto","background-attachment":"scroll","background-type":"","background-media":"","overlay-type":"","overlay-color":"","overlay-opacity":"","overlay-gradient":""}},"ast-content-background-meta":{"desktop":{"background-color":"var(--ast-global-color-5)","background-image":"","background-repeat":"repeat","background-position":"center center","background-size":"auto","background-attachment":"scroll","background-type":"","background-media":"","overlay-type":"","overlay-color":"","overlay-opacity":"","overlay-gradient":""},"tablet":{"background-color":"var(--ast-global-color-5)","background-image":"","background-repeat":"repeat","background-position":"center center","background-size":"auto","background-attachment":"scroll","background-type":"","background-media":"","overlay-type":"","overlay-color":"","overlay-opacity":"","overlay-gradient":""},"mobile":{"background-color":"var(--ast-global-color-5)","background-image":"","background-repeat":"repeat","background-position":"center center","background-size":"auto","background-attachment":"scroll","background-type":"","background-media":"","overlay-type":"","overlay-color":"","overlay-opacity":"","overlay-gradient":""}},"footnotes":""},"categories":[72,59,58,57,6],"tags":[],"class_list":["post-11144","post","type-post","status-publish","format-standard","has-post-thumbnail","hentry","category-academy-football-2022-2023","category-activites-4e","category-activites-5e","category-activites-6e","category-college"],"yoast_head":"<!-- This site is optimized with the Yoast SEO plugin v27.5 - https:\/\/yoast.com\/product\/yoast-seo-wordpress\/ -->\n<title>Quinzaine du Foot Citoyen - Coll\u00e8ge Saint Jean Baptiste de La Salle<\/title>\n<meta name=\"robots\" content=\"index, follow, max-snippet:-1, max-image-preview:large, max-video-preview:-1\" \/>\n<link rel=\"canonical\" href=\"https:\/\/www.stjb-delasalle.fr\/site\/2022\/05\/11\/quinzaine-du-foot-citoyen\/\" \/>\n<meta property=\"og:locale\" content=\"fr_FR\" \/>\n<meta property=\"og:type\" content=\"article\" \/>\n<meta property=\"og:title\" content=\"Quinzaine du Foot Citoyen - Coll\u00e8ge Saint Jean Baptiste de La Salle\" \/>\n<meta property=\"og:description\" content=\"Dans le cadre de la Quinzaine du Foot Citoyen, les \u00e9l\u00e8ves de l\u2019Academy Football ont particip\u00e9 au projet autour de la th\u00e9matique \u00ab Football &amp; Environnement \u00bb en relation avec l\u2019\u00c9ducation National, l\u2019UGSEL et la FFF Les 4\u00e8me avaient la responsabilit\u00e9 de l\u2019organisation du projet avec les diff\u00e9rentes \u00e9quipes participantes au championnat d\u2019Europe F\u00e9minin qui [&hellip;]\" \/>\n<meta property=\"og:url\" content=\"https:\/\/www.stjb-delasalle.fr\/site\/2022\/05\/11\/quinzaine-du-foot-citoyen\/\" \/>\n<meta property=\"og:site_name\" content=\"Coll\u00e8ge Saint Jean Baptiste de La Salle\" \/>\n<meta property=\"article:published_time\" content=\"2022-05-11T09:51:15+00:00\" \/>\n<meta property=\"article:modified_time\" content=\"2023-10-30T13:50:39+00:00\" \/>\n<meta property=\"og:image\" content=\"https:\/\/www.stjb-delasalle.fr\/site\/wp-content\/uploads\/2022\/05\/quinzaine.jpg\" \/>\n\t<meta property=\"og:image:width\" content=\"1251\" \/>\n\t<meta property=\"og:image:height\" content=\"649\" \/>\n\t<meta property=\"og:image:type\" content=\"image\/jpeg\" \/>\n<meta name=\"author\" content=\"r.zucchetti\" \/>\n<meta name=\"twitter:card\" content=\"summary_large_image\" \/>\n<meta name=\"twitter:label1\" content=\"\u00c9crit par\" \/>\n\t<meta name=\"twitter:data1\" content=\"r.zucchetti\" \/>\n\t<meta name=\"twitter:label2\" content=\"Dur\u00e9e de lecture estim\u00e9e\" \/>\n\t<meta name=\"twitter:data2\" content=\"1 minute\" \/>\n<script type=\"application\/ld+json\" class=\"yoast-schema-graph\">{\"@context\":\"https:\\\/\\\/schema.org\",\"@graph\":[{\"@type\":\"Article\",\"@id\":\"https:\\\/\\\/www.stjb-delasalle.fr\\\/site\\\/2022\\\/05\\\/11\\\/quinzaine-du-foot-citoyen\\\/#article\",\"isPartOf\":{\"@id\":\"https:\\\/\\\/www.stjb-delasalle.fr\\\/site\\\/2022\\\/05\\\/11\\\/quinzaine-du-foot-citoyen\\\/\"},\"author\":{\"name\":\"r.zucchetti\",\"@id\":\"https:\\\/\\\/www.stjb-delasalle.fr\\\/site\\\/#\\\/schema\\\/person\\\/36988a7b4178dd69b805a25eea2b8f8f\"},\"headline\":\"Quinzaine du Foot Citoyen\",\"datePublished\":\"2022-05-11T09:51:15+00:00\",\"dateModified\":\"2023-10-30T13:50:39+00:00\",\"mainEntityOfPage\":{\"@id\":\"https:\\\/\\\/www.stjb-delasalle.fr\\\/site\\\/2022\\\/05\\\/11\\\/quinzaine-du-foot-citoyen\\\/\"},\"wordCount\":166,\"commentCount\":0,\"publisher\":{\"@id\":\"https:\\\/\\\/www.stjb-delasalle.fr\\\/site\\\/#organization\"},\"image\":{\"@id\":\"https:\\\/\\\/www.stjb-delasalle.fr\\\/site\\\/2022\\\/05\\\/11\\\/quinzaine-du-foot-citoyen\\\/#primaryimage\"},\"thumbnailUrl\":\"https:\\\/\\\/www.stjb-delasalle.fr\\\/site\\\/wp-content\\\/uploads\\\/2022\\\/05\\\/quinzaine.jpg\",\"articleSection\":[\"Academy Football 2022-2023\",\"Activit\u00e9s 4e\",\"Activit\u00e9s 5e\",\"Activit\u00e9s 6e\",\"Coll\u00e8ge\"],\"inLanguage\":\"fr-FR\",\"potentialAction\":[{\"@type\":\"CommentAction\",\"name\":\"Comment\",\"target\":[\"https:\\\/\\\/www.stjb-delasalle.fr\\\/site\\\/2022\\\/05\\\/11\\\/quinzaine-du-foot-citoyen\\\/#respond\"]}]},{\"@type\":\"WebPage\",\"@id\":\"https:\\\/\\\/www.stjb-delasalle.fr\\\/site\\\/2022\\\/05\\\/11\\\/quinzaine-du-foot-citoyen\\\/\",\"url\":\"https:\\\/\\\/www.stjb-delasalle.fr\\\/site\\\/2022\\\/05\\\/11\\\/quinzaine-du-foot-citoyen\\\/\",\"name\":\"Quinzaine du Foot Citoyen - Coll\u00e8ge Saint Jean Baptiste de La Salle\",\"isPartOf\":{\"@id\":\"https:\\\/\\\/www.stjb-delasalle.fr\\\/site\\\/#website\"},\"primaryImageOfPage\":{\"@id\":\"https:\\\/\\\/www.stjb-delasalle.fr\\\/site\\\/2022\\\/05\\\/11\\\/quinzaine-du-foot-citoyen\\\/#primaryimage\"},\"image\":{\"@id\":\"https:\\\/\\\/www.stjb-delasalle.fr\\\/site\\\/2022\\\/05\\\/11\\\/quinzaine-du-foot-citoyen\\\/#primaryimage\"},\"thumbnailUrl\":\"https:\\\/\\\/www.stjb-delasalle.fr\\\/site\\\/wp-content\\\/uploads\\\/2022\\\/05\\\/quinzaine.jpg\",\"datePublished\":\"2022-05-11T09:51:15+00:00\",\"dateModified\":\"2023-10-30T13:50:39+00:00\",\"breadcrumb\":{\"@id\":\"https:\\\/\\\/www.stjb-delasalle.fr\\\/site\\\/2022\\\/05\\\/11\\\/quinzaine-du-foot-citoyen\\\/#breadcrumb\"},\"inLanguage\":\"fr-FR\",\"potentialAction\":[{\"@type\":\"ReadAction\",\"target\":[\"https:\\\/\\\/www.stjb-delasalle.fr\\\/site\\\/2022\\\/05\\\/11\\\/quinzaine-du-foot-citoyen\\\/\"]}]},{\"@type\":\"ImageObject\",\"inLanguage\":\"fr-FR\",\"@id\":\"https:\\\/\\\/www.stjb-delasalle.fr\\\/site\\\/2022\\\/05\\\/11\\\/quinzaine-du-foot-citoyen\\\/#primaryimage\",\"url\":\"https:\\\/\\\/www.stjb-delasalle.fr\\\/site\\\/wp-content\\\/uploads\\\/2022\\\/05\\\/quinzaine.jpg\",\"contentUrl\":\"https:\\\/\\\/www.stjb-delasalle.fr\\\/site\\\/wp-content\\\/uploads\\\/2022\\\/05\\\/quinzaine.jpg\",\"width\":1251,\"height\":649},{\"@type\":\"BreadcrumbList\",\"@id\":\"https:\\\/\\\/www.stjb-delasalle.fr\\\/site\\\/2022\\\/05\\\/11\\\/quinzaine-du-foot-citoyen\\\/#breadcrumb\",\"itemListElement\":[{\"@type\":\"ListItem\",\"position\":1,\"name\":\"Accueil\",\"item\":\"https:\\\/\\\/www.stjb-delasalle.fr\\\/site\\\/\"},{\"@type\":\"ListItem\",\"position\":2,\"name\":\"Quinzaine du Foot Citoyen\"}]},{\"@type\":\"WebSite\",\"@id\":\"https:\\\/\\\/www.stjb-delasalle.fr\\\/site\\\/#website\",\"url\":\"https:\\\/\\\/www.stjb-delasalle.fr\\\/site\\\/\",\"name\":\"Coll\u00e8ge Saint Jean Baptiste de La Salle\",\"description\":\"Notre coll\u00e8ge vous accueille sur le site du Rancher \u00e0 Teloch\u00e9\",\"publisher\":{\"@id\":\"https:\\\/\\\/www.stjb-delasalle.fr\\\/site\\\/#organization\"},\"potentialAction\":[{\"@type\":\"SearchAction\",\"target\":{\"@type\":\"EntryPoint\",\"urlTemplate\":\"https:\\\/\\\/www.stjb-delasalle.fr\\\/site\\\/?s={search_term_string}\"},\"query-input\":{\"@type\":\"PropertyValueSpecification\",\"valueRequired\":true,\"valueName\":\"search_term_string\"}}],\"inLanguage\":\"fr-FR\"},{\"@type\":\"Organization\",\"@id\":\"https:\\\/\\\/www.stjb-delasalle.fr\\\/site\\\/#organization\",\"name\":\"Coll\u00e8ge Saint Jean Baptiste de La Salle\",\"url\":\"https:\\\/\\\/www.stjb-delasalle.fr\\\/site\\\/\",\"logo\":{\"@type\":\"ImageObject\",\"inLanguage\":\"fr-FR\",\"@id\":\"https:\\\/\\\/www.stjb-delasalle.fr\\\/site\\\/#\\\/schema\\\/logo\\\/image\\\/\",\"url\":\"https:\\\/\\\/www.stjb-delasalle.fr\\\/site\\\/wp-content\\\/uploads\\\/2021\\\/11\\\/logostjb_petit_transp.png\",\"contentUrl\":\"https:\\\/\\\/www.stjb-delasalle.fr\\\/site\\\/wp-content\\\/uploads\\\/2021\\\/11\\\/logostjb_petit_transp.png\",\"width\":180,\"height\":127,\"caption\":\"Coll\u00e8ge Saint Jean Baptiste de La Salle\"},\"image\":{\"@id\":\"https:\\\/\\\/www.stjb-delasalle.fr\\\/site\\\/#\\\/schema\\\/logo\\\/image\\\/\"}},{\"@type\":\"Person\",\"@id\":\"https:\\\/\\\/www.stjb-delasalle.fr\\\/site\\\/#\\\/schema\\\/person\\\/36988a7b4178dd69b805a25eea2b8f8f\",\"name\":\"r.zucchetti\",\"image\":{\"@type\":\"ImageObject\",\"inLanguage\":\"fr-FR\",\"@id\":\"https:\\\/\\\/secure.gravatar.com\\\/avatar\\\/de909cd474d221f967baff6582e1e559c4977b81139138190583ff7dda97b212?s=96&d=mm&r=g\",\"url\":\"https:\\\/\\\/secure.gravatar.com\\\/avatar\\\/de909cd474d221f967baff6582e1e559c4977b81139138190583ff7dda97b212?s=96&d=mm&r=g\",\"contentUrl\":\"https:\\\/\\\/secure.gravatar.com\\\/avatar\\\/de909cd474d221f967baff6582e1e559c4977b81139138190583ff7dda97b212?s=96&d=mm&r=g\",\"caption\":\"r.zucchetti\"},\"sameAs\":[\"https:\\\/\\\/www.stjb-delasalle.fr\\\/site\"],\"url\":\"https:\\\/\\\/www.stjb-delasalle.fr\\\/site\\\/author\\\/r-zucchetti\\\/\"}]}<\/script>\n<!-- \/ Yoast SEO plugin. -->","yoast_head_json":{"title":"Quinzaine du Foot Citoyen - Coll\u00e8ge Saint Jean Baptiste de La Salle","robots":{"index":"index","follow":"follow","max-snippet":"max-snippet:-1","max-image-preview":"max-image-preview:large","max-video-preview":"max-video-preview:-1"},"canonical":"https:\/\/www.stjb-delasalle.fr\/site\/2022\/05\/11\/quinzaine-du-foot-citoyen\/","og_locale":"fr_FR","og_type":"article","og_title":"Quinzaine du Foot Citoyen - Coll\u00e8ge Saint Jean Baptiste de La Salle","og_description":"Dans le cadre de la Quinzaine du Foot Citoyen, les \u00e9l\u00e8ves de l\u2019Academy Football ont particip\u00e9 au projet autour de la th\u00e9matique \u00ab Football &amp; Environnement \u00bb en relation avec l\u2019\u00c9ducation National, l\u2019UGSEL et la FFF Les 4\u00e8me avaient la responsabilit\u00e9 de l\u2019organisation du projet avec les diff\u00e9rentes \u00e9quipes participantes au championnat d\u2019Europe F\u00e9minin qui [&hellip;]","og_url":"https:\/\/www.stjb-delasalle.fr\/site\/2022\/05\/11\/quinzaine-du-foot-citoyen\/","og_site_name":"Coll\u00e8ge Saint Jean Baptiste de La Salle","article_published_time":"2022-05-11T09:51:15+00:00","article_modified_time":"2023-10-30T13:50:39+00:00","og_image":[{"width":1251,"height":649,"url":"https:\/\/www.stjb-delasalle.fr\/site\/wp-content\/uploads\/2022\/05\/quinzaine.jpg","type":"image\/jpeg"}],"author":"r.zucchetti","twitter_card":"summary_large_image","twitter_misc":{"\u00c9crit par":"r.zucchetti","Dur\u00e9e de lecture estim\u00e9e":"1 minute"},"schema":{"@context":"https:\/\/schema.org","@graph":[{"@type":"Article","@id":"https:\/\/www.stjb-delasalle.fr\/site\/2022\/05\/11\/quinzaine-du-foot-citoyen\/#article","isPartOf":{"@id":"https:\/\/www.stjb-delasalle.fr\/site\/2022\/05\/11\/quinzaine-du-foot-citoyen\/"},"author":{"name":"r.zucchetti","@id":"https:\/\/www.stjb-delasalle.fr\/site\/#\/schema\/person\/36988a7b4178dd69b805a25eea2b8f8f"},"headline":"Quinzaine du Foot Citoyen","datePublished":"2022-05-11T09:51:15+00:00","dateModified":"2023-10-30T13:50:39+00:00","mainEntityOfPage":{"@id":"https:\/\/www.stjb-delasalle.fr\/site\/2022\/05\/11\/quinzaine-du-foot-citoyen\/"},"wordCount":166,"commentCount":0,"publisher":{"@id":"https:\/\/www.stjb-delasalle.fr\/site\/#organization"},"image":{"@id":"https:\/\/www.stjb-delasalle.fr\/site\/2022\/05\/11\/quinzaine-du-foot-citoyen\/#primaryimage"},"thumbnailUrl":"https:\/\/www.stjb-delasalle.fr\/site\/wp-content\/uploads\/2022\/05\/quinzaine.jpg","articleSection":["Academy Football 2022-2023","Activit\u00e9s 4e","Activit\u00e9s 5e","Activit\u00e9s 6e","Coll\u00e8ge"],"inLanguage":"fr-FR","potentialAction":[{"@type":"CommentAction","name":"Comment","target":["https:\/\/www.stjb-delasalle.fr\/site\/2022\/05\/11\/quinzaine-du-foot-citoyen\/#respond"]}]},{"@type":"WebPage","@id":"https:\/\/www.stjb-delasalle.fr\/site\/2022\/05\/11\/quinzaine-du-foot-citoyen\/","url":"https:\/\/www.stjb-delasalle.fr\/site\/2022\/05\/11\/quinzaine-du-foot-citoyen\/","name":"Quinzaine du Foot Citoyen - Coll\u00e8ge Saint Jean Baptiste de La Salle","isPartOf":{"@id":"https:\/\/www.stjb-delasalle.fr\/site\/#website"},"primaryImageOfPage":{"@id":"https:\/\/www.stjb-delasalle.fr\/site\/2022\/05\/11\/quinzaine-du-foot-citoyen\/#primaryimage"},"image":{"@id":"https:\/\/www.stjb-delasalle.fr\/site\/2022\/05\/11\/quinzaine-du-foot-citoyen\/#primaryimage"},"thumbnailUrl":"https:\/\/www.stjb-delasalle.fr\/site\/wp-content\/uploads\/2022\/05\/quinzaine.jpg","datePublished":"2022-05-11T09:51:15+00:00","dateModified":"2023-10-30T13:50:39+00:00","breadcrumb":{"@id":"https:\/\/www.stjb-delasalle.fr\/site\/2022\/05\/11\/quinzaine-du-foot-citoyen\/#breadcrumb"},"inLanguage":"fr-FR","potentialAction":[{"@type":"ReadAction","target":["https:\/\/www.stjb-delasalle.fr\/site\/2022\/05\/11\/quinzaine-du-foot-citoyen\/"]}]},{"@type":"ImageObject","inLanguage":"fr-FR","@id":"https:\/\/www.stjb-delasalle.fr\/site\/2022\/05\/11\/quinzaine-du-foot-citoyen\/#primaryimage","url":"https:\/\/www.stjb-delasalle.fr\/site\/wp-content\/uploads\/2022\/05\/quinzaine.jpg","contentUrl":"https:\/\/www.stjb-delasalle.fr\/site\/wp-content\/uploads\/2022\/05\/quinzaine.jpg","width":1251,"height":649},{"@type":"BreadcrumbList","@id":"https:\/\/www.stjb-delasalle.fr\/site\/2022\/05\/11\/quinzaine-du-foot-citoyen\/#breadcrumb","itemListElement":[{"@type":"ListItem","position":1,"name":"Accueil","item":"https:\/\/www.stjb-delasalle.fr\/site\/"},{"@type":"ListItem","position":2,"name":"Quinzaine du Foot Citoyen"}]},{"@type":"WebSite","@id":"https:\/\/www.stjb-delasalle.fr\/site\/#website","url":"https:\/\/www.stjb-delasalle.fr\/site\/","name":"Coll\u00e8ge Saint Jean Baptiste de La Salle","description":"Notre coll\u00e8ge vous accueille sur le site du Rancher \u00e0 Teloch\u00e9","publisher":{"@id":"https:\/\/www.stjb-delasalle.fr\/site\/#organization"},"potentialAction":[{"@type":"SearchAction","target":{"@type":"EntryPoint","urlTemplate":"https:\/\/www.stjb-delasalle.fr\/site\/?s={search_term_string}"},"query-input":{"@type":"PropertyValueSpecification","valueRequired":true,"valueName":"search_term_string"}}],"inLanguage":"fr-FR"},{"@type":"Organization","@id":"https:\/\/www.stjb-delasalle.fr\/site\/#organization","name":"Coll\u00e8ge Saint Jean Baptiste de La Salle","url":"https:\/\/www.stjb-delasalle.fr\/site\/","logo":{"@type":"ImageObject","inLanguage":"fr-FR","@id":"https:\/\/www.stjb-delasalle.fr\/site\/#\/schema\/logo\/image\/","url":"https:\/\/www.stjb-delasalle.fr\/site\/wp-content\/uploads\/2021\/11\/logostjb_petit_transp.png","contentUrl":"https:\/\/www.stjb-delasalle.fr\/site\/wp-content\/uploads\/2021\/11\/logostjb_petit_transp.png","width":180,"height":127,"caption":"Coll\u00e8ge Saint Jean Baptiste de La Salle"},"image":{"@id":"https:\/\/www.stjb-delasalle.fr\/site\/#\/schema\/logo\/image\/"}},{"@type":"Person","@id":"https:\/\/www.stjb-delasalle.fr\/site\/#\/schema\/person\/36988a7b4178dd69b805a25eea2b8f8f","name":"r.zucchetti","image":{"@type":"ImageObject","inLanguage":"fr-FR","@id":"https:\/\/secure.gravatar.com\/avatar\/de909cd474d221f967baff6582e1e559c4977b81139138190583ff7dda97b212?s=96&d=mm&r=g","url":"https:\/\/secure.gravatar.com\/avatar\/de909cd474d221f967baff6582e1e559c4977b81139138190583ff7dda97b212?s=96&d=mm&r=g","contentUrl":"https:\/\/secure.gravatar.com\/avatar\/de909cd474d221f967baff6582e1e559c4977b81139138190583ff7dda97b212?s=96&d=mm&r=g","caption":"r.zucchetti"},"sameAs":["https:\/\/www.stjb-delasalle.fr\/site"],"url":"https:\/\/www.stjb-delasalle.fr\/site\/author\/r-zucchetti\/"}]}},"_links":{"self":[{"href":"https:\/\/www.stjb-delasalle.fr\/site\/wp-json\/wp\/v2\/posts\/11144","targetHints":{"allow":["GET"]}}],"collection":[{"href":"https:\/\/www.stjb-delasalle.fr\/site\/wp-json\/wp\/v2\/posts"}],"about":[{"href":"https:\/\/www.stjb-delasalle.fr\/site\/wp-json\/wp\/v2\/types\/post"}],"author":[{"embeddable":true,"href":"https:\/\/www.stjb-delasalle.fr\/site\/wp-json\/wp\/v2\/users\/1"}],"replies":[{"embeddable":true,"href":"https:\/\/www.stjb-delasalle.fr\/site\/wp-json\/wp\/v2\/comments?post=11144"}],"version-history":[{"count":2,"href":"https:\/\/www.stjb-delasalle.fr\/site\/wp-json\/wp\/v2\/posts\/11144\/revisions"}],"predecessor-version":[{"id":14030,"href":"https:\/\/www.stjb-delasalle.fr\/site\/wp-json\/wp\/v2\/posts\/11144\/revisions\/14030"}],"wp:featuredmedia":[{"embeddable":true,"href":"https:\/\/www.stjb-delasalle.fr\/site\/wp-json\/wp\/v2\/media\/11145"}],"wp:attachment":[{"href":"https:\/\/www.stjb-delasalle.fr\/site\/wp-json\/wp\/v2\/media?parent=11144"}],"wp:term":[{"taxonomy":"category","embeddable":true,"href":"https:\/\/www.stjb-delasalle.fr\/site\/wp-json\/wp\/v2\/categories?post=11144"},{"taxonomy":"post_tag","embeddable":true,"href":"https:\/\/www.stjb-delasalle.fr\/site\/wp-json\/wp\/v2\/tags?post=11144"}],"curies":[{"name":"wp","href":"https:\/\/api.w.org\/{rel}","templated":true}]}}