{"id":11011,"date":"2022-03-23T19:06:38","date_gmt":"2022-03-23T19:06:38","guid":{"rendered":"https:\/\/www.stjb-delasalle.fr\/site\/?p=11011"},"modified":"2022-05-07T15:53:36","modified_gmt":"2022-05-07T15:53:36","slug":"atelier-artistique-avec-la-plasticienne-amal-tali","status":"publish","type":"post","link":"https:\/\/www.stjb-delasalle.fr\/site\/2022\/03\/23\/atelier-artistique-avec-la-plasticienne-amal-tali\/","title":{"rendered":"Atelier artistique avec la plasticienne Amal Tali"},"content":{"rendered":"<h1><span style=\"font-size: 16px; -webkit-tap-highlight-color: rgba(0, 0, 0, 0); -webkit-text-size-adjust: 100%;\">Suite de l\u2019atelier de pratique artistique<\/span><\/h1>\n<h1><\/h1>\n<p>mis en place dans le cadre du PEAC [Parcours d\u2019Education Artistique et Culturelle] \u00ab VIVANT(S) \u00bb propos\u00e9 par la Sc\u00e8ne nationale Les Quinconces l\u2019Espal.\u00a0Quelques productions d\u2019\u00e9l\u00e8ves en \u00e9cho \u00e0 leur visite de l\u2019exposition <strong><em>Planktos<\/em><\/strong> de Th\u00e9o Massoulier vue r\u00e9cemment au Mans.<\/p>\n<ul>\n<li><strong>Technique<\/strong> : assemblage d\u2019\u00e9l\u00e9ments naturelles et objets h\u00e9t\u00e9roclites<\/li>\n<li><strong style=\"font-size: 16px; -webkit-text-size-adjust: 100%;\">Consigne<\/strong><span style=\"font-size: 16px; -webkit-text-size-adjust: 100%;\"> : Imaginer une cr\u00e9ature hybride, lui inventer une fiche d\u2019identit\u00e9<\/span><\/li>\n<\/ul>\n<p><b><i><u>Escargus<\/u><\/i><\/b><\/p>\n<p><em>Se d\u00e9place en rampant. Il voit gr\u00e2ce a ses antennes. Il peut entendre gr\u00e2ce a son antenne sur le c\u00f4t\u00e9. Pour s\u2019alimenter et respirer, il utilise les deux tuyaux de 20. Il poss\u00e8de de tentacules pour se d\u00e9fendre en \u00e9trangle ses amis et Sandar planter ses ennemis. Il a une ombrelle naturel pour le prot\u00e9ger de la pluie comme du soleil.<\/em><\/p>\n<p><em>\u00a0Escargus est un animal terrestre et marin. Sur la terre il rampe et dans l\u2019eau il se sert de ses tentacules pour nager.<\/em><\/p>\n<p><b><i><u>Picho<\/u><\/i><\/b><\/p>\n<p>Est une sorte de cr\u00e9ature, sa langue a des piques pour envoyer du poison chez son adversaire, pour le paralyser, pour le manger, son cou se plie et se d\u00e9plie. Picho se d\u00e9place en sautant. Picho n\u2019a pas fini de grandir. Il peut vivre jusqu\u2019\u00e0 23 ans, c\u2019est un animal nuisible. Son dard est le bout de sa cr\u00eate. Il fait des feuilles pour faire des b\u00e9b\u00e9s, il se reproduit une fois par an. Il fait 35 cm.<\/p>\n<p><img fetchpriority=\"high\" decoding=\"async\" class=\"alignnone wp-image-11060 size-large\" src=\"https:\/\/www.stjb-delasalle.fr\/site\/wp-content\/uploads\/2022\/05\/C737F6C7-308F-428A-ACF9-E3312EDC5246-1024x768.jpeg\" alt=\"\" width=\"1024\" height=\"768\" srcset=\"https:\/\/www.stjb-delasalle.fr\/site\/wp-content\/uploads\/2022\/05\/C737F6C7-308F-428A-ACF9-E3312EDC5246-1024x768.jpeg 1024w, https:\/\/www.stjb-delasalle.fr\/site\/wp-content\/uploads\/2022\/05\/C737F6C7-308F-428A-ACF9-E3312EDC5246-300x225.jpeg 300w, https:\/\/www.stjb-delasalle.fr\/site\/wp-content\/uploads\/2022\/05\/C737F6C7-308F-428A-ACF9-E3312EDC5246-768x576.jpeg 768w, https:\/\/www.stjb-delasalle.fr\/site\/wp-content\/uploads\/2022\/05\/C737F6C7-308F-428A-ACF9-E3312EDC5246-1536x1152.jpeg 1536w, https:\/\/www.stjb-delasalle.fr\/site\/wp-content\/uploads\/2022\/05\/C737F6C7-308F-428A-ACF9-E3312EDC5246.jpeg 1920w\" sizes=\"(max-width: 1024px) 100vw, 1024px\" \/><br \/>\n<img decoding=\"async\" class=\"alignnone wp-image-11061 size-large\" src=\"https:\/\/www.stjb-delasalle.fr\/site\/wp-content\/uploads\/2022\/05\/57431C1C-CA78-472F-ABAF-BC93433ACD0F-768x1024.jpeg\" alt=\"\" width=\"768\" height=\"1024\" srcset=\"https:\/\/www.stjb-delasalle.fr\/site\/wp-content\/uploads\/2022\/05\/57431C1C-CA78-472F-ABAF-BC93433ACD0F-768x1024.jpeg 768w, https:\/\/www.stjb-delasalle.fr\/site\/wp-content\/uploads\/2022\/05\/57431C1C-CA78-472F-ABAF-BC93433ACD0F-225x300.jpeg 225w, https:\/\/www.stjb-delasalle.fr\/site\/wp-content\/uploads\/2022\/05\/57431C1C-CA78-472F-ABAF-BC93433ACD0F-1152x1536.jpeg 1152w, https:\/\/www.stjb-delasalle.fr\/site\/wp-content\/uploads\/2022\/05\/57431C1C-CA78-472F-ABAF-BC93433ACD0F.jpeg 1440w\" sizes=\"(max-width: 768px) 100vw, 768px\" \/> <img decoding=\"async\" class=\"alignnone wp-image-11062 size-large\" src=\"https:\/\/www.stjb-delasalle.fr\/site\/wp-content\/uploads\/2022\/05\/4D7C916E-E19E-4170-B6A3-3D64306068DE-768x1024.jpeg\" alt=\"\" width=\"768\" height=\"1024\" srcset=\"https:\/\/www.stjb-delasalle.fr\/site\/wp-content\/uploads\/2022\/05\/4D7C916E-E19E-4170-B6A3-3D64306068DE-768x1024.jpeg 768w, https:\/\/www.stjb-delasalle.fr\/site\/wp-content\/uploads\/2022\/05\/4D7C916E-E19E-4170-B6A3-3D64306068DE-225x300.jpeg 225w, https:\/\/www.stjb-delasalle.fr\/site\/wp-content\/uploads\/2022\/05\/4D7C916E-E19E-4170-B6A3-3D64306068DE-1152x1536.jpeg 1152w, https:\/\/www.stjb-delasalle.fr\/site\/wp-content\/uploads\/2022\/05\/4D7C916E-E19E-4170-B6A3-3D64306068DE.jpeg 1440w\" sizes=\"(max-width: 768px) 100vw, 768px\" \/> <img loading=\"lazy\" decoding=\"async\" class=\"alignnone wp-image-11063 size-large\" src=\"https:\/\/www.stjb-delasalle.fr\/site\/wp-content\/uploads\/2022\/05\/F2C1FC79-05AD-4D60-ABD1-3EBC13E24BF0-768x1024.jpeg\" alt=\"\" width=\"768\" height=\"1024\" srcset=\"https:\/\/www.stjb-delasalle.fr\/site\/wp-content\/uploads\/2022\/05\/F2C1FC79-05AD-4D60-ABD1-3EBC13E24BF0-768x1024.jpeg 768w, https:\/\/www.stjb-delasalle.fr\/site\/wp-content\/uploads\/2022\/05\/F2C1FC79-05AD-4D60-ABD1-3EBC13E24BF0-225x300.jpeg 225w, https:\/\/www.stjb-delasalle.fr\/site\/wp-content\/uploads\/2022\/05\/F2C1FC79-05AD-4D60-ABD1-3EBC13E24BF0-1152x1536.jpeg 1152w, https:\/\/www.stjb-delasalle.fr\/site\/wp-content\/uploads\/2022\/05\/F2C1FC79-05AD-4D60-ABD1-3EBC13E24BF0.jpeg 1440w\" sizes=\"(max-width: 768px) 100vw, 768px\" \/> <img loading=\"lazy\" decoding=\"async\" class=\"alignnone wp-image-11064 size-large\" src=\"https:\/\/www.stjb-delasalle.fr\/site\/wp-content\/uploads\/2022\/05\/5D159651-660B-4861-8A10-BDB425665B87-768x1024.jpeg\" alt=\"\" width=\"768\" height=\"1024\" srcset=\"https:\/\/www.stjb-delasalle.fr\/site\/wp-content\/uploads\/2022\/05\/5D159651-660B-4861-8A10-BDB425665B87-768x1024.jpeg 768w, https:\/\/www.stjb-delasalle.fr\/site\/wp-content\/uploads\/2022\/05\/5D159651-660B-4861-8A10-BDB425665B87-225x300.jpeg 225w, https:\/\/www.stjb-delasalle.fr\/site\/wp-content\/uploads\/2022\/05\/5D159651-660B-4861-8A10-BDB425665B87-1152x1536.jpeg 1152w, https:\/\/www.stjb-delasalle.fr\/site\/wp-content\/uploads\/2022\/05\/5D159651-660B-4861-8A10-BDB425665B87.jpeg 1440w\" sizes=\"(max-width: 768px) 100vw, 768px\" \/> <img loading=\"lazy\" decoding=\"async\" class=\"alignnone wp-image-11065 size-large\" src=\"https:\/\/www.stjb-delasalle.fr\/site\/wp-content\/uploads\/2022\/05\/01C48857-29F3-4B3F-B879-3A4302592D8B-768x1024.jpeg\" alt=\"\" width=\"768\" height=\"1024\" srcset=\"https:\/\/www.stjb-delasalle.fr\/site\/wp-content\/uploads\/2022\/05\/01C48857-29F3-4B3F-B879-3A4302592D8B-768x1024.jpeg 768w, https:\/\/www.stjb-delasalle.fr\/site\/wp-content\/uploads\/2022\/05\/01C48857-29F3-4B3F-B879-3A4302592D8B-225x300.jpeg 225w, https:\/\/www.stjb-delasalle.fr\/site\/wp-content\/uploads\/2022\/05\/01C48857-29F3-4B3F-B879-3A4302592D8B-1152x1536.jpeg 1152w, https:\/\/www.stjb-delasalle.fr\/site\/wp-content\/uploads\/2022\/05\/01C48857-29F3-4B3F-B879-3A4302592D8B.jpeg 1440w\" sizes=\"(max-width: 768px) 100vw, 768px\" \/> <img loading=\"lazy\" decoding=\"async\" class=\"alignnone wp-image-11066 size-large\" src=\"https:\/\/www.stjb-delasalle.fr\/site\/wp-content\/uploads\/2022\/05\/6D3B83F2-C294-4294-AA30-E109EAA94A2C-768x1024.jpeg\" alt=\"\" width=\"768\" height=\"1024\" srcset=\"https:\/\/www.stjb-delasalle.fr\/site\/wp-content\/uploads\/2022\/05\/6D3B83F2-C294-4294-AA30-E109EAA94A2C-768x1024.jpeg 768w, https:\/\/www.stjb-delasalle.fr\/site\/wp-content\/uploads\/2022\/05\/6D3B83F2-C294-4294-AA30-E109EAA94A2C-225x300.jpeg 225w, https:\/\/www.stjb-delasalle.fr\/site\/wp-content\/uploads\/2022\/05\/6D3B83F2-C294-4294-AA30-E109EAA94A2C-1152x1536.jpeg 1152w, https:\/\/www.stjb-delasalle.fr\/site\/wp-content\/uploads\/2022\/05\/6D3B83F2-C294-4294-AA30-E109EAA94A2C.jpeg 1440w\" sizes=\"(max-width: 768px) 100vw, 768px\" \/><\/p>\n","protected":false},"excerpt":{"rendered":"<p>Suite de l\u2019atelier de pratique artistique mis en place dans le cadre du PEAC [Parcours d\u2019Education Artistique et Culturelle] \u00ab VIVANT(S) \u00bb propos\u00e9 par la Sc\u00e8ne nationale Les Quinconces l\u2019Espal.\u00a0Quelques productions d\u2019\u00e9l\u00e8ves en \u00e9cho \u00e0 leur visite de l\u2019exposition Planktos de Th\u00e9o Massoulier vue r\u00e9cemment au Mans. Technique : assemblage d\u2019\u00e9l\u00e9ments naturelles et objets h\u00e9t\u00e9roclites [&hellip;]<\/p>\n","protected":false},"author":3,"featured_media":11067,"comment_status":"open","ping_status":"open","sticky":false,"template":"","format":"standard","meta":{"site-sidebar-layout":"default","site-content-layout":"default","ast-site-content-layout":"default","site-content-style":"default","site-sidebar-style":"default","ast-global-header-display":"","ast-banner-title-visibility":"","ast-main-header-display":"","ast-hfb-above-header-display":"","ast-hfb-below-header-display":"","ast-hfb-mobile-header-display":"","site-post-title":"","ast-breadcrumbs-content":"","ast-featured-img":"","footer-sml-layout":"","ast-disable-related-posts":"","theme-transparent-header-meta":"default","adv-header-id-meta":"","stick-header-meta":"","header-above-stick-meta":"","header-main-stick-meta":"","header-below-stick-meta":"","astra-migrate-meta-layouts":"default","ast-page-background-enabled":"default","ast-page-background-meta":{"desktop":{"background-color":"var(--ast-global-color-4)","background-image":"","background-repeat":"repeat","background-position":"center center","background-size":"auto","background-attachment":"scroll","background-type":"","background-media":"","overlay-type":"","overlay-color":"","overlay-opacity":"","overlay-gradient":""},"tablet":{"background-color":"","background-image":"","background-repeat":"repeat","background-position":"center center","background-size":"auto","background-attachment":"scroll","background-type":"","background-media":"","overlay-type":"","overlay-color":"","overlay-opacity":"","overlay-gradient":""},"mobile":{"background-color":"","background-image":"","background-repeat":"repeat","background-position":"center center","background-size":"auto","background-attachment":"scroll","background-type":"","background-media":"","overlay-type":"","overlay-color":"","overlay-opacity":"","overlay-gradient":""}},"ast-content-background-meta":{"desktop":{"background-color":"var(--ast-global-color-5)","background-image":"","background-repeat":"repeat","background-position":"center center","background-size":"auto","background-attachment":"scroll","background-type":"","background-media":"","overlay-type":"","overlay-color":"","overlay-opacity":"","overlay-gradient":""},"tablet":{"background-color":"var(--ast-global-color-5)","background-image":"","background-repeat":"repeat","background-position":"center center","background-size":"auto","background-attachment":"scroll","background-type":"","background-media":"","overlay-type":"","overlay-color":"","overlay-opacity":"","overlay-gradient":""},"mobile":{"background-color":"var(--ast-global-color-5)","background-image":"","background-repeat":"repeat","background-position":"center center","background-size":"auto","background-attachment":"scroll","background-type":"","background-media":"","overlay-type":"","overlay-color":"","overlay-opacity":"","overlay-gradient":""}},"footnotes":""},"categories":[6,56],"tags":[],"class_list":["post-11011","post","type-post","status-publish","format-standard","has-post-thumbnail","hentry","category-college","category-option-arts-2021-2022"],"yoast_head":"<!-- This site is optimized with the Yoast SEO plugin v27.5 - https:\/\/yoast.com\/product\/yoast-seo-wordpress\/ -->\n<title>Atelier artistique avec la plasticienne Amal Tali - Coll\u00e8ge Saint Jean Baptiste de La Salle<\/title>\n<meta name=\"robots\" content=\"index, follow, max-snippet:-1, max-image-preview:large, max-video-preview:-1\" \/>\n<link rel=\"canonical\" href=\"https:\/\/www.stjb-delasalle.fr\/site\/2022\/03\/23\/atelier-artistique-avec-la-plasticienne-amal-tali\/\" \/>\n<meta property=\"og:locale\" content=\"fr_FR\" \/>\n<meta property=\"og:type\" content=\"article\" \/>\n<meta property=\"og:title\" content=\"Atelier artistique avec la plasticienne Amal Tali - Coll\u00e8ge Saint Jean Baptiste de La Salle\" \/>\n<meta property=\"og:description\" content=\"Suite de l\u2019atelier de pratique artistique mis en place dans le cadre du PEAC [Parcours d\u2019Education Artistique et Culturelle] \u00ab VIVANT(S) \u00bb propos\u00e9 par la Sc\u00e8ne nationale Les Quinconces l\u2019Espal.\u00a0Quelques productions d\u2019\u00e9l\u00e8ves en \u00e9cho \u00e0 leur visite de l\u2019exposition Planktos de Th\u00e9o Massoulier vue r\u00e9cemment au Mans. Technique : assemblage d\u2019\u00e9l\u00e9ments naturelles et objets h\u00e9t\u00e9roclites [&hellip;]\" \/>\n<meta property=\"og:url\" content=\"https:\/\/www.stjb-delasalle.fr\/site\/2022\/03\/23\/atelier-artistique-avec-la-plasticienne-amal-tali\/\" \/>\n<meta property=\"og:site_name\" content=\"Coll\u00e8ge Saint Jean Baptiste de La Salle\" \/>\n<meta property=\"article:published_time\" content=\"2022-03-23T19:06:38+00:00\" \/>\n<meta property=\"article:modified_time\" content=\"2022-05-07T15:53:36+00:00\" \/>\n<meta property=\"og:image\" content=\"https:\/\/www.stjb-delasalle.fr\/site\/wp-content\/uploads\/2022\/05\/ACF36719-0F99-470D-BAD7-8AB1FB81A808.jpeg\" \/>\n\t<meta property=\"og:image:width\" content=\"1920\" \/>\n\t<meta property=\"og:image:height\" content=\"1440\" \/>\n\t<meta property=\"og:image:type\" content=\"image\/jpeg\" \/>\n<meta name=\"author\" content=\"s.couret\" \/>\n<meta name=\"twitter:card\" content=\"summary_large_image\" \/>\n<meta name=\"twitter:label1\" content=\"\u00c9crit par\" \/>\n\t<meta name=\"twitter:data1\" content=\"s.couret\" \/>\n\t<meta name=\"twitter:label2\" content=\"Dur\u00e9e de lecture estim\u00e9e\" \/>\n\t<meta name=\"twitter:data2\" content=\"1 minute\" \/>\n<script type=\"application\/ld+json\" class=\"yoast-schema-graph\">{\"@context\":\"https:\\\/\\\/schema.org\",\"@graph\":[{\"@type\":\"Article\",\"@id\":\"https:\\\/\\\/www.stjb-delasalle.fr\\\/site\\\/2022\\\/03\\\/23\\\/atelier-artistique-avec-la-plasticienne-amal-tali\\\/#article\",\"isPartOf\":{\"@id\":\"https:\\\/\\\/www.stjb-delasalle.fr\\\/site\\\/2022\\\/03\\\/23\\\/atelier-artistique-avec-la-plasticienne-amal-tali\\\/\"},\"author\":{\"name\":\"s.couret\",\"@id\":\"https:\\\/\\\/www.stjb-delasalle.fr\\\/site\\\/#\\\/schema\\\/person\\\/29e031eae2fbe58aca689f9074d3616a\"},\"headline\":\"Atelier artistique avec la plasticienne Amal Tali\",\"datePublished\":\"2022-03-23T19:06:38+00:00\",\"dateModified\":\"2022-05-07T15:53:36+00:00\",\"mainEntityOfPage\":{\"@id\":\"https:\\\/\\\/www.stjb-delasalle.fr\\\/site\\\/2022\\\/03\\\/23\\\/atelier-artistique-avec-la-plasticienne-amal-tali\\\/\"},\"wordCount\":263,\"commentCount\":0,\"publisher\":{\"@id\":\"https:\\\/\\\/www.stjb-delasalle.fr\\\/site\\\/#organization\"},\"image\":{\"@id\":\"https:\\\/\\\/www.stjb-delasalle.fr\\\/site\\\/2022\\\/03\\\/23\\\/atelier-artistique-avec-la-plasticienne-amal-tali\\\/#primaryimage\"},\"thumbnailUrl\":\"https:\\\/\\\/www.stjb-delasalle.fr\\\/site\\\/wp-content\\\/uploads\\\/2022\\\/05\\\/ACF36719-0F99-470D-BAD7-8AB1FB81A808.jpeg\",\"articleSection\":[\"Coll\u00e8ge\",\"Option arts 2021-2022\"],\"inLanguage\":\"fr-FR\",\"potentialAction\":[{\"@type\":\"CommentAction\",\"name\":\"Comment\",\"target\":[\"https:\\\/\\\/www.stjb-delasalle.fr\\\/site\\\/2022\\\/03\\\/23\\\/atelier-artistique-avec-la-plasticienne-amal-tali\\\/#respond\"]}]},{\"@type\":\"WebPage\",\"@id\":\"https:\\\/\\\/www.stjb-delasalle.fr\\\/site\\\/2022\\\/03\\\/23\\\/atelier-artistique-avec-la-plasticienne-amal-tali\\\/\",\"url\":\"https:\\\/\\\/www.stjb-delasalle.fr\\\/site\\\/2022\\\/03\\\/23\\\/atelier-artistique-avec-la-plasticienne-amal-tali\\\/\",\"name\":\"Atelier artistique avec la plasticienne Amal Tali - Coll\u00e8ge Saint Jean Baptiste de La Salle\",\"isPartOf\":{\"@id\":\"https:\\\/\\\/www.stjb-delasalle.fr\\\/site\\\/#website\"},\"primaryImageOfPage\":{\"@id\":\"https:\\\/\\\/www.stjb-delasalle.fr\\\/site\\\/2022\\\/03\\\/23\\\/atelier-artistique-avec-la-plasticienne-amal-tali\\\/#primaryimage\"},\"image\":{\"@id\":\"https:\\\/\\\/www.stjb-delasalle.fr\\\/site\\\/2022\\\/03\\\/23\\\/atelier-artistique-avec-la-plasticienne-amal-tali\\\/#primaryimage\"},\"thumbnailUrl\":\"https:\\\/\\\/www.stjb-delasalle.fr\\\/site\\\/wp-content\\\/uploads\\\/2022\\\/05\\\/ACF36719-0F99-470D-BAD7-8AB1FB81A808.jpeg\",\"datePublished\":\"2022-03-23T19:06:38+00:00\",\"dateModified\":\"2022-05-07T15:53:36+00:00\",\"breadcrumb\":{\"@id\":\"https:\\\/\\\/www.stjb-delasalle.fr\\\/site\\\/2022\\\/03\\\/23\\\/atelier-artistique-avec-la-plasticienne-amal-tali\\\/#breadcrumb\"},\"inLanguage\":\"fr-FR\",\"potentialAction\":[{\"@type\":\"ReadAction\",\"target\":[\"https:\\\/\\\/www.stjb-delasalle.fr\\\/site\\\/2022\\\/03\\\/23\\\/atelier-artistique-avec-la-plasticienne-amal-tali\\\/\"]}]},{\"@type\":\"ImageObject\",\"inLanguage\":\"fr-FR\",\"@id\":\"https:\\\/\\\/www.stjb-delasalle.fr\\\/site\\\/2022\\\/03\\\/23\\\/atelier-artistique-avec-la-plasticienne-amal-tali\\\/#primaryimage\",\"url\":\"https:\\\/\\\/www.stjb-delasalle.fr\\\/site\\\/wp-content\\\/uploads\\\/2022\\\/05\\\/ACF36719-0F99-470D-BAD7-8AB1FB81A808.jpeg\",\"contentUrl\":\"https:\\\/\\\/www.stjb-delasalle.fr\\\/site\\\/wp-content\\\/uploads\\\/2022\\\/05\\\/ACF36719-0F99-470D-BAD7-8AB1FB81A808.jpeg\",\"width\":1920,\"height\":1440},{\"@type\":\"BreadcrumbList\",\"@id\":\"https:\\\/\\\/www.stjb-delasalle.fr\\\/site\\\/2022\\\/03\\\/23\\\/atelier-artistique-avec-la-plasticienne-amal-tali\\\/#breadcrumb\",\"itemListElement\":[{\"@type\":\"ListItem\",\"position\":1,\"name\":\"Accueil\",\"item\":\"https:\\\/\\\/www.stjb-delasalle.fr\\\/site\\\/\"},{\"@type\":\"ListItem\",\"position\":2,\"name\":\"Atelier artistique avec la plasticienne Amal Tali\"}]},{\"@type\":\"WebSite\",\"@id\":\"https:\\\/\\\/www.stjb-delasalle.fr\\\/site\\\/#website\",\"url\":\"https:\\\/\\\/www.stjb-delasalle.fr\\\/site\\\/\",\"name\":\"Coll\u00e8ge Saint Jean Baptiste de La Salle\",\"description\":\"Notre coll\u00e8ge vous accueille sur le site du Rancher \u00e0 Teloch\u00e9\",\"publisher\":{\"@id\":\"https:\\\/\\\/www.stjb-delasalle.fr\\\/site\\\/#organization\"},\"potentialAction\":[{\"@type\":\"SearchAction\",\"target\":{\"@type\":\"EntryPoint\",\"urlTemplate\":\"https:\\\/\\\/www.stjb-delasalle.fr\\\/site\\\/?s={search_term_string}\"},\"query-input\":{\"@type\":\"PropertyValueSpecification\",\"valueRequired\":true,\"valueName\":\"search_term_string\"}}],\"inLanguage\":\"fr-FR\"},{\"@type\":\"Organization\",\"@id\":\"https:\\\/\\\/www.stjb-delasalle.fr\\\/site\\\/#organization\",\"name\":\"Coll\u00e8ge Saint Jean Baptiste de La Salle\",\"url\":\"https:\\\/\\\/www.stjb-delasalle.fr\\\/site\\\/\",\"logo\":{\"@type\":\"ImageObject\",\"inLanguage\":\"fr-FR\",\"@id\":\"https:\\\/\\\/www.stjb-delasalle.fr\\\/site\\\/#\\\/schema\\\/logo\\\/image\\\/\",\"url\":\"https:\\\/\\\/www.stjb-delasalle.fr\\\/site\\\/wp-content\\\/uploads\\\/2021\\\/11\\\/logostjb_petit_transp.png\",\"contentUrl\":\"https:\\\/\\\/www.stjb-delasalle.fr\\\/site\\\/wp-content\\\/uploads\\\/2021\\\/11\\\/logostjb_petit_transp.png\",\"width\":180,\"height\":127,\"caption\":\"Coll\u00e8ge Saint Jean Baptiste de La Salle\"},\"image\":{\"@id\":\"https:\\\/\\\/www.stjb-delasalle.fr\\\/site\\\/#\\\/schema\\\/logo\\\/image\\\/\"}},{\"@type\":\"Person\",\"@id\":\"https:\\\/\\\/www.stjb-delasalle.fr\\\/site\\\/#\\\/schema\\\/person\\\/29e031eae2fbe58aca689f9074d3616a\",\"name\":\"s.couret\",\"image\":{\"@type\":\"ImageObject\",\"inLanguage\":\"fr-FR\",\"@id\":\"https:\\\/\\\/secure.gravatar.com\\\/avatar\\\/83474c4b01f4d5df531ba9e1ae59f6610ffe9a3c76657f973718ba9fff166522?s=96&d=mm&r=g\",\"url\":\"https:\\\/\\\/secure.gravatar.com\\\/avatar\\\/83474c4b01f4d5df531ba9e1ae59f6610ffe9a3c76657f973718ba9fff166522?s=96&d=mm&r=g\",\"contentUrl\":\"https:\\\/\\\/secure.gravatar.com\\\/avatar\\\/83474c4b01f4d5df531ba9e1ae59f6610ffe9a3c76657f973718ba9fff166522?s=96&d=mm&r=g\",\"caption\":\"s.couret\"},\"url\":\"https:\\\/\\\/www.stjb-delasalle.fr\\\/site\\\/author\\\/s-couret\\\/\"}]}<\/script>\n<!-- \/ Yoast SEO plugin. -->","yoast_head_json":{"title":"Atelier artistique avec la plasticienne Amal Tali - Coll\u00e8ge Saint Jean Baptiste de La Salle","robots":{"index":"index","follow":"follow","max-snippet":"max-snippet:-1","max-image-preview":"max-image-preview:large","max-video-preview":"max-video-preview:-1"},"canonical":"https:\/\/www.stjb-delasalle.fr\/site\/2022\/03\/23\/atelier-artistique-avec-la-plasticienne-amal-tali\/","og_locale":"fr_FR","og_type":"article","og_title":"Atelier artistique avec la plasticienne Amal Tali - Coll\u00e8ge Saint Jean Baptiste de La Salle","og_description":"Suite de l\u2019atelier de pratique artistique mis en place dans le cadre du PEAC [Parcours d\u2019Education Artistique et Culturelle] \u00ab VIVANT(S) \u00bb propos\u00e9 par la Sc\u00e8ne nationale Les Quinconces l\u2019Espal.\u00a0Quelques productions d\u2019\u00e9l\u00e8ves en \u00e9cho \u00e0 leur visite de l\u2019exposition Planktos de Th\u00e9o Massoulier vue r\u00e9cemment au Mans. Technique : assemblage d\u2019\u00e9l\u00e9ments naturelles et objets h\u00e9t\u00e9roclites [&hellip;]","og_url":"https:\/\/www.stjb-delasalle.fr\/site\/2022\/03\/23\/atelier-artistique-avec-la-plasticienne-amal-tali\/","og_site_name":"Coll\u00e8ge Saint Jean Baptiste de La Salle","article_published_time":"2022-03-23T19:06:38+00:00","article_modified_time":"2022-05-07T15:53:36+00:00","og_image":[{"width":1920,"height":1440,"url":"https:\/\/www.stjb-delasalle.fr\/site\/wp-content\/uploads\/2022\/05\/ACF36719-0F99-470D-BAD7-8AB1FB81A808.jpeg","type":"image\/jpeg"}],"author":"s.couret","twitter_card":"summary_large_image","twitter_misc":{"\u00c9crit par":"s.couret","Dur\u00e9e de lecture estim\u00e9e":"1 minute"},"schema":{"@context":"https:\/\/schema.org","@graph":[{"@type":"Article","@id":"https:\/\/www.stjb-delasalle.fr\/site\/2022\/03\/23\/atelier-artistique-avec-la-plasticienne-amal-tali\/#article","isPartOf":{"@id":"https:\/\/www.stjb-delasalle.fr\/site\/2022\/03\/23\/atelier-artistique-avec-la-plasticienne-amal-tali\/"},"author":{"name":"s.couret","@id":"https:\/\/www.stjb-delasalle.fr\/site\/#\/schema\/person\/29e031eae2fbe58aca689f9074d3616a"},"headline":"Atelier artistique avec la plasticienne Amal Tali","datePublished":"2022-03-23T19:06:38+00:00","dateModified":"2022-05-07T15:53:36+00:00","mainEntityOfPage":{"@id":"https:\/\/www.stjb-delasalle.fr\/site\/2022\/03\/23\/atelier-artistique-avec-la-plasticienne-amal-tali\/"},"wordCount":263,"commentCount":0,"publisher":{"@id":"https:\/\/www.stjb-delasalle.fr\/site\/#organization"},"image":{"@id":"https:\/\/www.stjb-delasalle.fr\/site\/2022\/03\/23\/atelier-artistique-avec-la-plasticienne-amal-tali\/#primaryimage"},"thumbnailUrl":"https:\/\/www.stjb-delasalle.fr\/site\/wp-content\/uploads\/2022\/05\/ACF36719-0F99-470D-BAD7-8AB1FB81A808.jpeg","articleSection":["Coll\u00e8ge","Option arts 2021-2022"],"inLanguage":"fr-FR","potentialAction":[{"@type":"CommentAction","name":"Comment","target":["https:\/\/www.stjb-delasalle.fr\/site\/2022\/03\/23\/atelier-artistique-avec-la-plasticienne-amal-tali\/#respond"]}]},{"@type":"WebPage","@id":"https:\/\/www.stjb-delasalle.fr\/site\/2022\/03\/23\/atelier-artistique-avec-la-plasticienne-amal-tali\/","url":"https:\/\/www.stjb-delasalle.fr\/site\/2022\/03\/23\/atelier-artistique-avec-la-plasticienne-amal-tali\/","name":"Atelier artistique avec la plasticienne Amal Tali - Coll\u00e8ge Saint Jean Baptiste de La Salle","isPartOf":{"@id":"https:\/\/www.stjb-delasalle.fr\/site\/#website"},"primaryImageOfPage":{"@id":"https:\/\/www.stjb-delasalle.fr\/site\/2022\/03\/23\/atelier-artistique-avec-la-plasticienne-amal-tali\/#primaryimage"},"image":{"@id":"https:\/\/www.stjb-delasalle.fr\/site\/2022\/03\/23\/atelier-artistique-avec-la-plasticienne-amal-tali\/#primaryimage"},"thumbnailUrl":"https:\/\/www.stjb-delasalle.fr\/site\/wp-content\/uploads\/2022\/05\/ACF36719-0F99-470D-BAD7-8AB1FB81A808.jpeg","datePublished":"2022-03-23T19:06:38+00:00","dateModified":"2022-05-07T15:53:36+00:00","breadcrumb":{"@id":"https:\/\/www.stjb-delasalle.fr\/site\/2022\/03\/23\/atelier-artistique-avec-la-plasticienne-amal-tali\/#breadcrumb"},"inLanguage":"fr-FR","potentialAction":[{"@type":"ReadAction","target":["https:\/\/www.stjb-delasalle.fr\/site\/2022\/03\/23\/atelier-artistique-avec-la-plasticienne-amal-tali\/"]}]},{"@type":"ImageObject","inLanguage":"fr-FR","@id":"https:\/\/www.stjb-delasalle.fr\/site\/2022\/03\/23\/atelier-artistique-avec-la-plasticienne-amal-tali\/#primaryimage","url":"https:\/\/www.stjb-delasalle.fr\/site\/wp-content\/uploads\/2022\/05\/ACF36719-0F99-470D-BAD7-8AB1FB81A808.jpeg","contentUrl":"https:\/\/www.stjb-delasalle.fr\/site\/wp-content\/uploads\/2022\/05\/ACF36719-0F99-470D-BAD7-8AB1FB81A808.jpeg","width":1920,"height":1440},{"@type":"BreadcrumbList","@id":"https:\/\/www.stjb-delasalle.fr\/site\/2022\/03\/23\/atelier-artistique-avec-la-plasticienne-amal-tali\/#breadcrumb","itemListElement":[{"@type":"ListItem","position":1,"name":"Accueil","item":"https:\/\/www.stjb-delasalle.fr\/site\/"},{"@type":"ListItem","position":2,"name":"Atelier artistique avec la plasticienne Amal Tali"}]},{"@type":"WebSite","@id":"https:\/\/www.stjb-delasalle.fr\/site\/#website","url":"https:\/\/www.stjb-delasalle.fr\/site\/","name":"Coll\u00e8ge Saint Jean Baptiste de La Salle","description":"Notre coll\u00e8ge vous accueille sur le site du Rancher \u00e0 Teloch\u00e9","publisher":{"@id":"https:\/\/www.stjb-delasalle.fr\/site\/#organization"},"potentialAction":[{"@type":"SearchAction","target":{"@type":"EntryPoint","urlTemplate":"https:\/\/www.stjb-delasalle.fr\/site\/?s={search_term_string}"},"query-input":{"@type":"PropertyValueSpecification","valueRequired":true,"valueName":"search_term_string"}}],"inLanguage":"fr-FR"},{"@type":"Organization","@id":"https:\/\/www.stjb-delasalle.fr\/site\/#organization","name":"Coll\u00e8ge Saint Jean Baptiste de La Salle","url":"https:\/\/www.stjb-delasalle.fr\/site\/","logo":{"@type":"ImageObject","inLanguage":"fr-FR","@id":"https:\/\/www.stjb-delasalle.fr\/site\/#\/schema\/logo\/image\/","url":"https:\/\/www.stjb-delasalle.fr\/site\/wp-content\/uploads\/2021\/11\/logostjb_petit_transp.png","contentUrl":"https:\/\/www.stjb-delasalle.fr\/site\/wp-content\/uploads\/2021\/11\/logostjb_petit_transp.png","width":180,"height":127,"caption":"Coll\u00e8ge Saint Jean Baptiste de La Salle"},"image":{"@id":"https:\/\/www.stjb-delasalle.fr\/site\/#\/schema\/logo\/image\/"}},{"@type":"Person","@id":"https:\/\/www.stjb-delasalle.fr\/site\/#\/schema\/person\/29e031eae2fbe58aca689f9074d3616a","name":"s.couret","image":{"@type":"ImageObject","inLanguage":"fr-FR","@id":"https:\/\/secure.gravatar.com\/avatar\/83474c4b01f4d5df531ba9e1ae59f6610ffe9a3c76657f973718ba9fff166522?s=96&d=mm&r=g","url":"https:\/\/secure.gravatar.com\/avatar\/83474c4b01f4d5df531ba9e1ae59f6610ffe9a3c76657f973718ba9fff166522?s=96&d=mm&r=g","contentUrl":"https:\/\/secure.gravatar.com\/avatar\/83474c4b01f4d5df531ba9e1ae59f6610ffe9a3c76657f973718ba9fff166522?s=96&d=mm&r=g","caption":"s.couret"},"url":"https:\/\/www.stjb-delasalle.fr\/site\/author\/s-couret\/"}]}},"_links":{"self":[{"href":"https:\/\/www.stjb-delasalle.fr\/site\/wp-json\/wp\/v2\/posts\/11011","targetHints":{"allow":["GET"]}}],"collection":[{"href":"https:\/\/www.stjb-delasalle.fr\/site\/wp-json\/wp\/v2\/posts"}],"about":[{"href":"https:\/\/www.stjb-delasalle.fr\/site\/wp-json\/wp\/v2\/types\/post"}],"author":[{"embeddable":true,"href":"https:\/\/www.stjb-delasalle.fr\/site\/wp-json\/wp\/v2\/users\/3"}],"replies":[{"embeddable":true,"href":"https:\/\/www.stjb-delasalle.fr\/site\/wp-json\/wp\/v2\/comments?post=11011"}],"version-history":[{"count":1,"href":"https:\/\/www.stjb-delasalle.fr\/site\/wp-json\/wp\/v2\/posts\/11011\/revisions"}],"predecessor-version":[{"id":11068,"href":"https:\/\/www.stjb-delasalle.fr\/site\/wp-json\/wp\/v2\/posts\/11011\/revisions\/11068"}],"wp:featuredmedia":[{"embeddable":true,"href":"https:\/\/www.stjb-delasalle.fr\/site\/wp-json\/wp\/v2\/media\/11067"}],"wp:attachment":[{"href":"https:\/\/www.stjb-delasalle.fr\/site\/wp-json\/wp\/v2\/media?parent=11011"}],"wp:term":[{"taxonomy":"category","embeddable":true,"href":"https:\/\/www.stjb-delasalle.fr\/site\/wp-json\/wp\/v2\/categories?post=11011"},{"taxonomy":"post_tag","embeddable":true,"href":"https:\/\/www.stjb-delasalle.fr\/site\/wp-json\/wp\/v2\/tags?post=11011"}],"curies":[{"name":"wp","href":"https:\/\/api.w.org\/{rel}","templated":true}]}}