{"id":10377,"date":"2022-02-09T05:06:28","date_gmt":"2022-02-09T05:06:28","guid":{"rendered":"https:\/\/www.stjb-delasalle.fr\/site\/?p=10377"},"modified":"2022-02-09T09:42:30","modified_gmt":"2022-02-09T09:42:30","slug":"%f0%9f%8d%80%f0%9f%87%ab%f0%9f%87%b7-deux-belles-journees-citoyennes-au-college-saint-jean-baptiste-de-la-salle","status":"publish","type":"post","link":"https:\/\/www.stjb-delasalle.fr\/site\/2022\/02\/09\/%f0%9f%8d%80%f0%9f%87%ab%f0%9f%87%b7-deux-belles-journees-citoyennes-au-college-saint-jean-baptiste-de-la-salle\/","title":{"rendered":"\ud83c\udf40\ud83c\uddeb\ud83c\uddf7 Deux belles journ\u00e9es Citoyennes au coll\u00e8ge Saint Jean Baptiste de La Salle"},"content":{"rendered":"\t\t<div data-elementor-type=\"wp-post\" data-elementor-id=\"10377\" class=\"elementor elementor-10377\">\n\t\t\t\t\t\t<section class=\"elementor-section elementor-top-section elementor-element elementor-element-fb38f0c elementor-section-boxed elementor-section-height-default elementor-section-height-default\" data-id=\"fb38f0c\" data-element_type=\"section\" data-e-type=\"section\">\n\t\t\t\t\t\t<div class=\"elementor-container elementor-column-gap-default\">\n\t\t\t\t\t<div class=\"elementor-column elementor-col-100 elementor-top-column elementor-element elementor-element-43451513\" data-id=\"43451513\" data-element_type=\"column\" data-e-type=\"column\">\n\t\t\t<div class=\"elementor-widget-wrap elementor-element-populated\">\n\t\t\t\t\t\t<div class=\"elementor-element elementor-element-65002c71 elementor-widget elementor-widget-text-editor\" data-id=\"65002c71\" data-element_type=\"widget\" data-e-type=\"widget\" data-widget_type=\"text-editor.default\">\n\t\t\t\t<div class=\"elementor-widget-container\">\n\t\t\t\t\t\t\t\t\t<p class=\"p1\"><span style=\"font-size: 16px; -webkit-text-size-adjust: 100%;\">Les \u00e9l\u00e8ves 4\u00e8me et 5\u00e8me de l\u2019option Football ont pu participer \u00e0 une journ\u00e9e citoyenne dans le but d\u2019am\u00e9liorer les installations sportives ext\u00e9rieures du coll\u00e8ge.<\/span><\/p>\r\n<p class=\"p1\"><span class=\"s2\">M. L\u2019hyver, \u00e0 l\u2019initiative de cette belle action \u00e9ducative a \u00e9t\u00e9 agr\u00e9ablement \u00e9pat\u00e9 par la capacit\u00e9 des \u00e9l\u00e8ves \u00e0 s\u2019engager, \u00e0 s\u2019entraider et \u00e0 s\u2019ouvrir aux autres sur les diff\u00e9rents ateliers pratiques (pon\u00e7age\/peinture\/kit d\u2019implants\/tra\u00e7age ou encore mise en place des filets) <\/span><\/p>\r\n<p class=\"p1\"><span class=\"s2\">Les objectifs p\u00e9dagogiques \u00e9taient de: <\/span><\/p>\r\n<p class=\"p1\"><span class=\"s1\">\u27a1\ufe0f<\/span><span class=\"s2\"> Favoriser et encourager l\u2019engagement b\u00e9n\u00e9vole et du volontariat<\/span><\/p>\r\n<p class=\"p1\"><span class=\"s1\">\u27a1\ufe0f<\/span><span class=\"s2\"> Participer, contribuer et impliquer les \u00e9l\u00e8ves \u00e0 l\u2019am\u00e9lioration des installations sportives (valorisation\/reconnaissance) <\/span><\/p>\r\n<p class=\"p1\"><span class=\"s1\">\u27a1\ufe0f<\/span><span class=\"s2\"> Cr\u00e9er une dynamique de vivre ensemble en favorisant un sentiment d\u2019appartenance et de fiert\u00e9 (identit\u00e9 commune) <\/span><\/p>\r\n<p class=\"p1\"><span class=\"s1\">\u27a1\ufe0f<\/span><span class=\"s2\"> Se rassembler dans un contexte diff\u00e9rent et f\u00e9d\u00e9rer les \u00e9nergies positives <\/span><\/p>\r\n<p class=\"p1\"><span class=\"s1\">\u27a1\ufe0f<\/span><span class=\"s2\"> D\u00e9velopper le go\u00fbt de l\u2019effort et du travail \u00e0 travers des valeurs \u00e9ducatives et collectives <\/span><\/p>\r\n<p class=\"p1\"><span class=\"s2\">Des valeurs simples, essentielles et partag\u00e9es sur les diff\u00e9rentes pratiques de sports collectifs: L\u2019entraide, le partage, l\u2019esprit d\u2019\u00e9quipe et de coop\u00e9ration. <\/span><\/p>\r\n<p class=\"p1\"><span class=\"s2\">Apr\u00e8s les ateliers pratiques, les \u00e9l\u00e8ves ont pu participer \u00e0 une s\u00e9ance de relaxation avant de terminer la journ\u00e9e par un entra\u00eenement Futsal bien m\u00e9rit\u00e9 et un go\u00fbter offert par l\u2019\u00e9tablissement. <\/span><\/p>\r\n<p class=\"p1\"><span class=\"s2\">Merci \u00e9galement \u00e0 M. Rullier pour sa disponibilit\u00e9, son accompagnement et la mise \u00e0 disposition des outils. Un beau travail d\u2019\u00e9quipe sur ces 2 jours intenses et une action \u00e9ducative appr\u00e9ci\u00e9 des \u00e9l\u00e8ves. <\/span><\/p>\r\n<p class=\"p1\"><span class=\"s2\">Bravo \u00e0 tous pour votre engagement <\/span><span class=\"s1\">\ud83c\udf1f<\/span><\/p>\t\t\t\t\t\t\t\t<\/div>\n\t\t\t\t<\/div>\n\t\t\t\t\t<\/div>\n\t\t<\/div>\n\t\t\t\t\t<\/div>\n\t\t<\/section>\n\t\t\t\t<section class=\"elementor-section elementor-top-section elementor-element elementor-element-bf624ad elementor-section-boxed elementor-section-height-default elementor-section-height-default\" data-id=\"bf624ad\" data-element_type=\"section\" data-e-type=\"section\">\n\t\t\t\t\t\t<div class=\"elementor-container elementor-column-gap-default\">\n\t\t\t\t\t<div class=\"elementor-column elementor-col-100 elementor-top-column elementor-element elementor-element-b8deb26\" data-id=\"b8deb26\" data-element_type=\"column\" data-e-type=\"column\">\n\t\t\t<div class=\"elementor-widget-wrap elementor-element-populated\">\n\t\t\t\t\t\t<div class=\"elementor-element elementor-element-8993dd1 elementor-widget elementor-widget-gallery\" data-id=\"8993dd1\" data-element_type=\"widget\" data-e-type=\"widget\" data-settings=\"{&quot;aspect_ratio&quot;:&quot;16:9&quot;,&quot;lazyload&quot;:&quot;yes&quot;,&quot;gallery_layout&quot;:&quot;grid&quot;,&quot;columns&quot;:4,&quot;columns_tablet&quot;:2,&quot;columns_mobile&quot;:1,&quot;gap&quot;:{&quot;unit&quot;:&quot;px&quot;,&quot;size&quot;:10,&quot;sizes&quot;:[]},&quot;gap_tablet&quot;:{&quot;unit&quot;:&quot;px&quot;,&quot;size&quot;:10,&quot;sizes&quot;:[]},&quot;gap_mobile&quot;:{&quot;unit&quot;:&quot;px&quot;,&quot;size&quot;:10,&quot;sizes&quot;:[]},&quot;link_to&quot;:&quot;file&quot;,&quot;overlay_background&quot;:&quot;yes&quot;,&quot;content_hover_animation&quot;:&quot;fade-in&quot;}\" data-widget_type=\"gallery.default\">\n\t\t\t\t<div class=\"elementor-widget-container\">\n\t\t\t\t\t\t\t<div class=\"elementor-gallery__container\">\n\t\t\t\t\t\t\t<a class=\"e-gallery-item elementor-gallery-item elementor-animated-content\" href=\"https:\/\/www.stjb-delasalle.fr\/site\/wp-content\/uploads\/2022\/02\/AnyConv.com__20220207_080807843_iOS.jpg\" data-elementor-open-lightbox=\"yes\" data-elementor-lightbox-slideshow=\"all-8993dd1\" data-elementor-lightbox-title=\"AnyConv.com__20220207_080807843_iOS\" data-e-action-hash=\"#elementor-action%3Aaction%3Dlightbox%26settings%3DeyJpZCI6MTAzOTMsInVybCI6Imh0dHBzOlwvXC93d3cuc3RqYi1kZWxhc2FsbGUuZnJcL3NpdGVcL3dwLWNvbnRlbnRcL3VwbG9hZHNcLzIwMjJcLzAyXC9BbnlDb252LmNvbV9fMjAyMjAyMDdfMDgwODA3ODQzX2lPUy5qcGciLCJzbGlkZXNob3ciOiJhbGwtODk5M2RkMSJ9\">\n\t\t\t\t\t<div class=\"e-gallery-image elementor-gallery-item__image\" data-thumbnail=\"https:\/\/www.stjb-delasalle.fr\/site\/wp-content\/uploads\/2022\/02\/AnyConv.com__20220207_080807843_iOS-1536x1152.jpg\" data-width=\"1536\" data-height=\"1152\" alt=\"\" ><\/div>\n\t\t\t\t\t\t\t\t\t\t\t<div class=\"elementor-gallery-item__overlay\"><\/div>\n\t\t\t\t\t\t\t\t\t\t\t\t\t\t<\/a>\n\t\t\t\t\t\t\t<a class=\"e-gallery-item elementor-gallery-item elementor-animated-content\" href=\"https:\/\/www.stjb-delasalle.fr\/site\/wp-content\/uploads\/2022\/02\/AnyConv.com__20220207_090116728_iOS.jpg\" data-elementor-open-lightbox=\"yes\" data-elementor-lightbox-slideshow=\"all-8993dd1\" data-elementor-lightbox-title=\"AnyConv.com__20220207_090116728_iOS\" data-e-action-hash=\"#elementor-action%3Aaction%3Dlightbox%26settings%3DeyJpZCI6MTAzOTQsInVybCI6Imh0dHBzOlwvXC93d3cuc3RqYi1kZWxhc2FsbGUuZnJcL3NpdGVcL3dwLWNvbnRlbnRcL3VwbG9hZHNcLzIwMjJcLzAyXC9BbnlDb252LmNvbV9fMjAyMjAyMDdfMDkwMTE2NzI4X2lPUy5qcGciLCJzbGlkZXNob3ciOiJhbGwtODk5M2RkMSJ9\">\n\t\t\t\t\t<div class=\"e-gallery-image elementor-gallery-item__image\" data-thumbnail=\"https:\/\/www.stjb-delasalle.fr\/site\/wp-content\/uploads\/2022\/02\/AnyConv.com__20220207_090116728_iOS-1536x1152.jpg\" data-width=\"1536\" data-height=\"1152\" alt=\"\" ><\/div>\n\t\t\t\t\t\t\t\t\t\t\t<div class=\"elementor-gallery-item__overlay\"><\/div>\n\t\t\t\t\t\t\t\t\t\t\t\t\t\t<\/a>\n\t\t\t\t\t\t\t<a class=\"e-gallery-item elementor-gallery-item elementor-animated-content\" href=\"https:\/\/www.stjb-delasalle.fr\/site\/wp-content\/uploads\/2022\/02\/AnyConv.com__20220207_092403190_iOS.jpg\" data-elementor-open-lightbox=\"yes\" data-elementor-lightbox-slideshow=\"all-8993dd1\" data-elementor-lightbox-title=\"AnyConv.com__20220207_092403190_iOS\" data-e-action-hash=\"#elementor-action%3Aaction%3Dlightbox%26settings%3DeyJpZCI6MTAzOTUsInVybCI6Imh0dHBzOlwvXC93d3cuc3RqYi1kZWxhc2FsbGUuZnJcL3NpdGVcL3dwLWNvbnRlbnRcL3VwbG9hZHNcLzIwMjJcLzAyXC9BbnlDb252LmNvbV9fMjAyMjAyMDdfMDkyNDAzMTkwX2lPUy5qcGciLCJzbGlkZXNob3ciOiJhbGwtODk5M2RkMSJ9\">\n\t\t\t\t\t<div class=\"e-gallery-image elementor-gallery-item__image\" data-thumbnail=\"https:\/\/www.stjb-delasalle.fr\/site\/wp-content\/uploads\/2022\/02\/AnyConv.com__20220207_092403190_iOS-1536x1152.jpg\" data-width=\"1536\" data-height=\"1152\" alt=\"\" ><\/div>\n\t\t\t\t\t\t\t\t\t\t\t<div class=\"elementor-gallery-item__overlay\"><\/div>\n\t\t\t\t\t\t\t\t\t\t\t\t\t\t<\/a>\n\t\t\t\t\t\t\t<a class=\"e-gallery-item elementor-gallery-item elementor-animated-content\" href=\"https:\/\/www.stjb-delasalle.fr\/site\/wp-content\/uploads\/2022\/02\/AnyConv.com__20220207_093648181_iOS.jpg\" data-elementor-open-lightbox=\"yes\" data-elementor-lightbox-slideshow=\"all-8993dd1\" data-elementor-lightbox-title=\"AnyConv.com__20220207_093648181_iOS\" data-e-action-hash=\"#elementor-action%3Aaction%3Dlightbox%26settings%3DeyJpZCI6MTAzOTYsInVybCI6Imh0dHBzOlwvXC93d3cuc3RqYi1kZWxhc2FsbGUuZnJcL3NpdGVcL3dwLWNvbnRlbnRcL3VwbG9hZHNcLzIwMjJcLzAyXC9BbnlDb252LmNvbV9fMjAyMjAyMDdfMDkzNjQ4MTgxX2lPUy5qcGciLCJzbGlkZXNob3ciOiJhbGwtODk5M2RkMSJ9\">\n\t\t\t\t\t<div class=\"e-gallery-image elementor-gallery-item__image\" data-thumbnail=\"https:\/\/www.stjb-delasalle.fr\/site\/wp-content\/uploads\/2022\/02\/AnyConv.com__20220207_093648181_iOS-1536x1152.jpg\" data-width=\"1536\" data-height=\"1152\" alt=\"\" ><\/div>\n\t\t\t\t\t\t\t\t\t\t\t<div class=\"elementor-gallery-item__overlay\"><\/div>\n\t\t\t\t\t\t\t\t\t\t\t\t\t\t<\/a>\n\t\t\t\t\t\t\t<a class=\"e-gallery-item elementor-gallery-item elementor-animated-content\" href=\"https:\/\/www.stjb-delasalle.fr\/site\/wp-content\/uploads\/2022\/02\/AnyConv.com__20220207_132020958_iOS.jpg\" data-elementor-open-lightbox=\"yes\" data-elementor-lightbox-slideshow=\"all-8993dd1\" data-elementor-lightbox-title=\"AnyConv.com__20220207_132020958_iOS\" data-e-action-hash=\"#elementor-action%3Aaction%3Dlightbox%26settings%3DeyJpZCI6MTAzOTcsInVybCI6Imh0dHBzOlwvXC93d3cuc3RqYi1kZWxhc2FsbGUuZnJcL3NpdGVcL3dwLWNvbnRlbnRcL3VwbG9hZHNcLzIwMjJcLzAyXC9BbnlDb252LmNvbV9fMjAyMjAyMDdfMTMyMDIwOTU4X2lPUy5qcGciLCJzbGlkZXNob3ciOiJhbGwtODk5M2RkMSJ9\">\n\t\t\t\t\t<div class=\"e-gallery-image elementor-gallery-item__image\" data-thumbnail=\"https:\/\/www.stjb-delasalle.fr\/site\/wp-content\/uploads\/2022\/02\/AnyConv.com__20220207_132020958_iOS-1536x1152.jpg\" data-width=\"1536\" data-height=\"1152\" alt=\"\" ><\/div>\n\t\t\t\t\t\t\t\t\t\t\t<div class=\"elementor-gallery-item__overlay\"><\/div>\n\t\t\t\t\t\t\t\t\t\t\t\t\t\t<\/a>\n\t\t\t\t\t\t\t<a class=\"e-gallery-item elementor-gallery-item elementor-animated-content\" href=\"https:\/\/www.stjb-delasalle.fr\/site\/wp-content\/uploads\/2022\/02\/AnyConv.com__20220208_081929936_iOS.jpg\" data-elementor-open-lightbox=\"yes\" data-elementor-lightbox-slideshow=\"all-8993dd1\" data-elementor-lightbox-title=\"AnyConv.com__20220208_081929936_iOS\" data-e-action-hash=\"#elementor-action%3Aaction%3Dlightbox%26settings%3DeyJpZCI6MTAzOTgsInVybCI6Imh0dHBzOlwvXC93d3cuc3RqYi1kZWxhc2FsbGUuZnJcL3NpdGVcL3dwLWNvbnRlbnRcL3VwbG9hZHNcLzIwMjJcLzAyXC9BbnlDb252LmNvbV9fMjAyMjAyMDhfMDgxOTI5OTM2X2lPUy5qcGciLCJzbGlkZXNob3ciOiJhbGwtODk5M2RkMSJ9\">\n\t\t\t\t\t<div class=\"e-gallery-image elementor-gallery-item__image\" data-thumbnail=\"https:\/\/www.stjb-delasalle.fr\/site\/wp-content\/uploads\/2022\/02\/AnyConv.com__20220208_081929936_iOS-1536x1152.jpg\" data-width=\"1536\" data-height=\"1152\" alt=\"\" ><\/div>\n\t\t\t\t\t\t\t\t\t\t\t<div class=\"elementor-gallery-item__overlay\"><\/div>\n\t\t\t\t\t\t\t\t\t\t\t\t\t\t<\/a>\n\t\t\t\t\t\t\t<a class=\"e-gallery-item elementor-gallery-item elementor-animated-content\" href=\"https:\/\/www.stjb-delasalle.fr\/site\/wp-content\/uploads\/2022\/02\/AnyConv.com__20220208_091116962_iOS.jpg\" data-elementor-open-lightbox=\"yes\" data-elementor-lightbox-slideshow=\"all-8993dd1\" data-elementor-lightbox-title=\"AnyConv.com__20220208_091116962_iOS\" data-e-action-hash=\"#elementor-action%3Aaction%3Dlightbox%26settings%3DeyJpZCI6MTAzOTksInVybCI6Imh0dHBzOlwvXC93d3cuc3RqYi1kZWxhc2FsbGUuZnJcL3NpdGVcL3dwLWNvbnRlbnRcL3VwbG9hZHNcLzIwMjJcLzAyXC9BbnlDb252LmNvbV9fMjAyMjAyMDhfMDkxMTE2OTYyX2lPUy5qcGciLCJzbGlkZXNob3ciOiJhbGwtODk5M2RkMSJ9\">\n\t\t\t\t\t<div class=\"e-gallery-image elementor-gallery-item__image\" data-thumbnail=\"https:\/\/www.stjb-delasalle.fr\/site\/wp-content\/uploads\/2022\/02\/AnyConv.com__20220208_091116962_iOS-1152x1536.jpg\" data-width=\"1152\" data-height=\"1536\" alt=\"\" ><\/div>\n\t\t\t\t\t\t\t\t\t\t\t<div class=\"elementor-gallery-item__overlay\"><\/div>\n\t\t\t\t\t\t\t\t\t\t\t\t\t\t<\/a>\n\t\t\t\t\t\t\t<a class=\"e-gallery-item elementor-gallery-item elementor-animated-content\" href=\"https:\/\/www.stjb-delasalle.fr\/site\/wp-content\/uploads\/2022\/02\/AnyConv.com__20220208_091520700_iOS.jpg\" data-elementor-open-lightbox=\"yes\" data-elementor-lightbox-slideshow=\"all-8993dd1\" data-elementor-lightbox-title=\"AnyConv.com__20220208_091520700_iOS\" data-e-action-hash=\"#elementor-action%3Aaction%3Dlightbox%26settings%3DeyJpZCI6MTA0MDAsInVybCI6Imh0dHBzOlwvXC93d3cuc3RqYi1kZWxhc2FsbGUuZnJcL3NpdGVcL3dwLWNvbnRlbnRcL3VwbG9hZHNcLzIwMjJcLzAyXC9BbnlDb252LmNvbV9fMjAyMjAyMDhfMDkxNTIwNzAwX2lPUy5qcGciLCJzbGlkZXNob3ciOiJhbGwtODk5M2RkMSJ9\">\n\t\t\t\t\t<div class=\"e-gallery-image elementor-gallery-item__image\" data-thumbnail=\"https:\/\/www.stjb-delasalle.fr\/site\/wp-content\/uploads\/2022\/02\/AnyConv.com__20220208_091520700_iOS-1152x1536.jpg\" data-width=\"1152\" data-height=\"1536\" alt=\"\" ><\/div>\n\t\t\t\t\t\t\t\t\t\t\t<div class=\"elementor-gallery-item__overlay\"><\/div>\n\t\t\t\t\t\t\t\t\t\t\t\t\t\t<\/a>\n\t\t\t\t\t\t\t<a class=\"e-gallery-item elementor-gallery-item elementor-animated-content\" href=\"https:\/\/www.stjb-delasalle.fr\/site\/wp-content\/uploads\/2022\/02\/AnyConv.com__20220208_111003724_iOS.jpg\" data-elementor-open-lightbox=\"yes\" data-elementor-lightbox-slideshow=\"all-8993dd1\" data-elementor-lightbox-title=\"AnyConv.com__20220208_111003724_iOS\" data-e-action-hash=\"#elementor-action%3Aaction%3Dlightbox%26settings%3DeyJpZCI6MTA0MDEsInVybCI6Imh0dHBzOlwvXC93d3cuc3RqYi1kZWxhc2FsbGUuZnJcL3NpdGVcL3dwLWNvbnRlbnRcL3VwbG9hZHNcLzIwMjJcLzAyXC9BbnlDb252LmNvbV9fMjAyMjAyMDhfMTExMDAzNzI0X2lPUy5qcGciLCJzbGlkZXNob3ciOiJhbGwtODk5M2RkMSJ9\">\n\t\t\t\t\t<div class=\"e-gallery-image elementor-gallery-item__image\" data-thumbnail=\"https:\/\/www.stjb-delasalle.fr\/site\/wp-content\/uploads\/2022\/02\/AnyConv.com__20220208_111003724_iOS-1536x1152.jpg\" data-width=\"1536\" data-height=\"1152\" alt=\"\" ><\/div>\n\t\t\t\t\t\t\t\t\t\t\t<div class=\"elementor-gallery-item__overlay\"><\/div>\n\t\t\t\t\t\t\t\t\t\t\t\t\t\t<\/a>\n\t\t\t\t\t\t\t<a class=\"e-gallery-item elementor-gallery-item elementor-animated-content\" href=\"https:\/\/www.stjb-delasalle.fr\/site\/wp-content\/uploads\/2022\/02\/AnyConv.com__20220208_131018135_iOS.jpg\" data-elementor-open-lightbox=\"yes\" data-elementor-lightbox-slideshow=\"all-8993dd1\" data-elementor-lightbox-title=\"AnyConv.com__20220208_131018135_iOS\" data-e-action-hash=\"#elementor-action%3Aaction%3Dlightbox%26settings%3DeyJpZCI6MTA0MDIsInVybCI6Imh0dHBzOlwvXC93d3cuc3RqYi1kZWxhc2FsbGUuZnJcL3NpdGVcL3dwLWNvbnRlbnRcL3VwbG9hZHNcLzIwMjJcLzAyXC9BbnlDb252LmNvbV9fMjAyMjAyMDhfMTMxMDE4MTM1X2lPUy5qcGciLCJzbGlkZXNob3ciOiJhbGwtODk5M2RkMSJ9\">\n\t\t\t\t\t<div class=\"e-gallery-image elementor-gallery-item__image\" data-thumbnail=\"https:\/\/www.stjb-delasalle.fr\/site\/wp-content\/uploads\/2022\/02\/AnyConv.com__20220208_131018135_iOS-1536x1152.jpg\" data-width=\"1536\" data-height=\"1152\" alt=\"\" ><\/div>\n\t\t\t\t\t\t\t\t\t\t\t<div class=\"elementor-gallery-item__overlay\"><\/div>\n\t\t\t\t\t\t\t\t\t\t\t\t\t\t<\/a>\n\t\t\t\t\t\t\t<a class=\"e-gallery-item elementor-gallery-item elementor-animated-content\" href=\"https:\/\/www.stjb-delasalle.fr\/site\/wp-content\/uploads\/2022\/02\/AnyConv.com__20220208_133045121_iOS.jpg\" data-elementor-open-lightbox=\"yes\" data-elementor-lightbox-slideshow=\"all-8993dd1\" data-elementor-lightbox-title=\"AnyConv.com__20220208_133045121_iOS\" data-e-action-hash=\"#elementor-action%3Aaction%3Dlightbox%26settings%3DeyJpZCI6MTA0MDMsInVybCI6Imh0dHBzOlwvXC93d3cuc3RqYi1kZWxhc2FsbGUuZnJcL3NpdGVcL3dwLWNvbnRlbnRcL3VwbG9hZHNcLzIwMjJcLzAyXC9BbnlDb252LmNvbV9fMjAyMjAyMDhfMTMzMDQ1MTIxX2lPUy5qcGciLCJzbGlkZXNob3ciOiJhbGwtODk5M2RkMSJ9\">\n\t\t\t\t\t<div class=\"e-gallery-image elementor-gallery-item__image\" data-thumbnail=\"https:\/\/www.stjb-delasalle.fr\/site\/wp-content\/uploads\/2022\/02\/AnyConv.com__20220208_133045121_iOS-1536x1152.jpg\" data-width=\"1536\" data-height=\"1152\" alt=\"\" ><\/div>\n\t\t\t\t\t\t\t\t\t\t\t<div class=\"elementor-gallery-item__overlay\"><\/div>\n\t\t\t\t\t\t\t\t\t\t\t\t\t\t<\/a>\n\t\t\t\t\t\t\t<a class=\"e-gallery-item elementor-gallery-item elementor-animated-content\" href=\"https:\/\/www.stjb-delasalle.fr\/site\/wp-content\/uploads\/2022\/02\/AnyConv.com__20220208_134236962_iOS.jpg\" data-elementor-open-lightbox=\"yes\" data-elementor-lightbox-slideshow=\"all-8993dd1\" data-elementor-lightbox-title=\"AnyConv.com__20220208_134236962_iOS\" data-e-action-hash=\"#elementor-action%3Aaction%3Dlightbox%26settings%3DeyJpZCI6MTA0MDQsInVybCI6Imh0dHBzOlwvXC93d3cuc3RqYi1kZWxhc2FsbGUuZnJcL3NpdGVcL3dwLWNvbnRlbnRcL3VwbG9hZHNcLzIwMjJcLzAyXC9BbnlDb252LmNvbV9fMjAyMjAyMDhfMTM0MjM2OTYyX2lPUy5qcGciLCJzbGlkZXNob3ciOiJhbGwtODk5M2RkMSJ9\">\n\t\t\t\t\t<div class=\"e-gallery-image elementor-gallery-item__image\" data-thumbnail=\"https:\/\/www.stjb-delasalle.fr\/site\/wp-content\/uploads\/2022\/02\/AnyConv.com__20220208_134236962_iOS-1536x1152.jpg\" data-width=\"1536\" data-height=\"1152\" alt=\"\" ><\/div>\n\t\t\t\t\t\t\t\t\t\t\t<div class=\"elementor-gallery-item__overlay\"><\/div>\n\t\t\t\t\t\t\t\t\t\t\t\t\t\t<\/a>\n\t\t\t\t\t<\/div>\n\t\t\t\t\t<\/div>\n\t\t\t\t<\/div>\n\t\t\t\t\t<\/div>\n\t\t<\/div>\n\t\t\t\t\t<\/div>\n\t\t<\/section>\n\t\t\t\t<\/div>\n\t\t","protected":false},"excerpt":{"rendered":"<p>Les \u00e9l\u00e8ves 4\u00e8me et 5\u00e8me de l\u2019option Football ont pu participer \u00e0 une journ\u00e9e citoyenne dans le but d\u2019am\u00e9liorer les installations sportives ext\u00e9rieures du coll\u00e8ge. M. L\u2019hyver, \u00e0 l\u2019initiative de cette belle action \u00e9ducative a \u00e9t\u00e9 agr\u00e9ablement \u00e9pat\u00e9 par la capacit\u00e9 des \u00e9l\u00e8ves \u00e0 s\u2019engager, \u00e0 s\u2019entraider et \u00e0 s\u2019ouvrir aux autres sur les diff\u00e9rents [&hellip;]<\/p>\n","protected":false},"author":1,"featured_media":10378,"comment_status":"open","ping_status":"open","sticky":false,"template":"","format":"standard","meta":{"site-sidebar-layout":"default","site-content-layout":"default","ast-site-content-layout":"default","site-content-style":"default","site-sidebar-style":"default","ast-global-header-display":"","ast-banner-title-visibility":"","ast-main-header-display":"","ast-hfb-above-header-display":"","ast-hfb-below-header-display":"","ast-hfb-mobile-header-display":"","site-post-title":"","ast-breadcrumbs-content":"","ast-featured-img":"","footer-sml-layout":"","ast-disable-related-posts":"","theme-transparent-header-meta":"default","adv-header-id-meta":"","stick-header-meta":"","header-above-stick-meta":"","header-main-stick-meta":"","header-below-stick-meta":"","astra-migrate-meta-layouts":"default","ast-page-background-enabled":"default","ast-page-background-meta":{"desktop":{"background-color":"var(--ast-global-color-4)","background-image":"","background-repeat":"repeat","background-position":"center center","background-size":"auto","background-attachment":"scroll","background-type":"","background-media":"","overlay-type":"","overlay-color":"","overlay-opacity":"","overlay-gradient":""},"tablet":{"background-color":"","background-image":"","background-repeat":"repeat","background-position":"center center","background-size":"auto","background-attachment":"scroll","background-type":"","background-media":"","overlay-type":"","overlay-color":"","overlay-opacity":"","overlay-gradient":""},"mobile":{"background-color":"","background-image":"","background-repeat":"repeat","background-position":"center center","background-size":"auto","background-attachment":"scroll","background-type":"","background-media":"","overlay-type":"","overlay-color":"","overlay-opacity":"","overlay-gradient":""}},"ast-content-background-meta":{"desktop":{"background-color":"var(--ast-global-color-5)","background-image":"","background-repeat":"repeat","background-position":"center center","background-size":"auto","background-attachment":"scroll","background-type":"","background-media":"","overlay-type":"","overlay-color":"","overlay-opacity":"","overlay-gradient":""},"tablet":{"background-color":"var(--ast-global-color-5)","background-image":"","background-repeat":"repeat","background-position":"center center","background-size":"auto","background-attachment":"scroll","background-type":"","background-media":"","overlay-type":"","overlay-color":"","overlay-opacity":"","overlay-gradient":""},"mobile":{"background-color":"var(--ast-global-color-5)","background-image":"","background-repeat":"repeat","background-position":"center center","background-size":"auto","background-attachment":"scroll","background-type":"","background-media":"","overlay-type":"","overlay-color":"","overlay-opacity":"","overlay-gradient":""}},"footnotes":""},"categories":[6],"tags":[],"class_list":["post-10377","post","type-post","status-publish","format-standard","has-post-thumbnail","hentry","category-college"],"yoast_head":"<!-- This site is optimized with the Yoast SEO plugin v27.5 - https:\/\/yoast.com\/product\/yoast-seo-wordpress\/ -->\n<title>\ud83c\udf40\ud83c\uddeb\ud83c\uddf7 Deux belles journ\u00e9es Citoyennes au coll\u00e8ge Saint Jean Baptiste de La Salle - Coll\u00e8ge Saint Jean Baptiste de La Salle<\/title>\n<meta name=\"robots\" content=\"index, follow, max-snippet:-1, max-image-preview:large, max-video-preview:-1\" \/>\n<link rel=\"canonical\" href=\"https:\/\/www.stjb-delasalle.fr\/site\/2022\/02\/09\/\ud83c\udf40\ud83c\uddeb\ud83c\uddf7-deux-belles-journees-citoyennes-au-college-saint-jean-baptiste-de-la-salle\/\" \/>\n<meta property=\"og:locale\" content=\"fr_FR\" \/>\n<meta property=\"og:type\" content=\"article\" \/>\n<meta property=\"og:title\" content=\"\ud83c\udf40\ud83c\uddeb\ud83c\uddf7 Deux belles journ\u00e9es Citoyennes au coll\u00e8ge Saint Jean Baptiste de La Salle - Coll\u00e8ge Saint Jean Baptiste de La Salle\" \/>\n<meta property=\"og:description\" content=\"Les \u00e9l\u00e8ves 4\u00e8me et 5\u00e8me de l\u2019option Football ont pu participer \u00e0 une journ\u00e9e citoyenne dans le but d\u2019am\u00e9liorer les installations sportives ext\u00e9rieures du coll\u00e8ge. M. L\u2019hyver, \u00e0 l\u2019initiative de cette belle action \u00e9ducative a \u00e9t\u00e9 agr\u00e9ablement \u00e9pat\u00e9 par la capacit\u00e9 des \u00e9l\u00e8ves \u00e0 s\u2019engager, \u00e0 s\u2019entraider et \u00e0 s\u2019ouvrir aux autres sur les diff\u00e9rents [&hellip;]\" \/>\n<meta property=\"og:url\" content=\"https:\/\/www.stjb-delasalle.fr\/site\/2022\/02\/09\/\ud83c\udf40\ud83c\uddeb\ud83c\uddf7-deux-belles-journees-citoyennes-au-college-saint-jean-baptiste-de-la-salle\/\" \/>\n<meta property=\"og:site_name\" content=\"Coll\u00e8ge Saint Jean Baptiste de La Salle\" \/>\n<meta property=\"article:published_time\" content=\"2022-02-09T05:06:28+00:00\" \/>\n<meta property=\"article:modified_time\" content=\"2022-02-09T09:42:30+00:00\" \/>\n<meta property=\"og:image\" content=\"https:\/\/www.stjb-delasalle.fr\/site\/wp-content\/uploads\/2022\/02\/DAEF80C7-3C66-46A8-BE98-99843E3961F5.jpeg\" \/>\n\t<meta property=\"og:image:width\" content=\"1920\" \/>\n\t<meta property=\"og:image:height\" content=\"1440\" \/>\n\t<meta property=\"og:image:type\" content=\"image\/jpeg\" \/>\n<meta name=\"author\" content=\"r.zucchetti\" \/>\n<meta name=\"twitter:card\" content=\"summary_large_image\" \/>\n<meta name=\"twitter:label1\" content=\"\u00c9crit par\" \/>\n\t<meta name=\"twitter:data1\" content=\"r.zucchetti\" \/>\n\t<meta name=\"twitter:label2\" content=\"Dur\u00e9e de lecture estim\u00e9e\" \/>\n\t<meta name=\"twitter:data2\" content=\"1 minute\" \/>\n<script type=\"application\/ld+json\" class=\"yoast-schema-graph\">{\"@context\":\"https:\\\/\\\/schema.org\",\"@graph\":[{\"@type\":\"Article\",\"@id\":\"https:\\\/\\\/www.stjb-delasalle.fr\\\/site\\\/2022\\\/02\\\/09\\\/%f0%9f%8d%80%f0%9f%87%ab%f0%9f%87%b7-deux-belles-journees-citoyennes-au-college-saint-jean-baptiste-de-la-salle\\\/#article\",\"isPartOf\":{\"@id\":\"https:\\\/\\\/www.stjb-delasalle.fr\\\/site\\\/2022\\\/02\\\/09\\\/%f0%9f%8d%80%f0%9f%87%ab%f0%9f%87%b7-deux-belles-journees-citoyennes-au-college-saint-jean-baptiste-de-la-salle\\\/\"},\"author\":{\"name\":\"r.zucchetti\",\"@id\":\"https:\\\/\\\/www.stjb-delasalle.fr\\\/site\\\/#\\\/schema\\\/person\\\/36988a7b4178dd69b805a25eea2b8f8f\"},\"headline\":\"\ud83c\udf40\ud83c\uddeb\ud83c\uddf7 Deux belles journ\u00e9es Citoyennes au coll\u00e8ge Saint Jean Baptiste de La Salle\",\"datePublished\":\"2022-02-09T05:06:28+00:00\",\"dateModified\":\"2022-02-09T09:42:30+00:00\",\"mainEntityOfPage\":{\"@id\":\"https:\\\/\\\/www.stjb-delasalle.fr\\\/site\\\/2022\\\/02\\\/09\\\/%f0%9f%8d%80%f0%9f%87%ab%f0%9f%87%b7-deux-belles-journees-citoyennes-au-college-saint-jean-baptiste-de-la-salle\\\/\"},\"wordCount\":280,\"commentCount\":0,\"publisher\":{\"@id\":\"https:\\\/\\\/www.stjb-delasalle.fr\\\/site\\\/#organization\"},\"image\":{\"@id\":\"https:\\\/\\\/www.stjb-delasalle.fr\\\/site\\\/2022\\\/02\\\/09\\\/%f0%9f%8d%80%f0%9f%87%ab%f0%9f%87%b7-deux-belles-journees-citoyennes-au-college-saint-jean-baptiste-de-la-salle\\\/#primaryimage\"},\"thumbnailUrl\":\"https:\\\/\\\/www.stjb-delasalle.fr\\\/site\\\/wp-content\\\/uploads\\\/2022\\\/02\\\/DAEF80C7-3C66-46A8-BE98-99843E3961F5.jpeg\",\"articleSection\":[\"Coll\u00e8ge\"],\"inLanguage\":\"fr-FR\",\"potentialAction\":[{\"@type\":\"CommentAction\",\"name\":\"Comment\",\"target\":[\"https:\\\/\\\/www.stjb-delasalle.fr\\\/site\\\/2022\\\/02\\\/09\\\/%f0%9f%8d%80%f0%9f%87%ab%f0%9f%87%b7-deux-belles-journees-citoyennes-au-college-saint-jean-baptiste-de-la-salle\\\/#respond\"]}]},{\"@type\":\"WebPage\",\"@id\":\"https:\\\/\\\/www.stjb-delasalle.fr\\\/site\\\/2022\\\/02\\\/09\\\/%f0%9f%8d%80%f0%9f%87%ab%f0%9f%87%b7-deux-belles-journees-citoyennes-au-college-saint-jean-baptiste-de-la-salle\\\/\",\"url\":\"https:\\\/\\\/www.stjb-delasalle.fr\\\/site\\\/2022\\\/02\\\/09\\\/%f0%9f%8d%80%f0%9f%87%ab%f0%9f%87%b7-deux-belles-journees-citoyennes-au-college-saint-jean-baptiste-de-la-salle\\\/\",\"name\":\"\ud83c\udf40\ud83c\uddeb\ud83c\uddf7 Deux belles journ\u00e9es Citoyennes au coll\u00e8ge Saint Jean Baptiste de La Salle - Coll\u00e8ge Saint Jean Baptiste de La Salle\",\"isPartOf\":{\"@id\":\"https:\\\/\\\/www.stjb-delasalle.fr\\\/site\\\/#website\"},\"primaryImageOfPage\":{\"@id\":\"https:\\\/\\\/www.stjb-delasalle.fr\\\/site\\\/2022\\\/02\\\/09\\\/%f0%9f%8d%80%f0%9f%87%ab%f0%9f%87%b7-deux-belles-journees-citoyennes-au-college-saint-jean-baptiste-de-la-salle\\\/#primaryimage\"},\"image\":{\"@id\":\"https:\\\/\\\/www.stjb-delasalle.fr\\\/site\\\/2022\\\/02\\\/09\\\/%f0%9f%8d%80%f0%9f%87%ab%f0%9f%87%b7-deux-belles-journees-citoyennes-au-college-saint-jean-baptiste-de-la-salle\\\/#primaryimage\"},\"thumbnailUrl\":\"https:\\\/\\\/www.stjb-delasalle.fr\\\/site\\\/wp-content\\\/uploads\\\/2022\\\/02\\\/DAEF80C7-3C66-46A8-BE98-99843E3961F5.jpeg\",\"datePublished\":\"2022-02-09T05:06:28+00:00\",\"dateModified\":\"2022-02-09T09:42:30+00:00\",\"breadcrumb\":{\"@id\":\"https:\\\/\\\/www.stjb-delasalle.fr\\\/site\\\/2022\\\/02\\\/09\\\/%f0%9f%8d%80%f0%9f%87%ab%f0%9f%87%b7-deux-belles-journees-citoyennes-au-college-saint-jean-baptiste-de-la-salle\\\/#breadcrumb\"},\"inLanguage\":\"fr-FR\",\"potentialAction\":[{\"@type\":\"ReadAction\",\"target\":[\"https:\\\/\\\/www.stjb-delasalle.fr\\\/site\\\/2022\\\/02\\\/09\\\/%f0%9f%8d%80%f0%9f%87%ab%f0%9f%87%b7-deux-belles-journees-citoyennes-au-college-saint-jean-baptiste-de-la-salle\\\/\"]}]},{\"@type\":\"ImageObject\",\"inLanguage\":\"fr-FR\",\"@id\":\"https:\\\/\\\/www.stjb-delasalle.fr\\\/site\\\/2022\\\/02\\\/09\\\/%f0%9f%8d%80%f0%9f%87%ab%f0%9f%87%b7-deux-belles-journees-citoyennes-au-college-saint-jean-baptiste-de-la-salle\\\/#primaryimage\",\"url\":\"https:\\\/\\\/www.stjb-delasalle.fr\\\/site\\\/wp-content\\\/uploads\\\/2022\\\/02\\\/DAEF80C7-3C66-46A8-BE98-99843E3961F5.jpeg\",\"contentUrl\":\"https:\\\/\\\/www.stjb-delasalle.fr\\\/site\\\/wp-content\\\/uploads\\\/2022\\\/02\\\/DAEF80C7-3C66-46A8-BE98-99843E3961F5.jpeg\",\"width\":1920,\"height\":1440},{\"@type\":\"BreadcrumbList\",\"@id\":\"https:\\\/\\\/www.stjb-delasalle.fr\\\/site\\\/2022\\\/02\\\/09\\\/%f0%9f%8d%80%f0%9f%87%ab%f0%9f%87%b7-deux-belles-journees-citoyennes-au-college-saint-jean-baptiste-de-la-salle\\\/#breadcrumb\",\"itemListElement\":[{\"@type\":\"ListItem\",\"position\":1,\"name\":\"Accueil\",\"item\":\"https:\\\/\\\/www.stjb-delasalle.fr\\\/site\\\/\"},{\"@type\":\"ListItem\",\"position\":2,\"name\":\"??? Deux belles journ\u00e9es Citoyennes au coll\u00e8ge Saint Jean Baptiste de La Salle\"}]},{\"@type\":\"WebSite\",\"@id\":\"https:\\\/\\\/www.stjb-delasalle.fr\\\/site\\\/#website\",\"url\":\"https:\\\/\\\/www.stjb-delasalle.fr\\\/site\\\/\",\"name\":\"Coll\u00e8ge Saint Jean Baptiste de La Salle\",\"description\":\"Notre coll\u00e8ge vous accueille sur le site du Rancher \u00e0 Teloch\u00e9\",\"publisher\":{\"@id\":\"https:\\\/\\\/www.stjb-delasalle.fr\\\/site\\\/#organization\"},\"potentialAction\":[{\"@type\":\"SearchAction\",\"target\":{\"@type\":\"EntryPoint\",\"urlTemplate\":\"https:\\\/\\\/www.stjb-delasalle.fr\\\/site\\\/?s={search_term_string}\"},\"query-input\":{\"@type\":\"PropertyValueSpecification\",\"valueRequired\":true,\"valueName\":\"search_term_string\"}}],\"inLanguage\":\"fr-FR\"},{\"@type\":\"Organization\",\"@id\":\"https:\\\/\\\/www.stjb-delasalle.fr\\\/site\\\/#organization\",\"name\":\"Coll\u00e8ge Saint Jean Baptiste de La Salle\",\"url\":\"https:\\\/\\\/www.stjb-delasalle.fr\\\/site\\\/\",\"logo\":{\"@type\":\"ImageObject\",\"inLanguage\":\"fr-FR\",\"@id\":\"https:\\\/\\\/www.stjb-delasalle.fr\\\/site\\\/#\\\/schema\\\/logo\\\/image\\\/\",\"url\":\"https:\\\/\\\/www.stjb-delasalle.fr\\\/site\\\/wp-content\\\/uploads\\\/2021\\\/11\\\/logostjb_petit_transp.png\",\"contentUrl\":\"https:\\\/\\\/www.stjb-delasalle.fr\\\/site\\\/wp-content\\\/uploads\\\/2021\\\/11\\\/logostjb_petit_transp.png\",\"width\":180,\"height\":127,\"caption\":\"Coll\u00e8ge Saint Jean Baptiste de La Salle\"},\"image\":{\"@id\":\"https:\\\/\\\/www.stjb-delasalle.fr\\\/site\\\/#\\\/schema\\\/logo\\\/image\\\/\"}},{\"@type\":\"Person\",\"@id\":\"https:\\\/\\\/www.stjb-delasalle.fr\\\/site\\\/#\\\/schema\\\/person\\\/36988a7b4178dd69b805a25eea2b8f8f\",\"name\":\"r.zucchetti\",\"image\":{\"@type\":\"ImageObject\",\"inLanguage\":\"fr-FR\",\"@id\":\"https:\\\/\\\/secure.gravatar.com\\\/avatar\\\/de909cd474d221f967baff6582e1e559c4977b81139138190583ff7dda97b212?s=96&d=mm&r=g\",\"url\":\"https:\\\/\\\/secure.gravatar.com\\\/avatar\\\/de909cd474d221f967baff6582e1e559c4977b81139138190583ff7dda97b212?s=96&d=mm&r=g\",\"contentUrl\":\"https:\\\/\\\/secure.gravatar.com\\\/avatar\\\/de909cd474d221f967baff6582e1e559c4977b81139138190583ff7dda97b212?s=96&d=mm&r=g\",\"caption\":\"r.zucchetti\"},\"sameAs\":[\"https:\\\/\\\/www.stjb-delasalle.fr\\\/site\"],\"url\":\"https:\\\/\\\/www.stjb-delasalle.fr\\\/site\\\/author\\\/r-zucchetti\\\/\"}]}<\/script>\n<!-- \/ Yoast SEO plugin. -->","yoast_head_json":{"title":"\ud83c\udf40\ud83c\uddeb\ud83c\uddf7 Deux belles journ\u00e9es Citoyennes au coll\u00e8ge Saint Jean Baptiste de La Salle - Coll\u00e8ge Saint Jean Baptiste de La Salle","robots":{"index":"index","follow":"follow","max-snippet":"max-snippet:-1","max-image-preview":"max-image-preview:large","max-video-preview":"max-video-preview:-1"},"canonical":"https:\/\/www.stjb-delasalle.fr\/site\/2022\/02\/09\/\ud83c\udf40\ud83c\uddeb\ud83c\uddf7-deux-belles-journees-citoyennes-au-college-saint-jean-baptiste-de-la-salle\/","og_locale":"fr_FR","og_type":"article","og_title":"\ud83c\udf40\ud83c\uddeb\ud83c\uddf7 Deux belles journ\u00e9es Citoyennes au coll\u00e8ge Saint Jean Baptiste de La Salle - Coll\u00e8ge Saint Jean Baptiste de La Salle","og_description":"Les \u00e9l\u00e8ves 4\u00e8me et 5\u00e8me de l\u2019option Football ont pu participer \u00e0 une journ\u00e9e citoyenne dans le but d\u2019am\u00e9liorer les installations sportives ext\u00e9rieures du coll\u00e8ge. M. L\u2019hyver, \u00e0 l\u2019initiative de cette belle action \u00e9ducative a \u00e9t\u00e9 agr\u00e9ablement \u00e9pat\u00e9 par la capacit\u00e9 des \u00e9l\u00e8ves \u00e0 s\u2019engager, \u00e0 s\u2019entraider et \u00e0 s\u2019ouvrir aux autres sur les diff\u00e9rents [&hellip;]","og_url":"https:\/\/www.stjb-delasalle.fr\/site\/2022\/02\/09\/\ud83c\udf40\ud83c\uddeb\ud83c\uddf7-deux-belles-journees-citoyennes-au-college-saint-jean-baptiste-de-la-salle\/","og_site_name":"Coll\u00e8ge Saint Jean Baptiste de La Salle","article_published_time":"2022-02-09T05:06:28+00:00","article_modified_time":"2022-02-09T09:42:30+00:00","og_image":[{"width":1920,"height":1440,"url":"https:\/\/www.stjb-delasalle.fr\/site\/wp-content\/uploads\/2022\/02\/DAEF80C7-3C66-46A8-BE98-99843E3961F5.jpeg","type":"image\/jpeg"}],"author":"r.zucchetti","twitter_card":"summary_large_image","twitter_misc":{"\u00c9crit par":"r.zucchetti","Dur\u00e9e de lecture estim\u00e9e":"1 minute"},"schema":{"@context":"https:\/\/schema.org","@graph":[{"@type":"Article","@id":"https:\/\/www.stjb-delasalle.fr\/site\/2022\/02\/09\/%f0%9f%8d%80%f0%9f%87%ab%f0%9f%87%b7-deux-belles-journees-citoyennes-au-college-saint-jean-baptiste-de-la-salle\/#article","isPartOf":{"@id":"https:\/\/www.stjb-delasalle.fr\/site\/2022\/02\/09\/%f0%9f%8d%80%f0%9f%87%ab%f0%9f%87%b7-deux-belles-journees-citoyennes-au-college-saint-jean-baptiste-de-la-salle\/"},"author":{"name":"r.zucchetti","@id":"https:\/\/www.stjb-delasalle.fr\/site\/#\/schema\/person\/36988a7b4178dd69b805a25eea2b8f8f"},"headline":"\ud83c\udf40\ud83c\uddeb\ud83c\uddf7 Deux belles journ\u00e9es Citoyennes au coll\u00e8ge Saint Jean Baptiste de La Salle","datePublished":"2022-02-09T05:06:28+00:00","dateModified":"2022-02-09T09:42:30+00:00","mainEntityOfPage":{"@id":"https:\/\/www.stjb-delasalle.fr\/site\/2022\/02\/09\/%f0%9f%8d%80%f0%9f%87%ab%f0%9f%87%b7-deux-belles-journees-citoyennes-au-college-saint-jean-baptiste-de-la-salle\/"},"wordCount":280,"commentCount":0,"publisher":{"@id":"https:\/\/www.stjb-delasalle.fr\/site\/#organization"},"image":{"@id":"https:\/\/www.stjb-delasalle.fr\/site\/2022\/02\/09\/%f0%9f%8d%80%f0%9f%87%ab%f0%9f%87%b7-deux-belles-journees-citoyennes-au-college-saint-jean-baptiste-de-la-salle\/#primaryimage"},"thumbnailUrl":"https:\/\/www.stjb-delasalle.fr\/site\/wp-content\/uploads\/2022\/02\/DAEF80C7-3C66-46A8-BE98-99843E3961F5.jpeg","articleSection":["Coll\u00e8ge"],"inLanguage":"fr-FR","potentialAction":[{"@type":"CommentAction","name":"Comment","target":["https:\/\/www.stjb-delasalle.fr\/site\/2022\/02\/09\/%f0%9f%8d%80%f0%9f%87%ab%f0%9f%87%b7-deux-belles-journees-citoyennes-au-college-saint-jean-baptiste-de-la-salle\/#respond"]}]},{"@type":"WebPage","@id":"https:\/\/www.stjb-delasalle.fr\/site\/2022\/02\/09\/%f0%9f%8d%80%f0%9f%87%ab%f0%9f%87%b7-deux-belles-journees-citoyennes-au-college-saint-jean-baptiste-de-la-salle\/","url":"https:\/\/www.stjb-delasalle.fr\/site\/2022\/02\/09\/%f0%9f%8d%80%f0%9f%87%ab%f0%9f%87%b7-deux-belles-journees-citoyennes-au-college-saint-jean-baptiste-de-la-salle\/","name":"\ud83c\udf40\ud83c\uddeb\ud83c\uddf7 Deux belles journ\u00e9es Citoyennes au coll\u00e8ge Saint Jean Baptiste de La Salle - Coll\u00e8ge Saint Jean Baptiste de La Salle","isPartOf":{"@id":"https:\/\/www.stjb-delasalle.fr\/site\/#website"},"primaryImageOfPage":{"@id":"https:\/\/www.stjb-delasalle.fr\/site\/2022\/02\/09\/%f0%9f%8d%80%f0%9f%87%ab%f0%9f%87%b7-deux-belles-journees-citoyennes-au-college-saint-jean-baptiste-de-la-salle\/#primaryimage"},"image":{"@id":"https:\/\/www.stjb-delasalle.fr\/site\/2022\/02\/09\/%f0%9f%8d%80%f0%9f%87%ab%f0%9f%87%b7-deux-belles-journees-citoyennes-au-college-saint-jean-baptiste-de-la-salle\/#primaryimage"},"thumbnailUrl":"https:\/\/www.stjb-delasalle.fr\/site\/wp-content\/uploads\/2022\/02\/DAEF80C7-3C66-46A8-BE98-99843E3961F5.jpeg","datePublished":"2022-02-09T05:06:28+00:00","dateModified":"2022-02-09T09:42:30+00:00","breadcrumb":{"@id":"https:\/\/www.stjb-delasalle.fr\/site\/2022\/02\/09\/%f0%9f%8d%80%f0%9f%87%ab%f0%9f%87%b7-deux-belles-journees-citoyennes-au-college-saint-jean-baptiste-de-la-salle\/#breadcrumb"},"inLanguage":"fr-FR","potentialAction":[{"@type":"ReadAction","target":["https:\/\/www.stjb-delasalle.fr\/site\/2022\/02\/09\/%f0%9f%8d%80%f0%9f%87%ab%f0%9f%87%b7-deux-belles-journees-citoyennes-au-college-saint-jean-baptiste-de-la-salle\/"]}]},{"@type":"ImageObject","inLanguage":"fr-FR","@id":"https:\/\/www.stjb-delasalle.fr\/site\/2022\/02\/09\/%f0%9f%8d%80%f0%9f%87%ab%f0%9f%87%b7-deux-belles-journees-citoyennes-au-college-saint-jean-baptiste-de-la-salle\/#primaryimage","url":"https:\/\/www.stjb-delasalle.fr\/site\/wp-content\/uploads\/2022\/02\/DAEF80C7-3C66-46A8-BE98-99843E3961F5.jpeg","contentUrl":"https:\/\/www.stjb-delasalle.fr\/site\/wp-content\/uploads\/2022\/02\/DAEF80C7-3C66-46A8-BE98-99843E3961F5.jpeg","width":1920,"height":1440},{"@type":"BreadcrumbList","@id":"https:\/\/www.stjb-delasalle.fr\/site\/2022\/02\/09\/%f0%9f%8d%80%f0%9f%87%ab%f0%9f%87%b7-deux-belles-journees-citoyennes-au-college-saint-jean-baptiste-de-la-salle\/#breadcrumb","itemListElement":[{"@type":"ListItem","position":1,"name":"Accueil","item":"https:\/\/www.stjb-delasalle.fr\/site\/"},{"@type":"ListItem","position":2,"name":"??? Deux belles journ\u00e9es Citoyennes au coll\u00e8ge Saint Jean Baptiste de La Salle"}]},{"@type":"WebSite","@id":"https:\/\/www.stjb-delasalle.fr\/site\/#website","url":"https:\/\/www.stjb-delasalle.fr\/site\/","name":"Coll\u00e8ge Saint Jean Baptiste de La Salle","description":"Notre coll\u00e8ge vous accueille sur le site du Rancher \u00e0 Teloch\u00e9","publisher":{"@id":"https:\/\/www.stjb-delasalle.fr\/site\/#organization"},"potentialAction":[{"@type":"SearchAction","target":{"@type":"EntryPoint","urlTemplate":"https:\/\/www.stjb-delasalle.fr\/site\/?s={search_term_string}"},"query-input":{"@type":"PropertyValueSpecification","valueRequired":true,"valueName":"search_term_string"}}],"inLanguage":"fr-FR"},{"@type":"Organization","@id":"https:\/\/www.stjb-delasalle.fr\/site\/#organization","name":"Coll\u00e8ge Saint Jean Baptiste de La Salle","url":"https:\/\/www.stjb-delasalle.fr\/site\/","logo":{"@type":"ImageObject","inLanguage":"fr-FR","@id":"https:\/\/www.stjb-delasalle.fr\/site\/#\/schema\/logo\/image\/","url":"https:\/\/www.stjb-delasalle.fr\/site\/wp-content\/uploads\/2021\/11\/logostjb_petit_transp.png","contentUrl":"https:\/\/www.stjb-delasalle.fr\/site\/wp-content\/uploads\/2021\/11\/logostjb_petit_transp.png","width":180,"height":127,"caption":"Coll\u00e8ge Saint Jean Baptiste de La Salle"},"image":{"@id":"https:\/\/www.stjb-delasalle.fr\/site\/#\/schema\/logo\/image\/"}},{"@type":"Person","@id":"https:\/\/www.stjb-delasalle.fr\/site\/#\/schema\/person\/36988a7b4178dd69b805a25eea2b8f8f","name":"r.zucchetti","image":{"@type":"ImageObject","inLanguage":"fr-FR","@id":"https:\/\/secure.gravatar.com\/avatar\/de909cd474d221f967baff6582e1e559c4977b81139138190583ff7dda97b212?s=96&d=mm&r=g","url":"https:\/\/secure.gravatar.com\/avatar\/de909cd474d221f967baff6582e1e559c4977b81139138190583ff7dda97b212?s=96&d=mm&r=g","contentUrl":"https:\/\/secure.gravatar.com\/avatar\/de909cd474d221f967baff6582e1e559c4977b81139138190583ff7dda97b212?s=96&d=mm&r=g","caption":"r.zucchetti"},"sameAs":["https:\/\/www.stjb-delasalle.fr\/site"],"url":"https:\/\/www.stjb-delasalle.fr\/site\/author\/r-zucchetti\/"}]}},"_links":{"self":[{"href":"https:\/\/www.stjb-delasalle.fr\/site\/wp-json\/wp\/v2\/posts\/10377","targetHints":{"allow":["GET"]}}],"collection":[{"href":"https:\/\/www.stjb-delasalle.fr\/site\/wp-json\/wp\/v2\/posts"}],"about":[{"href":"https:\/\/www.stjb-delasalle.fr\/site\/wp-json\/wp\/v2\/types\/post"}],"author":[{"embeddable":true,"href":"https:\/\/www.stjb-delasalle.fr\/site\/wp-json\/wp\/v2\/users\/1"}],"replies":[{"embeddable":true,"href":"https:\/\/www.stjb-delasalle.fr\/site\/wp-json\/wp\/v2\/comments?post=10377"}],"version-history":[{"count":4,"href":"https:\/\/www.stjb-delasalle.fr\/site\/wp-json\/wp\/v2\/posts\/10377\/revisions"}],"predecessor-version":[{"id":10407,"href":"https:\/\/www.stjb-delasalle.fr\/site\/wp-json\/wp\/v2\/posts\/10377\/revisions\/10407"}],"wp:featuredmedia":[{"embeddable":true,"href":"https:\/\/www.stjb-delasalle.fr\/site\/wp-json\/wp\/v2\/media\/10378"}],"wp:attachment":[{"href":"https:\/\/www.stjb-delasalle.fr\/site\/wp-json\/wp\/v2\/media?parent=10377"}],"wp:term":[{"taxonomy":"category","embeddable":true,"href":"https:\/\/www.stjb-delasalle.fr\/site\/wp-json\/wp\/v2\/categories?post=10377"},{"taxonomy":"post_tag","embeddable":true,"href":"https:\/\/www.stjb-delasalle.fr\/site\/wp-json\/wp\/v2\/tags?post=10377"}],"curies":[{"name":"wp","href":"https:\/\/api.w.org\/{rel}","templated":true}]}}